{"id":125469,"date":"2025-12-25T10:51:09","date_gmt":"2025-12-25T10:51:09","guid":{"rendered":"https:\/\/www.europesays.com\/fi\/125469\/"},"modified":"2025-12-25T10:51:09","modified_gmt":"2025-12-25T10:51:09","slug":"kuvat-spice-girls-tahti-mel-b-ja-amerikkalaisnayttelija-alfonso-ribeiro-lapissa","status":"publish","type":"post","link":"https:\/\/www.europesays.com\/fi\/125469\/","title":{"rendered":"Kuvat: Spice Girls -t\u00e4hti Mel B ja amerikkalaisn\u00e4yttelij\u00e4 Alfonso Ribeiro Lapissa"},"content":{"rendered":"<p>Talven ihmemaa on houkutellut t\u00e4hti\u00e4.<\/p>\n<p class=\"article-body mb-nof-24 px-nof-16\">Lappi on taas kerran maailmant\u00e4htien suosiossa.<\/p>\n<p class=\"article-body mb-nof-24 px-nof-16\">Nyt sielt\u00e4 ovat julkaisseet kuvia ainakin Spice Girls -yhtyeest\u00e4 tuttu <a class=\"article-personlink\" href=\"https:\/\/www.is.fi\/haku\/?query=Mel%20B\" rel=\"nofollow noopener\" target=\"_blank\">Mel B<\/a> ja muun muassa Bel Airin prinssi -sarjassa n\u00e4ytellyt <a class=\"article-personlink\" href=\"https:\/\/www.is.fi\/haku\/?query=Alfonso%20Ribeiro\" rel=\"nofollow noopener\" target=\"_blank\">Alfonso Ribeiro<\/a>.<\/p>\n<p class=\"article-body mb-nof-24 px-nof-16\">Ex-spaissari on julkaissut <a class=\"underline underline-offset-[0.12em] [text-decoration-thickness:var(--generic-link-underline-thickness)] [text-decoration-color:var(--generic-link-underline-color)] [text-decoration-skip-ink:var(--generic-link-underline-skip-ink)] break-words\" href=\"https:\/\/www.instagram.com\/p\/DSqFJ2bDEab\/\" rel=\"nofollow noopener\" target=\"_blank\">Instagramissa<\/a> kuvan ruokap\u00f6yd\u00e4st\u00e4. Nelihenkiseen seurueeseen kuuluu muun muassa laulajan puoliso, parturi-kampaaja <a class=\"article-personlink\" href=\"https:\/\/www.is.fi\/haku\/?query=Rory%20McPhee\" rel=\"nofollow noopener\" target=\"_blank\">Rory McPhee<\/a>. H\u00e4n on my\u00f6s merkinnyt kuvaan useita Rovaniemen alueella sijaitsevia luksuslomakohteita.<\/p>\n<p class=\"article-body mb-nof-24 px-nof-16\">\u2013 Hyv\u00e4\u00e4 jouluaattoa meilt\u00e4 teille, laulaja kirjoittaa.<\/p>\n<p class=\"article-body mb-nof-24 px-nof-16\">Bel Airin prinssin Carltonina tunnettu Ribeiro on sen sijaan dokumentoinut Lapin-reissuaan huolellisemmin. Ensimm\u00e4inen p\u00e4ivitys on muutaman p\u00e4iv\u00e4n takaa. Ribeiro muun muassa kertoo kokeneensa Lapissa talvip\u00e4iv\u00e4nseisauksen.<\/p>\n<p class=\"article-body mb-nof-24 px-nof-16\">\u2013 Saimme ehk\u00e4 vain pari tuntia p\u00e4iv\u00e4nvaloa ja lyhyimm\u00e4n p\u00e4iv\u00e4n, mutta vietimme taatusti pisimm\u00e4n y\u00f6n t\u00e4ynn\u00e4 taikaa, h\u00e4n kirjoittaa <a class=\"underline underline-offset-[0.12em] [text-decoration-thickness:var(--generic-link-underline-thickness)] [text-decoration-color:var(--generic-link-underline-color)] [text-decoration-skip-ink:var(--generic-link-underline-skip-ink)] break-words\" href=\"https:\/\/www.instagram.com\/p\/DSk-fkIDgvt\/?hl=fi\" rel=\"nofollow noopener\" target=\"_blank\">videolla<\/a>.<\/p>\n<p class=\"article-body mb-nof-24 px-nof-16\">Videon perusteella talviy\u00f6 onkin pannut parastaan: Ribeiro on onnistunut saamaan useamman valokuvan leiskuvista revontulista.<\/p>\n<p class=\"article-body mb-nof-24 px-nof-16\">\u2013 Olen halunnut vierailla Lapissa jo vuosien ajan&#8230; Ja nyt olemme t\u00e4\u00e4ll\u00e4! Nipist\u00e4 minua. Ja jotenkin se onnistuu olemaan viel\u00e4 parempi kuin mit\u00e4 kuvittelin, ihan jo ensimm\u00e4isen 24 tunnin perusteella, Ribeiro <a class=\"underline underline-offset-[0.12em] [text-decoration-thickness:var(--generic-link-underline-thickness)] [text-decoration-color:var(--generic-link-underline-color)] [text-decoration-skip-ink:var(--generic-link-underline-skip-ink)] break-words\" href=\"https:\/\/www.instagram.com\/p\/DSkToB6DqEv\/?hl=fi\" rel=\"nofollow noopener\" target=\"_blank\">on kirjoittanut<\/a> pari p\u00e4iv\u00e4\u00e4 sitten.<\/p>\n<p class=\"article-body mb-nof-24 px-nof-16\">T\u00e4ll\u00e4 videolla Ribeiro perheineen on p\u00e4\u00e4ssyt ainakin sy\u00f6tt\u00e4m\u00e4\u00e4n poroille j\u00e4k\u00e4l\u00e4\u00e4, ihmettelem\u00e4\u00e4n piparkakkutalon n\u00e4k\u00f6isi\u00e4 lomam\u00f6kkej\u00e4, laskemaan j\u00e4\u00e4liukum\u00e4ke\u00e4 ja vierailemaan joulupukin pajalla. Ribeiron lapset p\u00e4\u00e4siv\u00e4t my\u00f6s kirjoittamaan joulupukille kirjeen. Moottorikelkallakin on ajettu.<\/p>\n<p class=\"article-body mb-nof-24 px-nof-16\">Ribeiro on julkaissut my\u00f6s <a class=\"underline underline-offset-[0.12em] [text-decoration-thickness:var(--generic-link-underline-thickness)] [text-decoration-color:var(--generic-link-underline-color)] [text-decoration-skip-ink:var(--generic-link-underline-skip-ink)] break-words\" href=\"https:\/\/www.instagram.com\/p\/DSrHerZD4xb\/?hl=fi\" rel=\"nofollow noopener\" target=\"_blank\">videon<\/a> lumilinnasta sek\u00e4 <a class=\"underline underline-offset-[0.12em] [text-decoration-thickness:var(--generic-link-underline-thickness)] [text-decoration-color:var(--generic-link-underline-color)] [text-decoration-skip-ink:var(--generic-link-underline-skip-ink)] break-words\" href=\"https:\/\/www.instagram.com\/p\/DSonjfEjiaU\/?hl=fi&amp;img_index=8\" rel=\"nofollow noopener\" target=\"_blank\">kuvia<\/a> moottorikelkka- ja porosafareilta.<\/p>\n<p class=\"article-body mb-nof-24 px-nof-16\">\u2013 T\u00e4llaisen p\u00e4iv\u00e4n muistaa ikuisesti, hullaantunut t\u00e4hti kirjoittaa.<\/p>\n<p class=\"article-body mb-nof-24 px-nof-16\">Hullaantuneita ovat olleet my\u00f6s t\u00e4hden fanit.<\/p>\n<p class=\"article-body mb-nof-24 px-nof-16\">\u2013 Mahtavaa! Kiitos, ett\u00e4 olet jakanut reissunne meid\u00e4n kanssamme.<\/p>\n<p class=\"article-body mb-nof-24 px-nof-16\">\u2013 N\u00e4ytt\u00e4\u00e4 niin hauskalta!<\/p>\n<p class=\"article-body mb-nof-24 px-nof-16\">\u2013 L\u00e4mmitt\u00e4\u00e4 syd\u00e4nt\u00e4ni, kun joku nauttii Pohjolasta n\u00e4in.<\/p>\n<p class=\"article-body mb-nof-24 px-nof-16\">\u2013 Miten uskomaton kokemus!<\/p>\n<p class=\"article-body mb-nof-24 px-nof-16\">Aiemmin my\u00f6s ainakin somet\u00e4hdet <a class=\"article-personlink\" href=\"https:\/\/www.is.fi\/haku\/?query=Lucinda%20Strafford\" rel=\"nofollow noopener\" target=\"_blank\">Lucinda Strafford<\/a> ja <a class=\"article-personlink\" href=\"https:\/\/www.is.fi\/haku\/?query=Molly%20Marsh\" rel=\"nofollow noopener\" target=\"_blank\">Molly Marsh<\/a> ovat julkaisseet kuvia Lapista.<\/p>\n<p class=\"article-body mb-nof-24 px-nof-16\">My\u00f6s esimerkiksi brittifutari <a class=\"article-personlink\" href=\"https:\/\/www.is.fi\/haku\/?query=Harry%20Kane\" rel=\"nofollow noopener\" target=\"_blank\">Harry Kane<\/a> on viett\u00e4nyt joulun aikaa Napapiirin ihmemaassa.<\/p>\n<p><script async src=\"\/\/www.instagram.com\/embed.js\"><\/script><\/p>\n","protected":false},"excerpt":{"rendered":"Talven ihmemaa on houkutellut t\u00e4hti\u00e4. Lappi on taas kerran maailmant\u00e4htien suosiossa. Nyt sielt\u00e4 ovat julkaisseet kuvia ainakin Spice&hellip;\n","protected":false},"author":2,"featured_media":125470,"comment_status":"","ping_status":"","sticky":false,"template":"","format":"standard","meta":{"footnotes":""},"categories":[136],"tags":[407,137,33,31,30,34,408,32,109],"class_list":{"0":"post-125469","1":"post","2":"type-post","3":"status-publish","4":"format-standard","5":"has-post-thumbnail","7":"category-julkkikset","8":"tag-celebrities","9":"tag-entertainment","10":"tag-fi","11":"tag-finland","12":"tag-finnish","13":"tag-ilta-sanomat","14":"tag-julkkikset","15":"tag-suomi","16":"tag-viihde"},"share_on_mastodon":{"url":"https:\/\/pubeurope.com\/@fi\/115779828657995753","error":""},"_links":{"self":[{"href":"https:\/\/www.europesays.com\/fi\/wp-json\/wp\/v2\/posts\/125469","targetHints":{"allow":["GET"]}}],"collection":[{"href":"https:\/\/www.europesays.com\/fi\/wp-json\/wp\/v2\/posts"}],"about":[{"href":"https:\/\/www.europesays.com\/fi\/wp-json\/wp\/v2\/types\/post"}],"author":[{"embeddable":true,"href":"https:\/\/www.europesays.com\/fi\/wp-json\/wp\/v2\/users\/2"}],"replies":[{"embeddable":true,"href":"https:\/\/www.europesays.com\/fi\/wp-json\/wp\/v2\/comments?post=125469"}],"version-history":[{"count":0,"href":"https:\/\/www.europesays.com\/fi\/wp-json\/wp\/v2\/posts\/125469\/revisions"}],"wp:featuredmedia":[{"embeddable":true,"href":"https:\/\/www.europesays.com\/fi\/wp-json\/wp\/v2\/media\/125470"}],"wp:attachment":[{"href":"https:\/\/www.europesays.com\/fi\/wp-json\/wp\/v2\/media?parent=125469"}],"wp:term":[{"taxonomy":"category","embeddable":true,"href":"https:\/\/www.europesays.com\/fi\/wp-json\/wp\/v2\/categories?post=125469"},{"taxonomy":"post_tag","embeddable":true,"href":"https:\/\/www.europesays.com\/fi\/wp-json\/wp\/v2\/tags?post=125469"}],"curies":[{"name":"wp","href":"https:\/\/api.w.org\/{rel}","templated":true}]}}