{"id":125475,"date":"2025-12-25T10:59:08","date_gmt":"2025-12-25T10:59:08","guid":{"rendered":"https:\/\/www.europesays.com\/fi\/125475\/"},"modified":"2025-12-25T10:59:08","modified_gmt":"2025-12-25T10:59:08","slug":"prinsessa-catherine-ja-charlotte-yhteinen-pianoduetto-yllattaa-joulukonsertissa","status":"publish","type":"post","link":"https:\/\/www.europesays.com\/fi\/125475\/","title":{"rendered":"Prinsessa Catherine ja Charlotte: Yhteinen pianoduetto yll\u00e4tt\u00e4\u00e4 joulukonsertissa"},"content":{"rendered":"<p>            MISC\n        <\/p>\n<p class=\"subtitle \">Catherinen ja Charlotten yll\u00e4tysveto sulattaa syd\u00e4met.<\/p>\n<p class=\"article-content article-content-width !bg-background\">Waleisn prinsessa\u00a0ja prinsessa,10, n\u00e4htiin yhteisen pianodueton merkeiss\u00e4 jouluaattona (24.12.) brittil\u00e4isell\u00e4 ITV1:ll\u00e4 esitetyss\u00e4 joulukonsertissa.<\/p>\n<p class=\"font-weight-bold m-font-weight-bold article-content article-content-width !bg-background\">Arkistovideo: T\u00e4llaisia pituuseroja on kunkkupariskuntien v\u00e4lill\u00e4<\/p>\n<p class=\"article-content article-content-width !bg-background\">Kyseess\u00e4 ei ollut live-esitys\u00a0Together at Christmas\u00a0-konsertista, vaan esitys oli nauhoitettu etuk\u00e4teen Windsorin linnassa, ja se n\u00e4ytettiin ITV:n televisiol\u00e4hetyksen alussa.<\/p>\n<p class=\"article-content article-content-width !bg-background\">Samainen video julkaistiin my\u00f6s Walesin prinssi\u00a0ja prinsessa Catherinen somekanavilla.<\/p>\n<p class=\"article-content article-content-width !bg-background\">\u00c4iti-tyt\u00e4r-duon esitykseen valikoitui skotlantilaisen s\u00e4velt\u00e4j\u00e4n\u00a0s\u00e4vellys\u00a0Holm Sound. Esityst\u00e4 ei soitettu nelik\u00e4tisesti, vaan Catherine k\u00e4ytti vasenta k\u00e4tt\u00e4\u00e4n, Charlotte puolestaan oikeaa.<\/p>\n<p class=\"article-content article-content-width !bg-background\">Duetosta vihjailtiin jo etuk\u00e4teen prinssiparin Instagram-tilill\u00e4, ja jo tuolloin innostuttiin siit\u00e4, olisiko kyseess\u00e4 Katen ja Charlotten yhteinen esitys.<\/p>\n<p>        <a itemprop=\"url\" href=\"https:\/\/www.seiska.fi\/kuninkaalliset\/prinssi-william-ja-prinsessa-catherine-perheenlisaysta\/1713514\" rel=\"nofollow noopener\" target=\"_blank\"><\/p>\n<p>\n&#8221;Pienten jalkojen kipityst\u00e4&#8221;\n<\/p>\n<p class=\"section-date\">\n        <strong class=\"article-section\" data-section=\"kuninkaalliset\"><br \/>\n            kuninkaalliset<br \/>\n        <\/strong><br \/>\n        25.5. 14:30\n    <\/p>\n<p>Prinssi William ja prinsessa Catherine: Perheenlis\u00e4yst\u00e4!\n    <\/p>\n<p itemprop=\"description\" class=\"subtitle \">\n    Mediatietojen mukaan Williamin ja Catherinen lapset ovat tilanteesta innoissaan.\n<\/p>\n<p>        <\/a><\/p>\n<p>Joulun merkitys<\/p>\n<p class=\"article-content article-content-width !bg-background\">Videolle on lis\u00e4tty Catherinen puhe, jossa h\u00e4n puhuu joulun merkityksest\u00e4.<\/p>\n<p class=\"article-content article-content-width !bg-background\">\u2013 Sisimm\u00e4ss\u00e4\u00e4n joulu puhuu rakkaudesta, joka n\u00e4kyy yksinkertaisimmilla, inhimillisimmill\u00e4 tavoilla. Ei tunteikkaissa tai mahtipontisissa eleiss\u00e4, vaan herkiss\u00e4, h\u00e4n lausuu videon taustalla.<\/p>\n<p class=\"article-content article-content-width !bg-background\">Videolla n\u00e4ytet\u00e4\u00e4n, kun vieraita saapuu aiemmin joulukuussa pidettyyn konserttiin.<\/p>\n<p class=\"article-content article-content-width !bg-background\">\u2013 Joulu on aikaa, joka muistuttaa meit\u00e4 siit\u00e4, kuinka syv\u00e4sti el\u00e4m\u00e4mme punoutuvat yhteen. Aivan kuten puiden juuret jakavat voimaa mullassa \u2013 n\u00e4kym\u00e4tt\u00f6miss\u00e4, mutta elint\u00e4rkein\u00e4 \u2013 niin teemme mekin, Catherine puhuu.<\/p>\n<p class=\"article-content article-content-width !bg-background\">\u2013 Aikana, jona el\u00e4m\u00e4 voi tuntua hajanaiselta tai ep\u00e4varmalta, joulunaika kutsuu meid\u00e4t muistamaan yhteydenoton voiman.<\/p>\n<p>        <a itemprop=\"url\" href=\"https:\/\/www.seiska.fi\/kuninkaalliset\/prinssi-william-paljastus-prinsessa-catherinen-syovasta\/1989061\" rel=\"nofollow noopener\" target=\"_blank\"><\/p>\n<p>\nPrinssi avoimena:\n<\/p>\n<p class=\"section-date\">\n        <strong class=\"article-section\" data-section=\"kuninkaalliset\"><br \/>\n            kuninkaalliset<br \/>\n        <\/strong><br \/>\n        11.11. 10:27\n    <\/p>\n<p>Prinssi William: Paljastus prinsessa Catherinen sy\u00f6v\u00e4st\u00e4\n    <\/p>\n<p itemprop=\"description\" class=\"subtitle \">\n    Catherinen sy\u00f6p\u00e4hoidot s\u00e4ik\u00e4yttiv\u00e4t.\n<\/p>\n<p>        <\/a><\/p>\n<p>                <img decoding=\"async\" src=\"https:\/\/www.europesays.com\/fi\/wp-content\/uploads\/2025\/12\/2031047.webp\" width=\"576\" height=\"322\" alt=\"Together at Christmas -konsertti pidettiin Westminster Abbeyssa joulukuun alussa.\" loading=\"lazy\" \/>            <\/p>\n<p>\n            Together at Christmas -konsertti pidettiin Westminster Abbeyssa joulukuun alussa.<br \/>\n            Alamy \/ AOP\n        <\/p>\n<p>Julkaisu vet\u00e4\u00e4 herk\u00e4ksi<\/p>\n<p class=\"article-content article-content-width !bg-background\">Instagram-julkaisu, jossa video n\u00e4kyy, on luonnollisesti ker\u00e4nnyt alle vuorokaudessa satoja tuhansia tykk\u00e4yksi\u00e4 ja valtaisan kommenttivy\u00f6ryn.<\/p>\n<p class=\"article-content article-content-width !bg-background\">Charlotten pianoharrastus oli toki tiedossa, mutta duetto tuli silti suurena yll\u00e4tyksen\u00e4.<\/p>\n<p class=\"article-content article-content-width !bg-background\">\u2013 Niin suloista! On ihanaa n\u00e4hd\u00e4 Charlotte nauttimassa musiikin lahjasta \u00e4itins\u00e4 kanssa, ihastellaan er\u00e4\u00e4ss\u00e4 kommentissa.<\/p>\n<p class=\"article-content article-content-width !bg-background\">Video n\u00e4ytti my\u00f6s vetoavan moniin tunteisiin.<\/p>\n<p class=\"article-content article-content-width !bg-background\">\u2013 Kuka pilkkoo sipulia? vitsailee er\u00e4s mit\u00e4 ilmeisimmin herkistynyt kommentoija.<\/p>\n<p>        <a itemprop=\"url\" href=\"https:\/\/www.seiska.fi\/kuninkaalliset\/prinsessa-catherinelle-ja-prinssi-williamille-perheuutinen\/1848664\" rel=\"nofollow noopener\" target=\"_blank\"><\/p>\n<p>\nWilliam ja Catherine\n<\/p>\n<p class=\"section-date\">\n        <strong class=\"article-section\" data-section=\"kuninkaalliset\"><br \/>\n            kuninkaalliset<br \/>\n        <\/strong><br \/>\n        26.6. 05:30\n    <\/p>\n<p>Prinsessa Catherinelle ja prinssi Williamille perheuutinen\n    <\/p>\n<p itemprop=\"description\" class=\"subtitle \">\n    \u00c4skett\u00e4in kasvanut Walesin perhe saa pit\u00e4\u00e4 yhden p\u00f6rr\u00f6isist\u00e4 j\u00e4senist\u00e4\u00e4n.\n<\/p>\n<p>        <\/a><\/p>\n","protected":false},"excerpt":{"rendered":"MISC Catherinen ja Charlotten yll\u00e4tysveto sulattaa syd\u00e4met. Waleisn prinsessa\u00a0ja prinsessa,10, n\u00e4htiin yhteisen pianodueton merkeiss\u00e4 jouluaattona (24.12.) brittil\u00e4isell\u00e4 ITV1:ll\u00e4&hellip;\n","protected":false},"author":2,"featured_media":125476,"comment_status":"","ping_status":"","sticky":false,"template":"","format":"standard","meta":{"footnotes":""},"categories":[130],"tags":[1418,137,22386,33,31,30,15130,212,47,22259,4200,4554,32,22260,109,12538],"class_list":{"0":"post-125475","1":"post","2":"type-post","3":"status-publish","4":"format-standard","5":"has-post-thumbnail","7":"category-viihde","8":"tag-britannian-kuninkaallinen-perhe","9":"tag-entertainment","10":"tag-erland-cooper","11":"tag-fi","12":"tag-finland","13":"tag-finnish","14":"tag-joulukonsertti","15":"tag-lifestyle","16":"tag-musiikki","17":"tag-piano","18":"tag-prinsessa-catherine","19":"tag-prinsessa-charlotte","20":"tag-suomi","21":"tag-together-at-christmas","22":"tag-viihde","23":"tag-windsorin-linna"},"share_on_mastodon":{"url":"https:\/\/pubeurope.com\/@fi\/115779860657782276","error":""},"_links":{"self":[{"href":"https:\/\/www.europesays.com\/fi\/wp-json\/wp\/v2\/posts\/125475","targetHints":{"allow":["GET"]}}],"collection":[{"href":"https:\/\/www.europesays.com\/fi\/wp-json\/wp\/v2\/posts"}],"about":[{"href":"https:\/\/www.europesays.com\/fi\/wp-json\/wp\/v2\/types\/post"}],"author":[{"embeddable":true,"href":"https:\/\/www.europesays.com\/fi\/wp-json\/wp\/v2\/users\/2"}],"replies":[{"embeddable":true,"href":"https:\/\/www.europesays.com\/fi\/wp-json\/wp\/v2\/comments?post=125475"}],"version-history":[{"count":0,"href":"https:\/\/www.europesays.com\/fi\/wp-json\/wp\/v2\/posts\/125475\/revisions"}],"wp:featuredmedia":[{"embeddable":true,"href":"https:\/\/www.europesays.com\/fi\/wp-json\/wp\/v2\/media\/125476"}],"wp:attachment":[{"href":"https:\/\/www.europesays.com\/fi\/wp-json\/wp\/v2\/media?parent=125475"}],"wp:term":[{"taxonomy":"category","embeddable":true,"href":"https:\/\/www.europesays.com\/fi\/wp-json\/wp\/v2\/categories?post=125475"},{"taxonomy":"post_tag","embeddable":true,"href":"https:\/\/www.europesays.com\/fi\/wp-json\/wp\/v2\/tags?post=125475"}],"curies":[{"name":"wp","href":"https:\/\/api.w.org\/{rel}","templated":true}]}}