{"id":125480,"date":"2025-12-25T11:04:09","date_gmt":"2025-12-25T11:04:09","guid":{"rendered":"https:\/\/www.europesays.com\/fi\/125480\/"},"modified":"2025-12-25T11:04:09","modified_gmt":"2025-12-25T11:04:09","slug":"kaupunki-vei-omien-poliitikkojensa-paatoksen-oikeuteen","status":"publish","type":"post","link":"https:\/\/www.europesays.com\/fi\/125480\/","title":{"rendered":"Kaupunki vei omien poliitikkojensa p\u00e4\u00e4t\u00f6ksen oikeuteen"},"content":{"rendered":"<p>Helsinki|Kiista Herttoniemess\u00e4 sijaitsevasta mets\u00e4alueesta sai uuden k\u00e4\u00e4nteen, kun Helsingin kaupunki l\u00e4hti oikeuteen omia p\u00e4\u00e4tt\u00e4ji\u00e4\u00e4n vastaan.<\/p>\n<p>Lue tiivistelm\u00e4<\/p>\n<p class=\"article-body mb-nof-24 px-nof-16 sndp-summary-bullet-point-font\">Helsingin kaupunki valitti hallinto-oikeuteen omien poliitikkojensa p\u00e4\u00e4t\u00f6ksest\u00e4, joka koski Herttoniemen Siilitielle suunnitellun v\u00e4liaikaisen p\u00e4iv\u00e4kodin rakennuslupaa.<\/p>\n<p class=\"article-body mb-nof-24 px-nof-16 sndp-summary-bullet-point-font\">Kaupungin ymp\u00e4rist\u00f6- ja lupajaosto kumosi lokakuussa rakennusluvan, koska hanke olisi edellytt\u00e4nyt mets\u00e4n kaatamista ja olisi ollut ristiriidassa luonnonsuojelutavoitteiden kanssa.<\/p>\n<p class=\"article-body mb-nof-24 px-nof-16 sndp-summary-bullet-point-font\">Kaupungin mukaan jaostolla ei ollut toimivaltaa kumota rakennusvalvontapalveluiden my\u00f6nt\u00e4m\u00e4\u00e4 lupaa.<\/p>\n<p class=\"article-body mb-nof-24 px-nof-16\">Helsingin kaupunki haluaa kaataa mets\u00e4\u00e4 Herttoniemen Siilitielle kaavaillun v\u00e4liaikaisen p\u00e4iv\u00e4kodin tielt\u00e4 \u2013 ja kaupungin p\u00e4\u00e4tt\u00e4j\u00e4t yritt\u00e4v\u00e4t est\u00e4\u00e4 sen.<\/p>\n<p class=\"article-body mb-nof-24 px-nof-16\">Nyt kaupunki on l\u00e4htenyt hakemaan oikeuden ratkaisua siihen, saavatko kaupungin ymp\u00e4rist\u00f6- ja lupajaoston j\u00e4senet kielt\u00e4\u00e4 hakkuun. Poliitikot p\u00e4\u00e4ttiv\u00e4t lokakuussa kumota tontille my\u00f6nnetyn rakennusluvan, koska katsoivat sen olevan ristiriidassa kaupungin omien luonnonsuojelutavoitteiden kanssa.<\/p>\n<p class=\"article-body mb-nof-24 px-nof-16\">Helsingin kaupunki valitti poliitikkojen p\u00e4\u00e4t\u00f6ksest\u00e4 hallinto-oikeuteen, jossa kiistaa tulevaisuudessa puidaan.<\/p>\n<p class=\"article-body mb-nof-24 px-nof-16\">Siilitielle on suunniteltu kaksikerroksista v\u00e4liaikaista rakennusta lis\u00e4- ja v\u00e4ist\u00f6tilaksi alueen p\u00e4iv\u00e4kodin peruskorjauksen ajaksi. Kaupungin rakennusvalvontapalvelut my\u00f6nsiv\u00e4t hankkeelle rakennusluvan kes\u00e4kuussa.<\/p>\n<p class=\"article-body mb-nof-24 px-nof-16\">Rakennuslupaan otti kantaa muun muassa Helsingin luonnonsuojeluyhdistys (Helsy). Yhdistys vetosi siihen, ett\u00e4 kyseess\u00e4 on monipuolinen mets\u00e4, joka kuuluu alueelliseen mets\u00e4verkostoyhteyteen, joka on jo k\u00e4rsinyt esimerkiksi tontin pys\u00e4k\u00f6intialueen rakentamisesta. Tontilta puuttui my\u00f6s ajantasainen luontokartoitus, vesikartoitus taas oli kesken.<\/p>\n<p class=\"article-body mb-nof-24 px-nof-16\">Asemakaavassa paikalle on merkitty paikka pysyv\u00e4lle p\u00e4iv\u00e4kodille. Sellaista ei kuitenkaan ole t\u00e4m\u00e4n hetkisen tiedon mukaan tulossa, koska lapsim\u00e4\u00e4r\u00e4n ei ennusteta kasvavan.<\/p>\n<p class=\"article-body mb-nof-24 px-nof-16\">Asiasta valitti my\u00f6s l\u00e4heinen taloyhti\u00f6. T\u00e4m\u00e4n valituksen johdosta poliitikoista koostuva kaupunkiymp\u00e4rist\u00f6lautakunnan ymp\u00e4rist\u00f6- ja lupajaosto p\u00e4\u00e4tyi kumoamaan v\u00e4liaikaiselle p\u00e4iv\u00e4kotirakennukselle my\u00f6nnetyn rakennusluvan.<\/p>\n<p class=\"article-body mb-nof-24 px-nof-16\">Kaupunki valitti ymp\u00e4rist\u00f6- ja lupajaoston p\u00e4\u00e4t\u00f6ksest\u00e4 hallinto-oikeuteen, koska kaupungin mukaan jaostolla ei ollut toimivaltaa rakennusluvan kumoamiseen.<\/p>\n<p class=\"article-body mb-nof-24 px-nof-16\">Hallinto-oikeudessa tapausta punnitaan n\u00e4ill\u00e4 n\u00e4kymin ensi vuoden aikana.<\/p>\n","protected":false},"excerpt":{"rendered":"Helsinki|Kiista Herttoniemess\u00e4 sijaitsevasta mets\u00e4alueesta sai uuden k\u00e4\u00e4nteen, kun Helsingin kaupunki l\u00e4hti oikeuteen omia p\u00e4\u00e4tt\u00e4ji\u00e4\u00e4n vastaan. Lue tiivistelm\u00e4 Helsingin&hellip;\n","protected":false},"author":2,"featured_media":96697,"comment_status":"","ping_status":"","sticky":false,"template":"","format":"standard","meta":{"footnotes":""},"categories":[12],"tags":[22,23,26,27,33,31,30,17,46,24,25,28,29,15,18,21,32,19,20,16],"class_list":{"0":"post-125480","1":"post","2":"type-post","3":"status-publish","4":"format-standard","5":"has-post-thumbnail","7":"category-suomi","8":"tag-breaking-news","9":"tag-breakingnews","10":"tag-featured-news","11":"tag-featurednews","12":"tag-fi","13":"tag-finland","14":"tag-finnish","15":"tag-headlines","16":"tag-helsingin-sanomat","17":"tag-latest-news","18":"tag-latestnews","19":"tag-main-news","20":"tag-mainnews","21":"tag-news","22":"tag-otsikot","23":"tag-paauutiset","24":"tag-suomi","25":"tag-top-stories","26":"tag-topstories","27":"tag-uutiset"},"share_on_mastodon":{"url":"https:\/\/pubeurope.com\/@fi\/115779879926675542","error":""},"_links":{"self":[{"href":"https:\/\/www.europesays.com\/fi\/wp-json\/wp\/v2\/posts\/125480","targetHints":{"allow":["GET"]}}],"collection":[{"href":"https:\/\/www.europesays.com\/fi\/wp-json\/wp\/v2\/posts"}],"about":[{"href":"https:\/\/www.europesays.com\/fi\/wp-json\/wp\/v2\/types\/post"}],"author":[{"embeddable":true,"href":"https:\/\/www.europesays.com\/fi\/wp-json\/wp\/v2\/users\/2"}],"replies":[{"embeddable":true,"href":"https:\/\/www.europesays.com\/fi\/wp-json\/wp\/v2\/comments?post=125480"}],"version-history":[{"count":0,"href":"https:\/\/www.europesays.com\/fi\/wp-json\/wp\/v2\/posts\/125480\/revisions"}],"wp:featuredmedia":[{"embeddable":true,"href":"https:\/\/www.europesays.com\/fi\/wp-json\/wp\/v2\/media\/96697"}],"wp:attachment":[{"href":"https:\/\/www.europesays.com\/fi\/wp-json\/wp\/v2\/media?parent=125480"}],"wp:term":[{"taxonomy":"category","embeddable":true,"href":"https:\/\/www.europesays.com\/fi\/wp-json\/wp\/v2\/categories?post=125480"},{"taxonomy":"post_tag","embeddable":true,"href":"https:\/\/www.europesays.com\/fi\/wp-json\/wp\/v2\/tags?post=125480"}],"curies":[{"name":"wp","href":"https:\/\/api.w.org\/{rel}","templated":true}]}}