{"id":125483,"date":"2025-12-25T11:17:12","date_gmt":"2025-12-25T11:17:12","guid":{"rendered":"https:\/\/www.europesays.com\/fi\/125483\/"},"modified":"2025-12-25T11:17:12","modified_gmt":"2025-12-25T11:17:12","slug":"huippukokki-arto-rastas-ja-sheila-da-costa-suunnittelevat-haita","status":"publish","type":"post","link":"https:\/\/www.europesays.com\/fi\/125483\/","title":{"rendered":"Huippukokki Arto Rastas ja Sheila Da Costa suunnittelevat h\u00e4it\u00e4"},"content":{"rendered":"<p class=\"ingress\">Huippukokki Arto Rastaan ja h\u00e4nen kihlattunsa Sheila Da Costan polulle on mahtunut satumaisia hetki\u00e4, mutta my\u00f6s pelkoa onnen menett\u00e4misest\u00e4.<\/p>\n<p>Sein\u00e4n kokoiset ikkunat avautuvat pellolle, joka on kauriiden ja kettujen suosikkipys\u00e4kki. Pakkasaamuina kuura saa valkean pellon v\u00e4lkehtim\u00e4\u00e4n, mutta nyt elet\u00e4\u00e4n vuoden pimeint\u00e4 aikaa. Valoa on etsitt\u00e4v\u00e4 kotiin kynttil\u00f6ist\u00e4 ja olohuoneen per\u00e4ll\u00e4 loimottavasta s\u00e4hk\u00f6takasta.<\/p>\n<p><strong>Arto Rastaan<\/strong> ja <strong>Sheila Da Costan<\/strong> kaunis talo Lemp\u00e4\u00e4l\u00e4ss\u00e4 on yhdistelm\u00e4 tyylik\u00e4st\u00e4 mustaa, puhdasta valkoista ja ylellisi\u00e4 materiaaleja. Jokainen tavara on paikoillaan ja koti tahraton.<\/p>\n<p>\u201dArto on siivousfriikki. Tykk\u00e4\u00e4n itsekin j\u00e4rjestyksest\u00e4, mutten ole ikin\u00e4 ennen tavannut miest\u00e4, joka olisi n\u00e4in pedantti\u201d, Sheila sanoo, eik\u00e4 puoliso v\u00e4it\u00e4 vastaan.<\/p>\n<p>\u201dJos n\u00e4en lasipinnoilla sormenj\u00e4lki\u00e4, tekee mieli heti pyyhki\u00e4 ne pois\u201d, Arto tunnustaa.<\/p>\n<p>Ominaisuus on tullut ammatin kylki\u00e4isen\u00e4, sill\u00e4 keitti\u00f6mestari on tottunut jynss\u00e4\u00e4m\u00e4\u00e4n p\u00f6yt\u00e4pintoja jo kolmekymment\u00e4 vuotta.<\/p>\n<p>Arto Rastaan nimi on noussut viime vuosina esiin s\u00e4\u00e4nn\u00f6llisesti, sill\u00e4 h\u00e4n on perustanut yhti\u00f6kumppaninsa <strong>Hans V\u00e4lim\u00e4en <\/strong>kanssa uusia ravintoloita heng\u00e4stytt\u00e4v\u00e4ll\u00e4 tahdilla. Ty\u00f6 kuljettaa Artoa Helsingin, Tampereen, Levin ja Rovaniemen v\u00e4lill\u00e4.<\/p>\n<p><strong>Lue my\u00f6s Kotiliesi.fi: <\/strong><a href=\"https:\/\/kotiliesi.fi\/ruoka\/tahtikokki-hans-valimaki-ylistaa-anopin-sillireseptia\/\" rel=\"nofollow noopener\" target=\"_blank\">T\u00e4htikokki Hans V\u00e4lim\u00e4ki ylist\u00e4\u00e4 anopin silliresepti\u00e4: \u201dKes\u00e4ruokien kunkku maistuu uusien perunoiden kanssa\u201d<\/a><\/p>\n<p>Rakkain paikka on silti kotipellon laidalla Lemp\u00e4\u00e4l\u00e4ss\u00e4. T\u00e4\u00e4ll\u00e4 sauna l\u00e4mpenee usein ja ruokaa valmistetaan nelik\u00e4tisesti. Sheila innostui Arton my\u00f6t\u00e4 kokkauksesta, vaikka suhteen alussa ruoanlaitto ammattilaisen rinnalla aiheutti paineita.<\/p>\n<p>\u201dEnnen tein l\u00e4hinn\u00e4 makaronilaatikkoa ja kuivaa kanaa. En ollut k\u00e4ynyt edes sy\u00f6m\u00e4ss\u00e4 hyviss\u00e4 ravintoloissa. Arton kanssa ruoasta avautui aivan uusi maailma: olen p\u00e4\u00e4ssyt kokemaan mielett\u00f6m\u00e4n hienoja makuel\u00e4myksi\u00e4 ja kehittynyt itsekin ruoanlaittajana.\u201d\u00ad<\/p>\n<p>Arto Rastas ja Sheila Da Costa tapasivat missikisoissa<\/p>\n<p>Ensimm\u00e4isen kerran Arto ja Sheila kohtasivat vuonna 2019 Arton omistamassa ravintola Periscopessa, jossa j\u00e4rjestettiin Miss Tampere -kilpailu. Kaksikko oli saanut kutsun missikisan tuomarointiteht\u00e4viin.<\/p>\n<p>\u201dEnn\u00e4tin paikan p\u00e4\u00e4lle v\u00e4h\u00e4n j\u00e4lkijunassa, ja Sheila kommentoi, ett\u00e4 kukas sin\u00e4 luulet olevasi, kun tulet n\u00e4in my\u00f6h\u00e4ss\u00e4\u201d, Arto muistelee huvittuneena.<\/p>\n<p>Tutustuminen j\u00e4i tuolloin pintaraapaisuksi, sill\u00e4 molempien mielenkiinnon kohteet olivat muualla. Arto oli juuri eronnut lastensa \u00e4idist\u00e4, ja Sheila oli puolestaan viel\u00e4 parisuhteessa. Vuoden p\u00e4\u00e4st\u00e4 Sheila palasi Arton mieleen uudelleen, kun h\u00e4n etsi tanssijoita t\u00f6ihin ravintolaansa. <\/p>\n<p>Sheila on harrastanut tanssia kuusivuotiaasta l\u00e4htien ja kilpaillut SM-tasolla saakka.<\/p>\n<p>\u201dArton tarjoama ty\u00f6 sopi hyvin kuvioon, sill\u00e4 pystyin tekem\u00e4\u00e4n sit\u00e4 viikonloppuisin ja jatkamaan ohessa suuhygienistin opintojani\u201d, Sheila sanoo.<\/p>\n<p>Sheila Da Costa uskalsi tuoda herkkyytens\u00e4 esille Arton kanssa<\/p>\n<p>Sheilan suvun juuret ovat Angolassa, mutta h\u00e4n on asunut koko ik\u00e4ns\u00e4 Suomessa. Lapsuusvuodet vier\u00e4htiv\u00e4t kolmen sisaruksen kanssa Vaasassa, sill\u00e4 perhe muutti Pohjanmaalle jo 1990-luvun alussa.<\/p>\n<p>\u201dOnhan se vaatinut sopeutumista \u00e4idilt\u00e4 ja is\u00e4lt\u00e4. He ovat joutuneet aloittamaan kaiken alusta, opettelemaan uuden kielen ja etsim\u00e4\u00e4n t\u00f6it\u00e4. Hyvin he ovat kuitenkin p\u00e4rj\u00e4nneet.\u201d<\/p>\n<p>Lapsuus on j\u00e4\u00e4nyt Sheilan mieleen turvallisena ja kannustavana, vaikka h\u00e4n huomasi jo p\u00e4iv\u00e4kotivuosina erottuvansa muista lapsista ihonv\u00e4rins\u00e4 vuoksi. <\/p>\n<p>\u201dJos sisaruksiani kiusattiin, yritin puolustaa heit\u00e4. V\u00e4lill\u00e4 koin, ett\u00e4 teht\u00e4v\u00e4ni oli suojella koko meid\u00e4n perhett\u00e4, vaikka ei sit\u00e4 kukaan minulta odottanut. \u00c4iti ja is\u00e4 muistuttivat meille lapsille, ett\u00e4 huutelijoista ei tarvitse v\u00e4litt\u00e4\u00e4.\u201d<\/p>\n<p>Arto arvelee, ett\u00e4 edes l\u00e4heisimm\u00e4t yst\u00e4v\u00e4t eiv\u00e4t ole aiemmin n\u00e4hneet Sheilan herkk\u00e4\u00e4 puolta, sill\u00e4 t\u00e4m\u00e4 on piilottanut sen suojakuoren alle.<\/p>\n<p>\u201dSinulla oli ennen v\u00e4h\u00e4n koviksen maine. Sen n\u00e4kee vanhoista somekuvistakin, joissa et juurikaan hymyile. T\u00e4m\u00e4 on viime aikoina selv\u00e4sti muuttunut\u201d, Arto sanoo Sheilalle.<\/p>\n<p>\u201dSe on sinun ansiotasi. Uskallan olla oma itseni ja n\u00e4ytt\u00e4\u00e4 sen my\u00f6s muille\u201d, Sheila sanoo.<\/p>\n<p>Muiden mielipiteill\u00e4 ik\u00e4erosta ei ole v\u00e4li\u00e4<\/p>\n<p>Arton ja Sheilan suhde eteni aluksi hitaasti yst\u00e4vyyspohjalta. He k\u00e4viv\u00e4t usein sy\u00f6m\u00e4ss\u00e4 tai viettiv\u00e4t aikaa isommassa porukassa. Sheila kertoo, ett\u00e4 heill\u00e4 oli my\u00f6s tapana soitella videopuheluita tiistai-iltaisin.<\/p>\n<p>\u201dOli kiva tutustua Artoon rauhassa, se on t\u00e4m\u00e4n p\u00e4iv\u00e4n ihmissuhteissa aika harvinaista.\u201d<\/p>\n<p>Julkisesti Arto ja Sheila kertoivat suhteestaan kes\u00e4ll\u00e4 2022. T\u00e4t\u00e4 ennen Arto oli ottanut asian puheeksi lastensa, nyt 18-vuotiaan <strong>Danielin<\/strong> ja 13-vuotiaan <strong>Nellan<\/strong> kanssa.<\/p>\n<p>\u201dLapset olivat n\u00e4hneet minua Arton ravintolassa jo aiemmin, mutta olihan tilanne erilainen, kun tulin osaksi heid\u00e4n perhett\u00e4\u00e4n. On ollut ihanaa n\u00e4hd\u00e4, miten hyvin Daniel ja Nella ovat ottaneet minut vastaan. He viett\u00e4v\u00e4t mielell\u00e4\u00e4n aikaa kanssamme\u201d, Sheila kiitt\u00e4\u00e4.<\/p>\n<p>Arto ja Sheila tiedostavat, ett\u00e4 monella voi olla mielipiteit\u00e4 heid\u00e4n kuudentoista vuoden ik\u00e4erostaan.<\/p>\n<p>\u201dSiin\u00e4 on helposti se kulunut asetelma, ett\u00e4 n\u00e4hd\u00e4\u00e4n vanha mies, nuori nainen ja rahat. Onneksi olemme alusta saakka p\u00e4\u00e4tt\u00e4neet, ettemme edes mieti, mit\u00e4 joku muu meist\u00e4 ajattelee. Riitt\u00e4\u00e4, ett\u00e4 itse tied\u00e4mme, mik\u00e4 on totuus\u201d, Arto pohtii.<\/p>\n<p>Kolmen vuoden aikana mukaan on soljunut my\u00f6s tavallinen arki, johon kuuluvat Sheilan mukaan my\u00f6s erimielisyydet.<\/p>\n<p>\u201dOlemme molemmat luonteeltamme aika tulisia. V\u00e4lill\u00e4 \u00e4rsyynnymme ja saatamme tiuskaista toisillemme jotain, mutta yleens\u00e4 lepymme nopeasti.\u201d<\/p>\n<p>Arton mielest\u00e4 Sheilassa on<\/p>\n<p><strong>Parasta:<\/strong> Sheila on aina puolellani. H\u00e4n on valovoimainen ja hyv\u00e4ntuulinen (paitsi aamuisin).<\/p>\n<p><strong>\u00c4rsytt\u00e4vint\u00e4:<\/strong> Joskus Sheila on todella malttamaton ja haluaisi saada kaiken heti.<\/p>\n<p><strong>Yll\u00e4tt\u00e4v\u00e4\u00e4:<\/strong> Sheilasta on kuoriutunut romanttinen kotoilija ja loistava kotikokki.<\/p>\n<p>Sheilan mielest\u00e4 Artossa on<\/p>\n<p><strong>Parasta: <\/strong>Arto on rakastava ja l\u00e4mmin. H\u00e4n rohkaisee minua silloin, kun itse ep\u00e4ilen kykyj\u00e4ni.<\/p>\n<p><strong>\u00c4rsytt\u00e4vint\u00e4: <\/strong>Haahuilu. Kun olemme l\u00e4hd\u00f6ss\u00e4 jonnekin, Artoa joutuu usein odottamaan.<\/p>\n<p><strong>Yll\u00e4tt\u00e4v\u00e4\u00e4:<\/strong> Arto on todella tarkka ja j\u00e4rjestelm\u00e4llinen.<\/p>\n<p>Syd\u00e4nkohtauksen my\u00f6t\u00e4 Arto Rastas oppi kuuntelemaan kehoaan<\/p>\n<p>Suhteen pelottavin hetki tuli vastaan puolitoista vuotta sitten. Tuolloin pariskunta vietti tavallista vapaailtaa kotona ja katsoi televisiosta j\u00e4\u00e4kiekon maailmanmestaruuskisojen loppuottelua. Lautasella oli mehukas entrec\u00f4te ja lasissa punaviini\u00e4.<\/p>\n<p>Nukkumaan menness\u00e4\u00e4n Arto tunsi rinnassa puristavaa tunnetta, jota h\u00e4n luuli ensin n\u00e4r\u00e4stykseksi. Kun kipu vain yltyi, oli soitettava ambulanssi. Ensihoitajat ottivat syd\u00e4nfilmin, jossa ei kuitenkaan n\u00e4kynyt mit\u00e4\u00e4n h\u00e4lytt\u00e4v\u00e4\u00e4. <\/p>\n<p>Arto ehti jo ajatella, ett\u00e4 tilanne talttuisi s\u00e4rkyl\u00e4\u00e4kkeill\u00e4 ja h\u00e4n voisi j\u00e4\u00e4d\u00e4 kotiin.<\/p>\n<p>\u201dTotesin ensihoitajille, ett\u00e4 se ei olisi viisasta, sill\u00e4 Arton suvussa on paljon syd\u00e4n- ja verisuonitauteja. Huomasin heti, ett\u00e4 Arto ei ollut oma itsens\u00e4, vaan kyse oli jostain vakavammasta\u201d, Sheila sanoo.<\/p>\n<p>Se tuntui h\u00e4tk\u00e4hdytt\u00e4v\u00e4lt\u00e4 my\u00f6s siksi, ett\u00e4 Sheila oli aiemmin n\u00e4hnyt unia, joissa Arto makasi avuttomana maassa.<\/p>\n<p>Arton syd\u00e4nkohtaus noudatti suvun miesten tuttua ik\u00e4kaavaa. Is\u00e4 ja veli saivat syd\u00e4nkohtauksen 43-vuotiaina, Arto koki saman 44 vuoden i\u00e4ss\u00e4. Sairaalassa h\u00e4nelle tehtiin syd\u00e4men pallolaajennus, ja kotiin viemiseksi l\u00e4htiv\u00e4t verenohennus- ja kolesterolil\u00e4\u00e4kkeet.<\/p>\n<p>\u201dJ\u00e4lkik\u00e4teen ymm\u00e4rsin, ett\u00e4 olin saanut oireita jo aiemmin. N\u00e4r\u00e4styksen lis\u00e4ksi minulla oli ollut huimausta ja n\u00e4k\u00f6h\u00e4iri\u00f6it\u00e4, mutta ajattelin, ett\u00e4 ne johtuivat niska-hartiaseudun vaivoista\u201d, Arto my\u00f6nt\u00e4\u00e4.<\/p>\n<p>Artolle kokemus oli k\u00e4\u00e4nnekohta, jonka my\u00f6t\u00e4 h\u00e4n hyv\u00e4steli tupakan ja alkoi tarkastella kriittisesti muitakin el\u00e4m\u00e4ntapojaan.<\/p>\n<p>\u201dOlen aina tiennyt, ettei t\u00e4\u00e4ll\u00e4 olla ikuisesti, mutta sairauskohtaus teki siit\u00e4 konkreettista. Jos ennen sanoin 80 prosentille asioista kyll\u00e4, nyt olen alkanut sanoa yht\u00e4 usein ei ja oppinut lukemaan paremmin kehoni viestej\u00e4.\u201d<\/p>\n<p>Sheilalle Arton sairastuminen teki menett\u00e4misen pelon todeksi, mutta nosti esiin my\u00f6s kiitollisuuden tunteet.<\/p>\n<p>\u201dHaluan kertoa Artolle joka p\u00e4iv\u00e4, kuinka t\u00e4rke\u00e4 h\u00e4n on minulle. En halua menett\u00e4\u00e4 h\u00e4nt\u00e4.\u201d<\/p>\n<p>Huoltoaseman keitti\u00f6st\u00e4 huippukokiksi jalkapallolegendan kotiin<\/p>\n<p>Yll\u00e4tt\u00e4v\u00e4t k\u00e4\u00e4nteet ovat tulleet Artolle tutuiksi my\u00f6s uralla. Rovaniemell\u00e4 varttunut nuorimies p\u00e4\u00e4tyi ravintola-alalle 14-vuotiaana puoliksi vahingossa, kun h\u00e4n sai t\u00f6it\u00e4 Napapiirin Shell -huoltoasemalta. Ty\u00f6teht\u00e4viin kuului kaikenlaista pihan siivoamisesta hyllyjen t\u00e4ytt\u00e4miseen, kunnes keitti\u00f6n puolella kaivattiin apua.<\/p>\n<p>\u201dHuoltoasemaa py\u00f6ritti <strong>Torsten Helakorpi<\/strong>, joka oli intohimoinen keitti\u00f6ihminen. H\u00e4n opetti minut fileoimaan kalaa ja vuolemaan lihoja poronk\u00e4ristykseen. Innostuin ruoanlaitosta niin, ett\u00e4 hain ravintolakouluun.\u201d<\/p>\n<p>Arton kyvyt pantiin merkille jo opiskeluaikana, ja h\u00e4n p\u00e4\u00e4tyi edustamaan Suomea Bermudalle voittaen nuorten kokkien maailmanmestaruuden. Sit\u00e4 seurasivat vuodet Suomen kokkimaajoukkueessa ja television ruokaohjelmissa. Omia ravintoloita Arto Rastaalla on nyky\u00e4\u00e4n parikymment\u00e4. <\/p>\n<p>\u201dPaljon on ollut my\u00f6s tuuria peliss\u00e4, mutta on t\u00e4m\u00e4 vaatinut my\u00f6s luottoa omaan tekemiseen. Meill\u00e4 ei ole ollut isoja rahoittajia takana, vaan kaikki on tehty omalla rahalla ja itse hoidetuilla lainoilla.\u201d<\/p>\n<p>Sheila sanoo ihailevansa puolisonsa kyky\u00e4 innovoida uutta ja hallinnoida isoja kokonaisuuksia.<\/p>\n<p>\u201dJoskus ihmettelen, miten yksi ihminen pystyy antamaan itsest\u00e4\u00e4n niin paljon kaikkialle. Ja silti Arto pystyy irrottautumaan kotona ty\u00f6asioista ja olemaan l\u00e4sn\u00e4.\u201d<\/p>\n<p>Kuluneen vuoden kohokohtia ovat olleet ty\u00f6matkat Saudi-Arabian Riadiin, jossa Arto on ollut kokkaamassa jalkapallon megat\u00e4hdelle, <strong>Cristiano Ronaldolle<\/strong>. Ronaldon perhe ihastui Arton ruokaan lomaillessaan Suomen Lapissa ja kutsui keitti\u00f6mestarin luokseen. <\/p>\n<p><strong>Lue my\u00f6s:<\/strong> <a href=\"https:\/\/anna.fi\/ruoka\/huippukokki-arto-rastas-kokkasi-viikon-ajan-cristiano-ronaldon-kotona\" rel=\"nofollow noopener\" target=\"_blank\">Huippukokki Arto Rastas asui ja kokkasi viikon ajan Cristiano Ronaldon kotona \u2013 \u201dUnelmaymp\u00e4rist\u00f6 kokille\u201d<\/a><\/p>\n<p>\u201dSe oli huikea kokemus. Ronaldon kotona oli upeat tilat ruoanlaittoon, ja Riadista sai loistavia raaka-aineita. Cristianon ruokavalio on tosin niin tiukka, ett\u00e4 meid\u00e4n oli j\u00e4tett\u00e4v\u00e4 pois ranskalaisen gastronomian kulmakivet, kuten voi ja kerma\u201d, Arto kertoo.<\/p>\n<p>H\u00e4n sanoo ihailevansa Ronaldon kaltaisia menestystarinoita. Taloudellisesta menestyksest\u00e4 h\u00e4n on p\u00e4\u00e4ssyt nauttimaan itsekin: autokatoksessa seisoo komea Bentley, ja lomillaan Arto suuntaa Sheilan kanssa mielell\u00e4\u00e4n ulkomaille.<\/p>\n<p>\u201dEn ole ikin\u00e4 ymm\u00e4rt\u00e4nyt suomalaista mentaliteettia, ett\u00e4 itse ansaitut rahat pit\u00e4isi jotenkin piilottaa. Olen tehnyt niiden eteen paljon ty\u00f6t\u00e4, ja maksan my\u00f6s sievoisia summia yhteiskunnalle yritysteni kautta.\u201d <\/p>\n<p>S\u00e4\u00e4 meinasi pilata kosinnan<\/p>\n<p>Ikimuistoisimman matkansa Arto ja Sheila tekiv\u00e4t viime syyskuussa, kun he suuntasivat Indonesiaan, Gilin saarille. <\/p>\n<p>Arto oli suunnitellut matkan k\u00e4sikirjoituksen tarkoin etuk\u00e4teen. H\u00e4n oli palkannut yhdeksi illaksi muusikot ja lenn\u00e4tt\u00e4nyt viereiselt\u00e4 saarelta paikalle kuvaajan. Paratiisisaaren hotelli j\u00e4rjesti rannalle illallisen.<\/p>\n<p>Romanttinen piknik uhkasi tosin saada koomisia piirteit\u00e4, sill\u00e4 aurinkoisen loman ainoa sadep\u00e4iv\u00e4 osui juuri sovitulle illalle. Muusikot esittiv\u00e4t lyhyen repertuaarinsa ennen aikojaan, ja kuvaajat piileskeliv\u00e4t puskissa Arton merkki\u00e4 odottaen.<\/p>\n<p>\u201dMinulla oli sortsien taskussa sormuslaatikko, jota pitelin puolitoista tuntia k\u00e4det puuduksissa, ettei se vain tipahtaisi vahingossa rannalle\u201d, Arto sanoo ja nauraa vedet silmiss\u00e4.<\/p>\n<p>Lopulta sade ymm\u00e4rsi v\u00e4isty\u00e4 ja sormus l\u00f6ysi tiens\u00e4 tulevan morsiamen nimett\u00f6m\u00e4\u00e4n.<\/p>\n<p>\u201dTulen muistamaan sen hetken aina\u201d, Sheila sanoo.<\/p>\n<p>H\u00e4it\u00e4\u00e4n Arto ja Sheila aikovat juhlistaa kahteen kertaan, ensin pienesti ja intiimisti ulkomailla, sitten suuren yst\u00e4v\u00e4joukon kanssa Suomessa. Jos onni on my\u00f6t\u00e4 ja yhteinen haave toteutuu, perhe kasvaa viel\u00e4.<\/p>\n<p>\u201dPaljon olemme jo saaneet, mutta lapsi olisi unelmien t\u00e4yttymys\u201d, Arto pohtii. <\/p>\n<p>Arto Rastas, 46<\/p>\n<p><strong>Ty\u00f6:<\/strong> Ravintoloitsija ja keitti\u00f6mestari<\/p>\n<p><strong>Koti: <\/strong>Lemp\u00e4\u00e4l\u00e4ss\u00e4.<\/p>\n<p><strong>Perhe:<\/strong> Avopuoliso Sheila, lapset Daniel, 18, ja Nella, 13, sek\u00e4 Nala-kissa.<\/p>\n<p><strong>Harrastukset:<\/strong> Kuntosali, padel ja tennis.<\/p>\n<p><strong>Ajankohtaista:<\/strong> Arto Rastaasta on teossa el\u00e4m\u00e4kerta.<\/p>\n<p>Sheila Da Costa, 30<\/p>\n<p><strong>Ty\u00f6: <\/strong>Suuhygienisti. Sheila kuului my\u00f6s Miss Suomi -kisan finalisteihin vuonna 2022.<\/p>\n<p><strong>Harrastukset: <\/strong>Tanssi ja kuntosali<\/p>\n<p>Juttu on julkaistu Annassa 51-52\/2025.<\/p>\n<p>    Sinua voi kiinnostaa my\u00f6s:<\/p>\n<ol class=\"read-also__list\">\n<li>\n<p>            <img loading=\"lazy\" decoding=\"async\" class=\"card__image awpo-lqip awpo-lazy\" width=\"2560\" height=\"1600\" src=\"https:\/\/www.europesays.com\/fi\/wp-content\/uploads\/2025\/12\/mikkola1.jpg\"\/>                <a href=\"https:\/\/anna.fi\/kategoria\/hyvinvointi\" class=\"card__vignette\" rel=\"nofollow noopener\" target=\"_blank\"><br \/>\n            Hyvinvointi          <\/a><\/p>\n<p>      <a href=\"https:\/\/anna.fi\/hyvinvointi\/systeeminen-skleroosi\" class=\"card__link-overlay\" rel=\"nofollow noopener\" target=\"_blank\">Teinin\u00e4 Annia, 47, alkoi ensin palella, sitten tuli syd\u00e4nkohtaus \u2013 nelikymppisen\u00e4 selvisi syy<\/a><\/p>\n<\/li>\n<li>\n<p>            <img loading=\"lazy\" decoding=\"async\" class=\"card__image awpo-lqip awpo-lazy\" width=\"2560\" height=\"1599\" src=\"https:\/\/www.europesays.com\/fi\/wp-content\/uploads\/2025\/12\/hansmaria-scaled.jpg\"\/>                <a href=\"https:\/\/anna.fi\/kategoria\/ihmiset\" class=\"card__vignette\" rel=\"nofollow noopener\" target=\"_blank\"><br \/>\n            Ihmiset          <\/a><\/p>\n<p>      <a href=\"https:\/\/anna.fi\/ihmiset\/hans-valimaen-maria-vaimo-tallaista-perhearkea-elamme-nyt\" class=\"card__link-overlay\" rel=\"nofollow noopener\" target=\"_blank\">Hans V\u00e4lim\u00e4en Maria-vaimo: T\u00e4llaista perhearkea el\u00e4mme nyt<\/a><\/p>\n<\/li>\n<li>\n<p>            <img loading=\"lazy\" decoding=\"async\" class=\"card__image awpo-lqip awpo-lazy\" width=\"2000\" height=\"1290\" src=\"https:\/\/www.europesays.com\/fi\/wp-content\/uploads\/2025\/12\/hans-1.jpg\"\/>                <a href=\"https:\/\/anna.fi\/kategoria\/ihmiset\" class=\"card__vignette\" rel=\"nofollow noopener\" target=\"_blank\"><br \/>\n            Ihmiset          <\/a><\/p>\n<p>      <a href=\"https:\/\/anna.fi\/ihmiset\/kolmannen-michelin-tahden-tavoittelu-ajoi-hans-valimaen-miinaan-onneksi-han-oli-sita-ennen-tavannut-elamansa-tarkeimman-ihmisen\" class=\"card__link-overlay\" rel=\"nofollow noopener\" target=\"_blank\">Kolmannen Michelin-t\u00e4hden tavoittelu ajoi Hans V\u00e4lim\u00e4en miinaan \u2013 onneksi h\u00e4n oli sit\u00e4 ennen tavannut el\u00e4m\u00e4ns\u00e4 t\u00e4rkeimm\u00e4n ihmisen<\/a><\/p>\n<\/li>\n<\/ol>\n","protected":false},"excerpt":{"rendered":"Huippukokki Arto Rastaan ja h\u00e4nen kihlattunsa Sheila Da Costan polulle on mahtunut satumaisia hetki\u00e4, mutta my\u00f6s pelkoa onnen&hellip;\n","protected":false},"author":2,"featured_media":125484,"comment_status":"","ping_status":"","sticky":false,"template":"","format":"standard","meta":{"footnotes":""},"categories":[136],"tags":[407,137,33,31,30,408,22387,1311,32,169,109],"class_list":{"0":"post-125483","1":"post","2":"type-post","3":"status-publish","4":"format-standard","5":"has-post-thumbnail","7":"category-julkkikset","8":"tag-celebrities","9":"tag-entertainment","10":"tag-fi","11":"tag-finland","12":"tag-finnish","13":"tag-julkkikset","14":"tag-kokit","15":"tag-rakkaus","16":"tag-suomi","17":"tag-sydankohtaus","18":"tag-viihde"},"share_on_mastodon":{"url":"https:\/\/pubeurope.com\/@fi\/115779931081717471","error":""},"_links":{"self":[{"href":"https:\/\/www.europesays.com\/fi\/wp-json\/wp\/v2\/posts\/125483","targetHints":{"allow":["GET"]}}],"collection":[{"href":"https:\/\/www.europesays.com\/fi\/wp-json\/wp\/v2\/posts"}],"about":[{"href":"https:\/\/www.europesays.com\/fi\/wp-json\/wp\/v2\/types\/post"}],"author":[{"embeddable":true,"href":"https:\/\/www.europesays.com\/fi\/wp-json\/wp\/v2\/users\/2"}],"replies":[{"embeddable":true,"href":"https:\/\/www.europesays.com\/fi\/wp-json\/wp\/v2\/comments?post=125483"}],"version-history":[{"count":0,"href":"https:\/\/www.europesays.com\/fi\/wp-json\/wp\/v2\/posts\/125483\/revisions"}],"wp:featuredmedia":[{"embeddable":true,"href":"https:\/\/www.europesays.com\/fi\/wp-json\/wp\/v2\/media\/125484"}],"wp:attachment":[{"href":"https:\/\/www.europesays.com\/fi\/wp-json\/wp\/v2\/media?parent=125483"}],"wp:term":[{"taxonomy":"category","embeddable":true,"href":"https:\/\/www.europesays.com\/fi\/wp-json\/wp\/v2\/categories?post=125483"},{"taxonomy":"post_tag","embeddable":true,"href":"https:\/\/www.europesays.com\/fi\/wp-json\/wp\/v2\/tags?post=125483"}],"curies":[{"name":"wp","href":"https:\/\/api.w.org\/{rel}","templated":true}]}}