{"id":125491,"date":"2025-12-25T11:25:09","date_gmt":"2025-12-25T11:25:09","guid":{"rendered":"https:\/\/www.europesays.com\/fi\/125491\/"},"modified":"2025-12-25T11:25:09","modified_gmt":"2025-12-25T11:25:09","slug":"terapia-elokuvassa-ohjaaja-paavo-westerbergin-omia-kokemuksia","status":"publish","type":"post","link":"https:\/\/www.europesays.com\/fi\/125491\/","title":{"rendered":"Terapia-elokuvassa ohjaaja Paavo Westerbergin omia kokemuksia"},"content":{"rendered":"<p>\n            20251126 HELSINKI. Terapia -elokuvan pressi.  Paavo Westerberg. KUVA: ATTE KAJOVA<br \/>\n            Atte Kajova\n        <\/p>\n<p class=\"subtitle \">Ohjaaja on antanut jokaiselle hahmolle palan itsest\u00e4\u00e4n.<\/p>\n<p class=\"article-content article-content-width !bg-background\">Joulup\u00e4iv\u00e4n\u00e4 25. joulukuuta elokuvateattereissa saa ensi-illan  k\u00e4sikirjoittama ja ohjaama draamakomedia Terapia.<\/p>\n<p class=\"article-content article-content-width !bg-background\">Elokuvassa kolme pariskuntaa suuntaa parisuhdeleirille, jossa he p\u00e4\u00e4tyv\u00e4t t\u00f6rm\u00e4yskurssille itsens\u00e4 ja kumppaneidensa kanssa. Samaan aikaan leirin terapeutit kamppailevat omien avioliitto-ongelmiensa ja murenevien haaveidensa kanssa.<\/p>\n<p class=\"article-content article-content-width !bg-background\">P\u00e4\u00e4rooleissa n\u00e4hd\u00e4\u00e4n , , , , , ,   ja .<\/p>\n<p class=\"article-content article-content-width !bg-background\">Elokuvan juuret ovat kaukana, sill\u00e4 ensimm\u00e4inen ajatus tarinasta syntyi Paavo Westerbergille jo yli kymmenen vuotta sitten.<\/p>\n<p class=\"article-content article-content-width !bg-background\">\u2013\tOpiskelin muutaman vuoden hahmoterapiaa. Opintojen lomassa n\u00e4in ihmisi\u00e4, jotka k\u00e4sitteliv\u00e4t itselleen isoja juttuja. Oli maagista seurata heit\u00e4.<\/p>\n<p class=\"article-content article-content-width !bg-background\">\u2013\tOpiskellessa olimme ryhm\u00e4terapiassa. Ihmiset olivat niin kauniita, kun he kohtasivat oman totuutensa ja kipeit\u00e4 tunteita, joita olivat pit\u00e4neet sis\u00e4ll\u00e4\u00e4n vuosia, Paavo muistaa.<\/p>\n<p>        <a itemprop=\"url\" href=\"https:\/\/www.seiska.fi\/katso\/elias-westerberg-esiintyy-susikoira-roissa-kuten-isansa-aikoinaan-ensin-siina-oli-jotain-huvittavaa\/136957\" rel=\"nofollow noopener\" target=\"_blank\"><\/p>\n<p>\nhaastattelu\n<\/p>\n<p class=\"section-date\">\n        <strong class=\"article-section\" data-section=\"katso\"><br \/>\n            katso<br \/>\n        <\/strong><br \/>\n        24.12.2022 12:15\n    <\/p>\n<p>Elias Westerberg esiintyy Susikoira Roissa kuten is\u00e4ns\u00e4 aikoinaan: \u201dEnsin siin\u00e4 oli jotain huvittavaa\u201d\n    <\/p>\n<p>        <\/a><\/p>\n<p>Muistutus kuolevaisuudesta<\/p>\n<p class=\"article-content article-content-width !bg-background\">Kun Paavo l\u00e4hti rakentamaan elokuvalleen henkil\u00f6galleriaa, pyrki h\u00e4n luomaan ihmisi\u00e4, joihin mahdollisimman monen katsojan olisi mahdollista samaistua.<\/p>\n<p class=\"article-content article-content-width !bg-background\">\u2013\tK\u00e4sikirjoitukseen koitin laittaa rehellisesti itse\u00e4ni. Kaikissa elokuvan kahdeksassa henkil\u00f6ss\u00e4 on pala minua, ohjaaja tunnustaa.<\/p>\n<p>                <img decoding=\"async\" src=\"https:\/\/www.europesays.com\/fi\/wp-content\/uploads\/2025\/12\/2013266.webp\" width=\"576\" height=\"288\" title=\"Ryhm\u00e4terapiahetkiss\u00e4 leirin osallistujat purkavat omia ja suhteensa ongelmia.\" alt=\"Terapia, 2025, Pihla Viitala, Tommi Korpela, Alma P\u00f6ysti, Matleena Kuusniemi, Antti Luusuaniemi, Jarkko Niemi, Mikko Kauppila.\" loading=\"lazy\" \/>            <\/p>\n<p>\n            Ryhm\u00e4terapiahetkiss\u00e4 leirin osallistujat purkavat omia ja suhteensa ongelmia.<br \/>\n            Nelonen Media\n        <\/p>\n<p class=\"article-content article-content-width !bg-background\">Kun hahmot alkoivat tarkentua, havaitsi Paavo niiden v\u00e4lill\u00e4 yht\u00e4l\u00e4isyyden, joka on tyypillinen monille nykyihmisille.<\/p>\n<p class=\"article-content article-content-width !bg-background\">\u2013\tTavallaan kuvittelemme el\u00e4v\u00e4mme ikuisesti ja pid\u00e4mme ongelmat maton alla. Koin, ett\u00e4 tarvitsen mukaan hahmon, joka muistuttaa siit\u00e4, ettei el\u00e4m\u00e4 ole ikuinen.<\/p>\n<p class=\"article-content article-content-width !bg-background\">\u2013\tYhdeksi hahmoksi tuli leski, joka k\u00e4sitteli luopumisen vaikeutta ja menetyksen hyv\u00e4ksymist\u00e4 sek\u00e4 hahmo, joka pakotti muut kohtaamaan kuolevaisuutensa ja muistutti, ett\u00e4 el\u00e4m\u00e4 kannattaa aloittaa nyt eik\u00e4 huomenna.<\/p>\n<p>Kuvauspaikalla t\u00e4rke\u00e4 merkitys<\/p>\n<p class=\"article-content article-content-width !bg-background\">Ohjaajan silmiss\u00e4 Terapia on toiveikas tarina. Kenties juuri siin\u00e4 on koko tarinan ydin.<\/p>\n<p class=\"article-content article-content-width !bg-background\">\u2013\tTerapia on kuin mielen punttisali. Siell\u00e4 on mahdollisuus tutkia tai treenata sellaisia asioita, jotka auttavat meit\u00e4 olemaan l\u00e4sn\u00e4 ja enemm\u00e4n elossa. Kuten joku sanoi, pit\u00e4isi kuolla el\u00e4ess\u00e4\u00e4n, jotta kuollessaan tiet\u00e4\u00e4 el\u00e4neens\u00e4, Paavo toteaa.<\/p>\n<p>                <img decoding=\"async\" src=\"https:\/\/www.europesays.com\/fi\/wp-content\/uploads\/2025\/12\/2013273.webp\" width=\"576\" height=\"288\" title=\"Parisuhdeleirin terapeuttien omaa liittoa hiert\u00e4v\u00e4t muun muassa talousongelmat. Rooleissa n\u00e4hd\u00e4\u00e4n Tommi Korpela ja Pihla Viitala.\" alt=\"Terapia, 2025, Tommi Korpela, Pihla Viitala.\" loading=\"lazy\" \/>            <\/p>\n<p>\n            Parisuhdeleirin terapeuttien omaa liittoa hiert\u00e4v\u00e4t muun muassa talousongelmat. Rooleissa n\u00e4hd\u00e4\u00e4n Tommi Korpela ja Pihla Viitala.<br \/>\n            Nelonen Media\n        <\/p>\n<p class=\"article-content article-content-width !bg-background\">Terapian tapahtumapaikkana on Viron rannikolla sijaitseva 1100-luvulla rakennettu kivinen kartano.<\/p>\n<p class=\"article-content article-content-width !bg-background\">\u2013\tSyy, miksi halusin t\u00e4m\u00e4n lokaation, oli tarjota katsojalle tunne ja tunnelma, ett\u00e4 tuhat vuotta sitten ongelmat olivat samanlaisia kuin nyky\u00e4\u00e4n.\u00a0<\/p>\n<p class=\"article-content article-content-width !bg-background\">\u2013\u00a0Musiikkivalintakin tukee ja muistuttaa siit\u00e4, etteiv\u00e4t elokuvan ongelmat ole mitenk\u00e4\u00e4n erityisi\u00e4 vaan kaikille yhteisi\u00e4 ja samaistuttavia.<\/p>\n<p>Kuin kohdussa\u00a0<\/p>\n<p class=\"article-content article-content-width !bg-background\">Elokuvassa n\u00e4hd\u00e4\u00e4n monen moista terapiamuotoa. Paavon mukaan yksik\u00e4\u00e4n niist\u00e4 ei ole k\u00e4sikirjoittajan oman p\u00e4\u00e4n tuotos vaan olemassa olevia tekniikoita.<\/p>\n<p class=\"article-content article-content-width !bg-background\">Opiskellessaan hahmoterapiaa Paavo tutustui omakohtaisesti erilaisiin terapiamuotoihin, kuten elokuvassa n\u00e4ht\u00e4v\u00e4\u00e4n uudelleensyntymisterapiaan.<\/p>\n<p>                <img decoding=\"async\" src=\"https:\/\/www.europesays.com\/fi\/wp-content\/uploads\/2025\/12\/2013274.webp\" width=\"576\" height=\"288\" alt=\"Elokuvan vedess\u00e4 tapahtuva terapiahetki on Paavolle tuttu terapiatekniikka.\" loading=\"lazy\" \/>            <\/p>\n<p>\n            Elokuvan vedess\u00e4 tapahtuva terapiahetki on Paavolle tuttu terapiatekniikka.<br \/>\n            Nelonen Media\n        <\/p>\n<p class=\"article-content article-content-width !bg-background\">Terapiassa on kohtaus, jossa asiakkaat kokevat terapiahetken my\u00f6s uima-altaassa.<\/p>\n<p class=\"article-content article-content-width !bg-background\">\u2013\tOlen itsekin ottanut t\u00e4llaiseen osaa. K\u00e4sitt\u00e4\u00e4kseni tekniikka on syntynyt Kanadassa, ja sit\u00e4 antoi meille entinen k\u00e4til\u00f6.<\/p>\n<p class=\"article-content article-content-width !bg-background\">\u2013\tOlimme monta tuntia l\u00e4mpim\u00e4ss\u00e4 vedess\u00e4 kuin kohdussa, mink\u00e4 j\u00e4lkeen meid\u00e4t kapaloitiin. Siin\u00e4 ihminen k\u00e4y l\u00e4pi kehossaan ja mieless\u00e4\u00e4n sellaista, mik\u00e4 on syntynyt, kun syntym\u00e4mme j\u00e4lkeen meid\u00e4t kapaloitiin ja vietiin pois \u00e4idilt\u00e4, Paavo kertoo.<\/p>\n<p>        <a itemprop=\"url\" href=\"https:\/\/www.seiska.fi\/katso\/tommi-korpela-on-mestari-esittamaan-ahdistuneita-miehia-mutta-loytaa-synkista-rooleista-myos-paljon-naurua-musta-huumori-on-ominta-maaperaani\/139015\" rel=\"nofollow noopener\" target=\"_blank\"><\/p>\n<p>\nhaastattelu\n<\/p>\n<p class=\"section-date\">\n        <strong class=\"article-section\" data-section=\"katso\"><br \/>\n            katso<br \/>\n        <\/strong><br \/>\n        4.12.2022 18:15\n    <\/p>\n<p>Tommi Korpela on mestari esitt\u00e4m\u00e4\u00e4n ahdistuneita miehi\u00e4, mutta l\u00f6yt\u00e4\u00e4 synkist\u00e4 rooleista my\u00f6s paljon naurua: \u201dMusta huumori on ominta maaper\u00e4\u00e4ni\u201d\n    <\/p>\n<p>        <\/a><\/p>\n<p>Hupaisa keskiluokka<\/p>\n<p class=\"article-content article-content-width !bg-background\">Terapia\u00a0n\u00e4ytt\u00e4ytyy my\u00f6s koomisena.\u00a0<\/p>\n<p class=\"article-content article-content-width !bg-background\">Pelk\u00e4st\u00e4\u00e4n elokuvan l\u00e4ht\u00f6tilanne, jossa etuoikeutettu keskiluokka on valmis maksamaan muutaman p\u00e4iv\u00e4n terapiasta 10 000 euroa, on monen n\u00e4k\u00f6kulmasta surkuhupaisa.<\/p>\n<p class=\"article-content article-content-width !bg-background\">Paavo pohtii, ett\u00e4 kenties elokuvan ytimess\u00e4 onkin rakkaus, el\u00e4m\u00e4n hauraus ja anteeksiannon mahdollisuus.<\/p>\n<p class=\"article-content article-content-width !bg-background\">\u2013\tT\u00e4m\u00e4 on niin toiveikas ja helposti l\u00e4hestytt\u00e4v\u00e4 tarina. Siin\u00e4 mieless\u00e4 se ei naura keskiluokan ongelmille ja elitismille. N\u00e4ill\u00e4 ihmisill\u00e4 on inhimillisi\u00e4 ongelmia, eiv\u00e4tk\u00e4 ne katso, kuuluuko keskiluokkaan.<\/p>\n<p>                <img decoding=\"async\" src=\"https:\/\/www.europesays.com\/fi\/wp-content\/uploads\/2025\/12\/2013292.webp\" width=\"576\" height=\"288\" alt=\"Matleena Kuusniemi ja Antti Luusianiemi esitt\u00e4v\u00e4t toisistaan et\u00e4\u00e4ntynytt\u00e4 avioparia.\" loading=\"lazy\" \/>            <\/p>\n<p>\n            Matleena Kuusniemi ja Antti Luusianiemi esitt\u00e4v\u00e4t toisistaan et\u00e4\u00e4ntynytt\u00e4 avioparia.<br \/>\n            Nelonen Media\n        <\/p>\n<p class=\"article-content article-content-width !bg-background\">Elokuvantekij\u00e4n\u00e4 Paavo muistuttaa, ett\u00e4 jokaisen kotimaisen elokuvan teatteriensi-ilta on nykyisess\u00e4 poliittisessa ilmapiiriss\u00e4 erikoistapaus.<\/p>\n<p class=\"article-content article-content-width !bg-background\">\u2013\tOlen pyrkinyt omassa elokuvassani rehellisesti laittamaan itseni likoon, jotta teos olisi mahdollisimman totta. Samalla toivon, ett\u00e4 katsoja viihtyy sen parissa, yll\u00e4ttyisi ja nauttisi, Paavo sanoo.<\/p>\n<p class=\"italic m-italic article-content article-content-width !bg-background\">Terapia katsottavissa elokuvateattereissa torstaina 25. joulukuuta.<\/p>\n<p>        <a itemprop=\"url\" href=\"https:\/\/www.seiska.fi\/katso\/antti-holma-esittaa-julkisen-anteeksipyynnon-pihla-viitalalle-havettaa-niin-paljon\/1437818\" rel=\"nofollow noopener\" target=\"_blank\"><\/p>\n<p class=\"section-date\">\n        <strong class=\"article-section\" data-section=\"katso\"><br \/>\n            katso<br \/>\n        <\/strong><br \/>\n        22.8.2024 14:09\n    <\/p>\n<p>Antti Holma esitt\u00e4\u00e4 julkisen anteeksipyynn\u00f6n Pihla Viitalalle: &#8221;H\u00e4vett\u00e4\u00e4 niin paljon&#8221;\n    <\/p>\n<p itemprop=\"description\" class=\"subtitle \">\n    N\u00e4yttelij\u00e4 my\u00f6nt\u00e4\u00e4 olleensa uudessa podcastissaan ilke\u00e4 ja pahansuopa.\n<\/p>\n<p>        <\/a><\/p>\n","protected":false},"excerpt":{"rendered":"20251126 HELSINKI. Terapia -elokuvan pressi. Paavo Westerberg. KUVA: ATTE KAJOVA Atte Kajova Ohjaaja on antanut jokaiselle hahmolle palan&hellip;\n","protected":false},"author":2,"featured_media":125492,"comment_status":"","ping_status":"","sticky":false,"template":"","format":"standard","meta":{"footnotes":""},"categories":[130],"tags":[9534,2562,623,137,33,31,30,2382,22388,22368,10748,19041,15542,22367,13013,4044,1496,6858,4905,22365,32,1652,4906,109],"class_list":{"0":"post-125491","1":"post","2":"type-post","3":"status-publish","4":"format-standard","5":"has-post-thumbnail","7":"category-viihde","8":"tag-alma-poysti","9":"tag-antti-luusuaniemi","10":"tag-elokuva","11":"tag-entertainment","12":"tag-fi","13":"tag-finland","14":"tag-finnish","15":"tag-haastattelu","16":"tag-hahmoterapia","17":"tag-jakob-ohrman","18":"tag-jarkko-niemi","19":"tag-kasikirjoittaja","20":"tag-matleena-kuusniemi","21":"tag-mikko-kauppila","22":"tag-ohjaaja","23":"tag-paavo-westerberg","24":"tag-parisuhde","25":"tag-parisuhdeterapia","26":"tag-pihla-viitala","27":"tag-ryhmaterapia","28":"tag-suomi","29":"tag-terapia","30":"tag-tommi-korpela","31":"tag-viihde"},"share_on_mastodon":{"url":"https:\/\/pubeurope.com\/@fi\/115779962575119302","error":""},"_links":{"self":[{"href":"https:\/\/www.europesays.com\/fi\/wp-json\/wp\/v2\/posts\/125491","targetHints":{"allow":["GET"]}}],"collection":[{"href":"https:\/\/www.europesays.com\/fi\/wp-json\/wp\/v2\/posts"}],"about":[{"href":"https:\/\/www.europesays.com\/fi\/wp-json\/wp\/v2\/types\/post"}],"author":[{"embeddable":true,"href":"https:\/\/www.europesays.com\/fi\/wp-json\/wp\/v2\/users\/2"}],"replies":[{"embeddable":true,"href":"https:\/\/www.europesays.com\/fi\/wp-json\/wp\/v2\/comments?post=125491"}],"version-history":[{"count":0,"href":"https:\/\/www.europesays.com\/fi\/wp-json\/wp\/v2\/posts\/125491\/revisions"}],"wp:featuredmedia":[{"embeddable":true,"href":"https:\/\/www.europesays.com\/fi\/wp-json\/wp\/v2\/media\/125492"}],"wp:attachment":[{"href":"https:\/\/www.europesays.com\/fi\/wp-json\/wp\/v2\/media?parent=125491"}],"wp:term":[{"taxonomy":"category","embeddable":true,"href":"https:\/\/www.europesays.com\/fi\/wp-json\/wp\/v2\/categories?post=125491"},{"taxonomy":"post_tag","embeddable":true,"href":"https:\/\/www.europesays.com\/fi\/wp-json\/wp\/v2\/tags?post=125491"}],"curies":[{"name":"wp","href":"https:\/\/api.w.org\/{rel}","templated":true}]}}