{"id":125497,"date":"2025-12-25T11:30:08","date_gmt":"2025-12-25T11:30:08","guid":{"rendered":"https:\/\/www.europesays.com\/fi\/125497\/"},"modified":"2025-12-25T11:30:08","modified_gmt":"2025-12-25T11:30:08","slug":"k-market-paloi-porissa-tama-epaillysta-tuhopolttajasta-tiedetaan-ilta-sanomat","status":"publish","type":"post","link":"https:\/\/www.europesays.com\/fi\/125497\/","title":{"rendered":"K-market paloi Porissa \u2013 t\u00e4m\u00e4 ep\u00e4illyst\u00e4 tuhopolttajasta tiedet\u00e4\u00e4n &#8211; Ilta-Sanomat"},"content":{"rendered":"<ol>\n<li><a href=\"https:\/\/news.google.com\/rss\/articles\/CBMiXEFVX3lxTE9pUnk3em1vemFJZXF6dm1GY0dFSjRmeTVGUHUwdDhhYTJvQ2xQQUFWeXl6UVdUbzZqRlp6RlV5cmRnVXZvLWxwM0hlNFpCNVAtX0oySEpqTVNvR1hj?oc=5\" target=\"_blank\" rel=\"nofollow noopener\">K-market paloi Porissa \u2013 t\u00e4m\u00e4 ep\u00e4illyst\u00e4 tuhopolttajasta tiedet\u00e4\u00e4n<\/a>&nbsp;&nbsp;Ilta-Sanomat<\/li>\n<li><a href=\"https:\/\/news.google.com\/rss\/articles\/CBMicEFVX3lxTFBOWmhYMUFraTRNSHJqNkhHWUl0dGdQV3JGWnNVYjh3ckM3RWVRLUozSHN6dlZxWmw0ZGpwblRJQXNPMGp4WFhPd2FYS2toS3BVNFY1ZW9hck1HeHFqS1FEaS1fTzBmeHZBTm5STzRIb08?oc=5\" target=\"_blank\" rel=\"nofollow noopener\">Tulipalot | Vaaratiedote purettu Porissa, evakuointiin ei lopulta ollut tarvetta \u2013 poliisi tutkii K-market Koivistonpuistikon paloa t\u00f6rke\u00e4n\u00e4 tuhoty\u00f6n\u00e4<\/a>&nbsp;&nbsp;Satakunnan Kansa<\/li>\n<li><a href=\"https:\/\/news.google.com\/rss\/articles\/CBMiQkFVX3lxTE5LMmpTeXd2alJqLWpIeWUtZzc3QTJ4R0p0OXFTSTJaY21QZ3B3Z0FmRmJnay1kenpLMGl5NVBYMkhRdw?oc=5\" target=\"_blank\" rel=\"nofollow noopener\">Tuhoisa tulipalo ruokakaupassa Porissa \u2013 poliisi ottanut rikoksesta ep\u00e4illyn kiinni<\/a>&nbsp;&nbsp;Yle<\/li>\n<li><a href=\"https:\/\/news.google.com\/rss\/articles\/CBMidEFVX3lxTE9VRl9Gc2E5Q3ZMYjdMbW1lamphZXBpNEVRdFhsQmFCWVlyVVVOa2NWd2NkYnRZLUdqcjluUHdabWxWZkJzQ0V3ejFwY193WTRBbWpYNExzUTVMUW9pOGpENWxpR1ZsSU56SHFGaGZsSlZsbXFO?oc=5\" target=\"_blank\" rel=\"nofollow noopener\">Poliisi ep\u00e4ilee rikosta Porin K-marketin palossa \u2013 osa rakennuksen tavaroista saatiin pelastettua<\/a>&nbsp;&nbsp;mtvuutiset.fi<\/li>\n<li><a href=\"https:\/\/news.google.com\/rss\/articles\/CBMiWkFVX3lxTE1sOFEzTDBZb3FGaVhLR25mMnA5NEZLV0VDUnB2Y3RTVW1NZ0RQcnVyQTNlSjVTUWV3OEtfa3hRb2xqTFBwdnpXTGExSXJhblJnNkZFcWJLVUhOdw?oc=5\" target=\"_blank\" rel=\"nofollow noopener\">Pori | Kauppias her\u00e4si jouluaamuna ilmoitukseen: K-Market on tulessa<\/a>&nbsp;&nbsp;HS.fi<\/li>\n<\/ol>\n","protected":false},"excerpt":{"rendered":"K-market paloi Porissa \u2013 t\u00e4m\u00e4 ep\u00e4illyst\u00e4 tuhopolttajasta tiedet\u00e4\u00e4n&nbsp;&nbsp;Ilta-Sanomat Tulipalot | Vaaratiedote purettu Porissa, evakuointiin ei lopulta ollut tarvetta&hellip;\n","protected":false},"author":2,"featured_media":125498,"comment_status":"","ping_status":"","sticky":false,"template":"","format":"standard","meta":{"footnotes":""},"categories":[12],"tags":[22,23,26,27,33,31,30,17,34,24,25,28,29,15,18,21,32,19,20,16],"class_list":{"0":"post-125497","1":"post","2":"type-post","3":"status-publish","4":"format-standard","5":"has-post-thumbnail","7":"category-suomi","8":"tag-breaking-news","9":"tag-breakingnews","10":"tag-featured-news","11":"tag-featurednews","12":"tag-fi","13":"tag-finland","14":"tag-finnish","15":"tag-headlines","16":"tag-ilta-sanomat","17":"tag-latest-news","18":"tag-latestnews","19":"tag-main-news","20":"tag-mainnews","21":"tag-news","22":"tag-otsikot","23":"tag-paauutiset","24":"tag-suomi","25":"tag-top-stories","26":"tag-topstories","27":"tag-uutiset"},"share_on_mastodon":{"url":"https:\/\/pubeurope.com\/@fi\/115779982172102182","error":""},"_links":{"self":[{"href":"https:\/\/www.europesays.com\/fi\/wp-json\/wp\/v2\/posts\/125497","targetHints":{"allow":["GET"]}}],"collection":[{"href":"https:\/\/www.europesays.com\/fi\/wp-json\/wp\/v2\/posts"}],"about":[{"href":"https:\/\/www.europesays.com\/fi\/wp-json\/wp\/v2\/types\/post"}],"author":[{"embeddable":true,"href":"https:\/\/www.europesays.com\/fi\/wp-json\/wp\/v2\/users\/2"}],"replies":[{"embeddable":true,"href":"https:\/\/www.europesays.com\/fi\/wp-json\/wp\/v2\/comments?post=125497"}],"version-history":[{"count":0,"href":"https:\/\/www.europesays.com\/fi\/wp-json\/wp\/v2\/posts\/125497\/revisions"}],"wp:featuredmedia":[{"embeddable":true,"href":"https:\/\/www.europesays.com\/fi\/wp-json\/wp\/v2\/media\/125498"}],"wp:attachment":[{"href":"https:\/\/www.europesays.com\/fi\/wp-json\/wp\/v2\/media?parent=125497"}],"wp:term":[{"taxonomy":"category","embeddable":true,"href":"https:\/\/www.europesays.com\/fi\/wp-json\/wp\/v2\/categories?post=125497"},{"taxonomy":"post_tag","embeddable":true,"href":"https:\/\/www.europesays.com\/fi\/wp-json\/wp\/v2\/tags?post=125497"}],"curies":[{"name":"wp","href":"https:\/\/api.w.org\/{rel}","templated":true}]}}