{"id":125499,"date":"2025-12-25T11:31:12","date_gmt":"2025-12-25T11:31:12","guid":{"rendered":"https:\/\/www.europesays.com\/fi\/125499\/"},"modified":"2025-12-25T11:31:12","modified_gmt":"2025-12-25T11:31:12","slug":"ilta-sanomien-lukijat-aanestivat-suomen-parasta-talvikaupunkia-rovaniemi-on-ykkonen-ja-kuopio-toisiksi-paras","status":"publish","type":"post","link":"https:\/\/www.europesays.com\/fi\/125499\/","title":{"rendered":"Ilta-Sanomien lukijat \u00e4\u00e4nestiv\u00e4t Suomen parasta talvikaupunkia: Rovaniemi on ykk\u00f6nen ja Kuopio toisiksi paras"},"content":{"rendered":"<p>N\u00e4m\u00e4 kaksi kaupunkia olivat suomalaisten ehdottomia suosikkeja erityisesti talvisin.<\/p>\n<p>Ulkomaiset turistit kertoivat IS:lle, paljonko reissu Rovaniemelle tuli heille maksamaan. He kertovat my\u00f6s mielipiteens\u00e4 Suomen hintatasosta.<\/p>\n<p>Lue tiivistelm\u00e4<\/p>\n<p class=\"article-body mb-nof-24 px-nof-16 sndp-summary-bullet-point-font\">Rovaniemi on Ilta-Sanomien lukijoiden \u00e4\u00e4nestyksen mukaan Suomen paras talvikaupunki. Noin joka viides vastaaja \u00e4\u00e4nesti sit\u00e4.<\/p>\n<p class=\"article-body mb-nof-24 px-nof-16 sndp-summary-bullet-point-font\">Rovaniemi sai kehuja joulutunnelmastaan, Joulupukin Pajakyl\u00e4st\u00e4 ja lumisesta talvesta.<\/p>\n<p class=\"article-body mb-nof-24 px-nof-16 sndp-summary-bullet-point-font\">Toiseksi parhaaksi talvikaupungiksi \u00e4\u00e4nestettiin Kuopio, joka ker\u00e4si 15 prosenttia \u00e4\u00e4nist\u00e4 muun muassa joulutorinsa ja Puijon aktiviteettien ansiosta.<\/p>\n<p class=\"article-body mb-nof-24 px-nof-16\">Suomi on t\u00e4ynn\u00e4 ihania kes\u00e4kaupunkeja, mutta talvisin tunnelma onkin aivan eri. Kysyimme Ilta-Sanomien lukijoilta, mik\u00e4 Suomen kaupungeista on <a class=\"underline underline-offset-[0.12em] [text-decoration-thickness:var(--generic-link-underline-thickness)] [text-decoration-color:var(--generic-link-underline-color)] [text-decoration-skip-ink:var(--generic-link-underline-skip-ink)] break-words\" href=\"https:\/\/www.is.fi\/matkat\/art-2000011698623.html\" rel=\"nofollow noopener\" target=\"_blank\">heid\u00e4n suosikkinsa<\/a> erityisesti talviaikaan.<\/p>\n<p class=\"article-body mb-nof-24 px-nof-16\">Suomalaiset saivat \u00e4\u00e4nest\u00e4\u00e4 parasta talvikaupunkia 25:n suurimman kaupungin joukosta ja perustella, mik\u00e4 tekee juuri kyseisest\u00e4 paikasta talvella niin vetovoimaisen. Kyselyyn oli kertynyt jutun tekohetkell\u00e4 yli 900 vastausta.<\/p>\n<p class=\"article-body mb-nof-24 px-nof-16\">Voittajakaksikko ker\u00e4\u00e4 katseet erityisesti pohjoisempaan suuntaan. Siell\u00e4 kunnon lumikuorrutteesta ja talvisista keleist\u00e4 saadaan nauttia yh\u00e4 talvisin.<\/p>\n<p>Ylivoimainen murskavoitto<\/p>\n<p class=\"article-body mb-nof-24 px-nof-16\">Lapin maakuntakeskus Rovaniemi on IS:n \u00e4\u00e4nestyksen perusteella Suomen ylivoimaisesti paras kaupunki talviaikaan. Sen puolesta liputti noin joka viides vastaaja.<\/p>\n<p class=\"article-body mb-nof-24 px-nof-16\">Eik\u00e4 ihme: Noin 66\u202f000 asukkaan Rovanieme\u00e4 halkoo pohjoinen napapiiri, jonka kohdalla sijaitsee suosittu turistikohde Joulupukin Pajakyl\u00e4. Rovaniemi tunnetaankin todellisena joulukaupunkina.<\/p>\n<p><img decoding=\"async\" src=\"https:\/\/www.europesays.com\/fi\/wp-content\/uploads\/2025\/12\/1766662270_550_468.jpg\" alt=\"Napapiirill\u00e4 sijaitseva joulun ihmemaa, Joulupukin Pajakyl\u00e4, on suosittu matkailukohde.\" class=\"_Img_1rerz_1\" style=\"aspect-ratio:1.5011727912431587\" loading=\"eager\"\/><\/p>\n<p class=\"article-picture-caption\">Napapiirill\u00e4 sijaitseva joulun ihmemaa, Joulupukin Pajakyl\u00e4, on suosittu matkailukohde. Kuva:\u00a0Juha Salminen \/ HS<\/p>\n<p class=\"article-body mb-nof-24 px-nof-16\">Moni Rovanieme\u00e4 \u00e4\u00e4nest\u00e4neist\u00e4 lukijoista hehkuttikin juuri kaupungin ainutlaatuista joulutunnelmaa ja kutsui sit\u00e4 Joulupukin kodiksi.<\/p>\n<p><img decoding=\"async\" src=\"https:\/\/www.europesays.com\/fi\/wp-content\/uploads\/2025\/12\/1766662270_51_468.jpg\" alt=\"Rovaniemell\u00e4 on talvisin lumitakuu, monet kehuvat. Kuvassa on tammikuinen maisema Ounasjoen rannalla.\" class=\"_Img_1rerz_1\" style=\"aspect-ratio:1.5\" loading=\"eager\"\/><\/p>\n<p class=\"article-picture-caption\">Rovaniemell\u00e4 on talvisin lumitakuu, monet kehuvat. Kuvassa on tammikuinen maisema Ounasjoen rannalla. Kuva:\u00a0Antti H\u00e4m\u00e4l\u00e4inen<\/p>\n<blockquote class=\"[font-style:var(--blockquote-font-style,italic)] m-[var(--blockquote-margin)] pl-[calc(var(--nof-core-dimension-200)+var(--blockquote-border-width))] relative before:absolute before:left-0 before:h-full before:w-[var(--blockquote-border-width)] before:border-l-[length:var(--blockquote-border-width)] before:border-l-[color:var(--blockquote-border-color)] before:-skew-y-[var(--blockquote-border-skew,0deg)]\">\n<p class=\"article-body mb-nof-8\">Koska siell\u00e4 on Joulupukin toimisto ja aina jouluna lunta. Nainen, 65<\/p>\n<\/blockquote>\n<blockquote class=\"[font-style:var(--blockquote-font-style,italic)] m-[var(--blockquote-margin)] pl-[calc(var(--nof-core-dimension-200)+var(--blockquote-border-width))] relative before:absolute before:left-0 before:h-full before:w-[var(--blockquote-border-width)] before:border-l-[length:var(--blockquote-border-width)] before:border-l-[color:var(--blockquote-border-color)] before:-skew-y-[var(--blockquote-border-skew,0deg)]\">\n<p class=\"article-body mb-nof-8\">Arctic Circle, Santa\u2019s Park: niill\u00e4 Rovaniemi on jo ylivoimainen. Ja nyky\u00e4\u00e4n ainoita kaupunkeja, joissa voi puhua kunnon talvesta. Mies, 42<\/p>\n<\/blockquote>\n<blockquote class=\"[font-style:var(--blockquote-font-style,italic)] m-[var(--blockquote-margin)] pl-[calc(var(--nof-core-dimension-200)+var(--blockquote-border-width))] relative before:absolute before:left-0 before:h-full before:w-[var(--blockquote-border-width)] before:border-l-[length:var(--blockquote-border-width)] before:border-l-[color:var(--blockquote-border-color)] before:-skew-y-[var(--blockquote-border-skew,0deg)]\">\n<p class=\"article-body mb-nof-8\">Joulunaikaan siell\u00e4 on oikea tunnelma ja ihana, sininen kaamos. Rakastan! Nainen, 65<\/p>\n<\/blockquote>\n<p class=\"article-body mb-nof-24 px-nof-16\">Kehuja saa my\u00f6s Rovaniemen takuuvarmasti luminen talvi, kaunis luonto, tunnelma sek\u00e4 se, ett\u00e4 siell\u00e4 voi harrastaa monipuolisesti eri talviurheilulajeja.<\/p>\n<blockquote class=\"[font-style:var(--blockquote-font-style,italic)] m-[var(--blockquote-margin)] pl-[calc(var(--nof-core-dimension-200)+var(--blockquote-border-width))] relative before:absolute before:left-0 before:h-full before:w-[var(--blockquote-border-width)] before:border-l-[length:var(--blockquote-border-width)] before:border-l-[color:var(--blockquote-border-color)] before:-skew-y-[var(--blockquote-border-skew,0deg)]\">\n<p class=\"article-body mb-nof-8\">Talven ainutlaatuinen valo, taivaan v\u00e4rit ja pime\u00e4 kohtaavat Rovaniemell\u00e4. Sit\u00e4 ei voi sanoin kuvailla, se on koettava. Paljon aktiviteettimahdollisuuksia ja hiljentymist\u00e4 oman tarpeen mukaan. Nainen, 60<\/p>\n<\/blockquote>\n<blockquote class=\"[font-style:var(--blockquote-font-style,italic)] m-[var(--blockquote-margin)] pl-[calc(var(--nof-core-dimension-200)+var(--blockquote-border-width))] relative before:absolute before:left-0 before:h-full before:w-[var(--blockquote-border-width)] before:border-l-[length:var(--blockquote-border-width)] before:border-l-[color:var(--blockquote-border-color)] before:-skew-y-[var(--blockquote-border-skew,0deg)]\">\n<p class=\"article-body mb-nof-8\">Kyll\u00e4h\u00e4n sen koko muukin maailma tiet\u00e4\u00e4, ett\u00e4 Rovaniemi on paras talvikaupunki. Hyv\u00e4t palvelut ja lyhyt matka tuntureihin. Nainen, 44<\/p>\n<\/blockquote>\n<blockquote class=\"[font-style:var(--blockquote-font-style,italic)] m-[var(--blockquote-margin)] pl-[calc(var(--nof-core-dimension-200)+var(--blockquote-border-width))] relative before:absolute before:left-0 before:h-full before:w-[var(--blockquote-border-width)] before:border-l-[length:var(--blockquote-border-width)] before:border-l-[color:var(--blockquote-border-color)] before:-skew-y-[var(--blockquote-border-skew,0deg)]\">\n<p class=\"article-body mb-nof-8\">T\u00e4\u00e4ll\u00e4 on useimmiten talvella lunta, joka tekee talvesta oikean talven. Nainen, 72<\/p>\n<\/blockquote>\n<p>Kakkosena Kuopio<\/p>\n<p class=\"article-body mb-nof-24 px-nof-16\">Pohjois-Savon suurin kaupunki Kuopio sai toisiksi eniten kannatusta: yhteens\u00e4 15 prosenttia \u00e4\u00e4nist\u00e4. Kuopio on suomalaisten mieleen ymp\u00e4ri vuoden, sill\u00e4 se pokkasi hopeasijan my\u00f6s <a class=\"underline underline-offset-[0.12em] [text-decoration-thickness:var(--generic-link-underline-thickness)] [text-decoration-color:var(--generic-link-underline-color)] [text-decoration-skip-ink:var(--generic-link-underline-skip-ink)] break-words\" href=\"https:\/\/www.is.fi\/matkat\/art-2000011289852.html\" rel=\"nofollow noopener\" target=\"_blank\">parhaan kes\u00e4kaupungin <\/a>mittel\u00f6ss\u00e4. Ihmisiin vetoavat Kuopiossa lupsakka tunnelma ja kaunis luonto.<\/p>\n<blockquote class=\"[font-style:var(--blockquote-font-style,italic)] m-[var(--blockquote-margin)] pl-[calc(var(--nof-core-dimension-200)+var(--blockquote-border-width))] relative before:absolute before:left-0 before:h-full before:w-[var(--blockquote-border-width)] before:border-l-[length:var(--blockquote-border-width)] before:border-l-[color:var(--blockquote-border-color)] before:-skew-y-[var(--blockquote-border-skew,0deg)]\">\n<p class=\"article-body mb-nof-8\">Kaikki kaupungithan ovat kivoja tai n\u00e4ttej\u00e4 kes\u00e4isin, mutta Kuopio on sit\u00e4 my\u00f6s talvisin. Nainen, 48<\/p>\n<\/blockquote>\n<p><img decoding=\"async\" src=\"https:\/\/www.europesays.com\/fi\/wp-content\/uploads\/2025\/12\/1766662271_582_468.jpg\" alt=\"Kuopion m\u00e4kihyppytornin vieress\u00e4 sijaitsee kaupungin kuuluisin maamerkki, Puijon torni. Huipulta voi n\u00e4hd\u00e4 koko kaupungin yli.\" class=\"_Img_1rerz_1\" style=\"aspect-ratio:0.75\" loading=\"eager\"\/><\/p>\n<p class=\"article-picture-caption\">Kuopion m\u00e4kihyppytornin vieress\u00e4 sijaitsee kaupungin kuuluisin maamerkki, Puijon torni. Huipulta voi n\u00e4hd\u00e4 koko kaupungin yli. Kuva:\u00a0Timo Hartikainen<\/p>\n<p class=\"article-body mb-nof-24 px-nof-16\">Kehuja sateli erityisen paljon Kuopion n\u00e4ytt\u00e4v\u00e4st\u00e4 joulutorista sek\u00e4 Puijon tornin alueesta, jossa riitt\u00e4\u00e4 paljon aktiviteetteja talvisin \u2013 esimerkiksi joulupolku.<\/p>\n<p class=\"article-body mb-nof-24 px-nof-16\">\u2013 Puijon joulupolku sopii niin lapsille kuin aikuisille. Lis\u00e4ksi Puijon alueelta l\u00f6ytyy muitakin talvisia aktiviteetteja. Kuopion torilla oleva joulutori on todella tunnelmallinen, hehkuttaa er\u00e4s Kuopion fanittaja \u00e4\u00e4nestyksess\u00e4.<\/p>\n<p class=\"article-body mb-nof-24 px-nof-16\">\u2013 Suomen kaunein joulutori, Ice Marathon -rata, Kallavesi, Puijon upea talvimets\u00e4 ja torni aktiviteetteineen sek\u00e4 vuodenajasta riippumatta lupsakka meininki, toinen luettelee.<\/p>\n<blockquote class=\"[font-style:var(--blockquote-font-style,italic)] m-[var(--blockquote-margin)] pl-[calc(var(--nof-core-dimension-200)+var(--blockquote-border-width))] relative before:absolute before:left-0 before:h-full before:w-[var(--blockquote-border-width)] before:border-l-[length:var(--blockquote-border-width)] before:border-l-[color:var(--blockquote-border-color)] before:-skew-y-[var(--blockquote-border-skew,0deg)]\">\n<p class=\"article-body mb-nof-8\">M\u00e4enlaskua Puijolla, luistelua luonnonj\u00e4\u00e4radalla ja laskettelua Tahkolla \u2013 Kuopiosta l\u00f6ytyy paljon tekemist\u00e4 talvella ja maisemat ovat upeita etenkin lumisina. My\u00f6s \u201dmualiman navan\u201d joulutori valoineen on el\u00e4mys! Nainen, 46<\/p>\n<\/blockquote>\n<p class=\"article-body mb-nof-24 px-nof-16\">Monipuoliset hiihto- ja laskettelumahdollisuudet sek\u00e4 Kallaveden luonnonj\u00e4\u00e4rata ker\u00e4siv\u00e4t monilta muiltakin vastaajilta rutkasti hehkutusta.<\/p>\n<p><img decoding=\"async\" src=\"https:\/\/www.europesays.com\/fi\/wp-content\/uploads\/2025\/12\/1766662271_931_468.jpg\" alt=\"Kuopion sataman liepeilt\u00e4 alkaa luonnonj\u00e4\u00e4rata, jossa voi harrastaa erilaisia talvilajeja, kuten paikalliseen tapaan potkukelkkailua.\" class=\"_Img_1rerz_1\" style=\"aspect-ratio:0.6666666666666666\" loading=\"eager\"\/><\/p>\n<p class=\"article-picture-caption\">Kuopion sataman liepeilt\u00e4 alkaa luonnonj\u00e4\u00e4rata, jossa voi harrastaa erilaisia talvilajeja, kuten paikalliseen tapaan potkukelkkailua. Kuva:\u00a0Jukka Gr\u00f6ndahl \/ HS<\/p>\n<blockquote class=\"[font-style:var(--blockquote-font-style,italic)] m-[var(--blockquote-margin)] pl-[calc(var(--nof-core-dimension-200)+var(--blockquote-border-width))] relative before:absolute before:left-0 before:h-full before:w-[var(--blockquote-border-width)] before:border-l-[length:var(--blockquote-border-width)] before:border-l-[color:var(--blockquote-border-color)] before:-skew-y-[var(--blockquote-border-skew,0deg)]\">\n<p class=\"article-body mb-nof-8\">Talven aktiviteetteja, kuten hiihtoa ja luistelua, pystyy harrastamaan pitkin kaupunkia monessa eri paikassa. Etenkin matkustajasataman retkiluistelurata ker\u00e4\u00e4 Kallaveden j\u00e4\u00e4lle paljon porukkaa luistelemaan, hiiht\u00e4m\u00e4\u00e4n tai muuten nauttimaan Kuopion talvesta. Nainen, 32<\/p>\n<\/blockquote>\n<p class=\"article-body mb-nof-24 px-nof-16\">Lis\u00e4ksi Kuopion kannattajat kertovat, ett\u00e4 kaupungissa riitt\u00e4\u00e4 kulttuuria ja tekemist\u00e4 sis\u00e4tiloissakin, kuten museoita ja teatteria.<\/p>\n<blockquote class=\"[font-style:var(--blockquote-font-style,italic)] m-[var(--blockquote-margin)] pl-[calc(var(--nof-core-dimension-200)+var(--blockquote-border-width))] relative before:absolute before:left-0 before:h-full before:w-[var(--blockquote-border-width)] before:border-l-[length:var(--blockquote-border-width)] before:border-l-[color:var(--blockquote-border-color)] before:-skew-y-[var(--blockquote-border-skew,0deg)]\">\n<p class=\"article-body mb-nof-8\">Kuopiossa on upeat hiihtomahdollisuudet eritasoisille hiiht\u00e4jille, luistelumahdollisuus luonnonj\u00e4\u00e4ll\u00e4 ja laskettelumahdollisuuksia useassa eri paikassa. Iltaisin voi aikaa viett\u00e4\u00e4 useissa ravintoloissa, teatterissa tai musiikkia kuunnellen. Kuopio on vaan paras. Nainen, 74<\/p>\n<\/blockquote>\n<blockquote class=\"[font-style:var(--blockquote-font-style,italic)] m-[var(--blockquote-margin)] pl-[calc(var(--nof-core-dimension-200)+var(--blockquote-border-width))] relative before:absolute before:left-0 before:h-full before:w-[var(--blockquote-border-width)] before:border-l-[length:var(--blockquote-border-width)] before:border-l-[color:var(--blockquote-border-color)] before:-skew-y-[var(--blockquote-border-skew,0deg)]\">\n<p class=\"article-body mb-nof-8\">Useat museot sijaitsevat lyhyiden k\u00e4velymatkojen p\u00e4\u00e4ss\u00e4 toisistaan. Savossa on my\u00f6s mukavat ihmiset ja lupsakka tunnelma. Nainen, 54<\/p>\n<\/blockquote>\n<p>Etel\u00e4n kaksi suosikkia<\/p>\n<p class=\"article-body mb-nof-24 px-nof-16\">Kolmanneksi parhaan talvikaupungin sijasta taistelivat Turku ja Porvoo \u2013 molemmat hieman alle kymmenen prosentin kannatuksella.<\/p>\n<p class=\"article-body mb-nof-24 px-nof-16\">Turku \u00e4\u00e4nestettiin parhaaksi kes\u00e4kaupungiksi, mutta talvisinkin historiallisessa kaupungissa riitt\u00e4\u00e4 el\u00e4myksi\u00e4, kuten perinteinen joulurauhan julistus, jonka moni Turkua \u00e4\u00e4nest\u00e4nyt mainitseekin.<\/p>\n<p><img decoding=\"async\" src=\"https:\/\/www.europesays.com\/fi\/wp-content\/uploads\/2025\/12\/1766662271_874_468.jpg\" alt=\"Turun Tuomiokirkon joulukuusi saa kehuja.\" class=\"_Img_1rerz_1\" style=\"aspect-ratio:1.5\" loading=\"eager\"\/><\/p>\n<p class=\"article-picture-caption\">Turun Tuomiokirkon joulukuusi saa kehuja. Kuva:\u00a0Juha Salminen \/ HS<\/p>\n<p class=\"article-body mb-nof-24 px-nof-16\">\u2013 Aurajoen kaunis valaistus ja valopuisto, Turun Tuomiokirkon joulukuusi, joulurauhan julistus sek\u00e4 joulun suurmarkkinat kauppatorilla, 67-vuotias nainen luettelee perustelunsa, miksi Turku on paras talvikaupunki.<\/p>\n<blockquote class=\"[font-style:var(--blockquote-font-style,italic)] m-[var(--blockquote-margin)] pl-[calc(var(--nof-core-dimension-200)+var(--blockquote-border-width))] relative before:absolute before:left-0 before:h-full before:w-[var(--blockquote-border-width)] before:border-l-[length:var(--blockquote-border-width)] before:border-l-[color:var(--blockquote-border-color)] before:-skew-y-[var(--blockquote-border-skew,0deg)]\">\n<p class=\"article-body mb-nof-8\">Turun Tuomiokirkon joulukuusi joka joulu yht\u00e4 vaikuttava. Nainen, 56<\/p>\n<\/blockquote>\n<p class=\"article-body mb-nof-24 px-nof-16\">My\u00f6s idyllinen Porvoo huokuu monen mielest\u00e4 aivan erityist\u00e4 joulutunnelmaa.<\/p>\n<p><img decoding=\"async\" src=\"https:\/\/www.europesays.com\/fi\/wp-content\/uploads\/2025\/12\/1766662272_376_468.jpg\" alt=\"Porvoon vanhassa kaupungissa on ihanan jouluinen tunnelma.\" class=\"_Img_1rerz_1\" style=\"aspect-ratio:1.5\" loading=\"eager\"\/><\/p>\n<p class=\"article-picture-caption\">Porvoon vanhassa kaupungissa on ihanan jouluinen tunnelma. Kuva:\u00a0Paula Kaskimaa \/ IS<\/p>\n<blockquote class=\"[font-style:var(--blockquote-font-style,italic)] m-[var(--blockquote-margin)] pl-[calc(var(--nof-core-dimension-200)+var(--blockquote-border-width))] relative before:absolute before:left-0 before:h-full before:w-[var(--blockquote-border-width)] before:border-l-[length:var(--blockquote-border-width)] before:border-l-[color:var(--blockquote-border-color)] before:-skew-y-[var(--blockquote-border-skew,0deg)]\">\n<p class=\"article-body mb-nof-8\">Porvoon vanhakaupunki on kuin joulusadusta. K\u00e4yk\u00e4\u00e4, niin uskotte! Mies, 73<\/p>\n<\/blockquote>\n<blockquote class=\"[font-style:var(--blockquote-font-style,italic)] m-[var(--blockquote-margin)] pl-[calc(var(--nof-core-dimension-200)+var(--blockquote-border-width))] relative before:absolute before:left-0 before:h-full before:w-[var(--blockquote-border-width)] before:border-l-[length:var(--blockquote-border-width)] before:border-l-[color:var(--blockquote-border-color)] before:-skew-y-[var(--blockquote-border-skew,0deg)]\">\n<p class=\"article-body mb-nof-8\">Suomen parhaat ja suurimmat joulumyyj\u00e4iset ovat Porvoon taidetehtaalla. Nainen, 75<\/p>\n<\/blockquote>\n","protected":false},"excerpt":{"rendered":"N\u00e4m\u00e4 kaksi kaupunkia olivat suomalaisten ehdottomia suosikkeja erityisesti talvisin. Ulkomaiset turistit kertoivat IS:lle, paljonko reissu Rovaniemelle tuli heille&hellip;\n","protected":false},"author":2,"featured_media":125500,"comment_status":"","ping_status":"","sticky":false,"template":"","format":"standard","meta":{"footnotes":""},"categories":[5],"tags":[22,23,26,27,33,31,30,17,34,24,25,28,29,15,18,21,32,19,20,16],"class_list":{"0":"post-125499","1":"post","2":"type-post","3":"status-publish","4":"format-standard","5":"has-post-thumbnail","7":"category-otsikot","8":"tag-breaking-news","9":"tag-breakingnews","10":"tag-featured-news","11":"tag-featurednews","12":"tag-fi","13":"tag-finland","14":"tag-finnish","15":"tag-headlines","16":"tag-ilta-sanomat","17":"tag-latest-news","18":"tag-latestnews","19":"tag-main-news","20":"tag-mainnews","21":"tag-news","22":"tag-otsikot","23":"tag-paauutiset","24":"tag-suomi","25":"tag-top-stories","26":"tag-topstories","27":"tag-uutiset"},"share_on_mastodon":{"url":"https:\/\/pubeurope.com\/@fi\/115779986204978323","error":""},"_links":{"self":[{"href":"https:\/\/www.europesays.com\/fi\/wp-json\/wp\/v2\/posts\/125499","targetHints":{"allow":["GET"]}}],"collection":[{"href":"https:\/\/www.europesays.com\/fi\/wp-json\/wp\/v2\/posts"}],"about":[{"href":"https:\/\/www.europesays.com\/fi\/wp-json\/wp\/v2\/types\/post"}],"author":[{"embeddable":true,"href":"https:\/\/www.europesays.com\/fi\/wp-json\/wp\/v2\/users\/2"}],"replies":[{"embeddable":true,"href":"https:\/\/www.europesays.com\/fi\/wp-json\/wp\/v2\/comments?post=125499"}],"version-history":[{"count":0,"href":"https:\/\/www.europesays.com\/fi\/wp-json\/wp\/v2\/posts\/125499\/revisions"}],"wp:featuredmedia":[{"embeddable":true,"href":"https:\/\/www.europesays.com\/fi\/wp-json\/wp\/v2\/media\/125500"}],"wp:attachment":[{"href":"https:\/\/www.europesays.com\/fi\/wp-json\/wp\/v2\/media?parent=125499"}],"wp:term":[{"taxonomy":"category","embeddable":true,"href":"https:\/\/www.europesays.com\/fi\/wp-json\/wp\/v2\/categories?post=125499"},{"taxonomy":"post_tag","embeddable":true,"href":"https:\/\/www.europesays.com\/fi\/wp-json\/wp\/v2\/tags?post=125499"}],"curies":[{"name":"wp","href":"https:\/\/api.w.org\/{rel}","templated":true}]}}