{"id":125505,"date":"2025-12-25T11:50:07","date_gmt":"2025-12-25T11:50:07","guid":{"rendered":"https:\/\/www.europesays.com\/fi\/125505\/"},"modified":"2025-12-25T11:50:07","modified_gmt":"2025-12-25T11:50:07","slug":"bruno-fernandes-loukkaantui-ruben-amorim-vaatii-muilta-pelaajilta-tasonnostoa","status":"publish","type":"post","link":"https:\/\/www.europesays.com\/fi\/125505\/","title":{"rendered":"Bruno Fernandes loukkaantui &#8211; R\u00faben Amorim vaatii muilta pelaajilta tasonnostoa"},"content":{"rendered":"<p>Manchester United is\u00e4nn\u00f6i Newcastlea perjantai-iltana Valioliigan 18. kierroksella.<\/p>\n<p>Manchester United joutuu tulemaan toimeen ilman kapteeniaan <strong>Bruno Fernandesia<\/strong>. Fernandes sai hiljattain lihasvamman, eik\u00e4 pelaa Newcastle-ottelussa. <\/p>\n<p>Manchester United ei ole kertonut, milloin Fernandesin on m\u00e4\u00e4r\u00e4 palata joukkueen vahvuuteen, mutta englantilaismedian mukaan Fernandes saattaa olla jopa kuukauden sivussa pelikentilt\u00e4.<\/p>\n<p>Manchester Unitedin p\u00e4\u00e4valmentaja <strong>R\u00faben Amorim<\/strong> tiedostaa, ett\u00e4 joukkueen muiden pelaajien on noustava esiin, jotta Fernandes voidaan korvata pelikentill\u00e4.<\/p>\n<p>\u2013 On mahdotonta korvata Brunoa, mutta sanoin joukkueelle, ett\u00e4 t\u00e4ss\u00e4 on my\u00f6s hyv\u00e4 asia, eli on monien pelaajien on noustava esiin. <\/p>\n<p>\u2013 Kyse ei ole vain pelin rakentelusta, vaan my\u00f6s jokaisesta erikoistilanteesta. Bruno on se pelaaja, joka organisoi joukkuetta. T\u00e4m\u00e4 on muille pelaajille mahdollisuus nousta esiin, sill\u00e4 emme voi olla riippuvaisia vain yhdest\u00e4 pelaajasta. <\/p>\n<p>\u2013 Joskus olemme h\u00e4nest\u00e4 riippuvaisia organisoinnin ja pelin rakentelun suhteen. Olemme menett\u00e4neet Brunon, <strong>Bryan Mbeumon<\/strong> ja <strong>Amad Diallon<\/strong>, joten t\u00e4m\u00e4 on iso haaste joukkueelle.<\/p>\n<p>\t\t\t\t\t\tLUE MY\u00d6S\t\t\t\t<\/p>\n<p>\u00a0<\/p>\n","protected":false},"excerpt":{"rendered":"Manchester United is\u00e4nn\u00f6i Newcastlea perjantai-iltana Valioliigan 18. kierroksella. Manchester United joutuu tulemaan toimeen ilman kapteeniaan Bruno Fernandesia. Fernandes&hellip;\n","protected":false},"author":2,"featured_media":125506,"comment_status":"","ping_status":"","sticky":false,"template":"","format":"standard","meta":{"footnotes":""},"categories":[158],"tags":[33,31,30,159,32,160],"class_list":{"0":"post-125505","1":"post","2":"type-post","3":"status-publish","4":"format-standard","5":"has-post-thumbnail","7":"category-urheilu","8":"tag-fi","9":"tag-finland","10":"tag-finnish","11":"tag-sports","12":"tag-suomi","13":"tag-urheilu"},"share_on_mastodon":{"url":"https:\/\/pubeurope.com\/@fi\/115780060832277418","error":""},"_links":{"self":[{"href":"https:\/\/www.europesays.com\/fi\/wp-json\/wp\/v2\/posts\/125505","targetHints":{"allow":["GET"]}}],"collection":[{"href":"https:\/\/www.europesays.com\/fi\/wp-json\/wp\/v2\/posts"}],"about":[{"href":"https:\/\/www.europesays.com\/fi\/wp-json\/wp\/v2\/types\/post"}],"author":[{"embeddable":true,"href":"https:\/\/www.europesays.com\/fi\/wp-json\/wp\/v2\/users\/2"}],"replies":[{"embeddable":true,"href":"https:\/\/www.europesays.com\/fi\/wp-json\/wp\/v2\/comments?post=125505"}],"version-history":[{"count":0,"href":"https:\/\/www.europesays.com\/fi\/wp-json\/wp\/v2\/posts\/125505\/revisions"}],"wp:featuredmedia":[{"embeddable":true,"href":"https:\/\/www.europesays.com\/fi\/wp-json\/wp\/v2\/media\/125506"}],"wp:attachment":[{"href":"https:\/\/www.europesays.com\/fi\/wp-json\/wp\/v2\/media?parent=125505"}],"wp:term":[{"taxonomy":"category","embeddable":true,"href":"https:\/\/www.europesays.com\/fi\/wp-json\/wp\/v2\/categories?post=125505"},{"taxonomy":"post_tag","embeddable":true,"href":"https:\/\/www.europesays.com\/fi\/wp-json\/wp\/v2\/tags?post=125505"}],"curies":[{"name":"wp","href":"https:\/\/api.w.org\/{rel}","templated":true}]}}