{"id":125513,"date":"2025-12-25T11:56:11","date_gmt":"2025-12-25T11:56:11","guid":{"rendered":"https:\/\/www.europesays.com\/fi\/125513\/"},"modified":"2025-12-25T11:56:11","modified_gmt":"2025-12-25T11:56:11","slug":"ampuminen-alkaa-rajalla-jos-tama-viiva-ylitetaan","status":"publish","type":"post","link":"https:\/\/www.europesays.com\/fi\/125513\/","title":{"rendered":"Ampuminen alkaa rajalla, jos t\u00e4m\u00e4 viiva ylitet\u00e4\u00e4n"},"content":{"rendered":"<p>Viron ulkoministeri l\u00e4hetti selv\u00e4sanaisen viestin Kremliin.<\/p>\n<p><img decoding=\"async\" class=\"image image-show image-preview\" src=\"https:\/\/www.europesays.com\/fi\/wp-content\/uploads\/2025\/12\/5de53de7422628b7d6f99c8769b6c66d9f347b1db4e258de7123a8d8d4cf2812.jpg\" alt=\"\"\/><img decoding=\"async\" class=\"image image-show\" src=\"https:\/\/www.europesays.com\/fi\/wp-content\/uploads\/2025\/12\/1766663771_239_5de53de7422628b7d6f99c8769b6c66d9f347b1db4e258de7123a8d8d4cf2812.jpg\" alt=\"\"\/><\/p>\n<p>Viron ulkoministeri vannoi Viron ampuvan rajan ylitt\u00e4v\u00e4t tunnuksettomat ven\u00e4l\u00e4issotilaat.  ZumaWire \/ MVPHOTOS<\/p>\n<p class=\"paragraph\">Viron ulkoministeri <a href=\"https:\/\/www.iltalehti.fi\/henkilot\/Margus Tsahkna\" class=\"article-link-person-page\" rel=\"nofollow noopener\" target=\"_blank\">Margus Tsahkna<\/a> vannoo, ett\u00e4 Viro eliminoi rajan ylitt\u00e4v\u00e4t tunnuksettomat ven\u00e4l\u00e4issotilaat, <a href=\"https:\/\/www.rmf24.pl\/fakty\/swiat\/news-estonia-stawia-sie-putinowi-zielone-ludziki-do-odstrzalu-prz,nId,8053373\" target=\"_blank\" rel=\"noopener nofollow\">puolalaismedia RMF24<\/a> kertoo.<\/p>\n<p class=\"paragraph\">\u2013 Haluan tehd\u00e4 asian selv\u00e4ksi: jos pienet vihre\u00e4t miehet koskaan ylitt\u00e4v\u00e4t rajamme, ammumme heid\u00e4t. Se on seuraus, siit\u00e4 ei ole ep\u00e4ilyst\u00e4k\u00e4\u00e4n. Jos Ven\u00e4j\u00e4 ei ole varma reagoimmeko todella, he voivat testata meit\u00e4, ulkoministeri latasi.<\/p>\n<p class=\"paragraph\">Vihreill\u00e4 miehill\u00e4 Tsahkna tarkoittaa tunnuksettomia sotilaita, joita ilmestyi Krimille vuonna 2014 ennen kuin Ven\u00e4j\u00e4 valtasi alueen.<\/p>\n<p class=\"paragraph\">Ulkoministeri ilmoitti my\u00f6s, ett\u00e4 Viro ampuu alas maan turvallisuutta uhkaavat ven\u00e4l\u00e4iset h\u00e4vitt\u00e4j\u00e4t.<\/p>\n<p class=\"paragraph\">\u2013 T\u00e4m\u00e4 on punainen viiva, ja Putinin on muistettava se, ulkoministeri jyrisi.<\/p>\n<p class=\"paragraph\">Tsahknan mukaan Viron viranomaiset ovat t\u00e4ydess\u00e4 h\u00e4lytystilassa ja seuraavat jatkuvasti erityisesti Narvan alueen tilannetta.<\/p>\n<p class=\"paragraph\">Viron ja Ven\u00e4j\u00e4n rajalla sijaitsevaa Narvaa on pidetty mahdollisena kohteena, jos Ven\u00e4j\u00e4 p\u00e4\u00e4tt\u00e4isi hy\u00f6k\u00e4t\u00e4 sotilasliitto Naton alueelle.<\/p>\n<p class=\"paragraph\">Vladimir Putin vihjasi, ett\u00e4 Narva on historiallisesti osa Ven\u00e4j\u00e4\u00e4 hieman sen j\u00e4lkeen, kun Ven\u00e4j\u00e4 aloitti hy\u00f6kk\u00e4yssodan Ukrainassa.<\/p>\n<p class=\"paragraph\">Viron ulkoministeri Tsahkna varoittaa, ettei Eurooppa saa toistaa menneisyyden virheit\u00e4, joihin lukeutuu h\u00e4nen mukaansa l\u00e4nnen liian liev\u00e4 reaktio Ven\u00e4j\u00e4n aggressioon Georgiassa vuonna 2008 ja Krimill\u00e4 vuonna 2014.<\/p>\n","protected":false},"excerpt":{"rendered":"Viron ulkoministeri l\u00e4hetti selv\u00e4sanaisen viestin Kremliin. Viron ulkoministeri vannoi Viron ampuvan rajan ylitt\u00e4v\u00e4t tunnuksettomat ven\u00e4l\u00e4issotilaat. ZumaWire \/ MVPHOTOS&hellip;\n","protected":false},"author":2,"featured_media":125514,"comment_status":"","ping_status":"","sticky":false,"template":"","format":"standard","meta":{"footnotes":""},"categories":[12],"tags":[35,22,23,26,27,33,31,30,17,24,25,803,28,29,15,18,21,142,637,32,19,20,2534,4385,16],"class_list":{"0":"post-125513","1":"post","2":"type-post","3":"status-publish","4":"format-standard","5":"has-post-thumbnail","7":"category-suomi","8":"tag-24h","9":"tag-breaking-news","10":"tag-breakingnews","11":"tag-featured-news","12":"tag-featurednews","13":"tag-fi","14":"tag-finland","15":"tag-finnish","16":"tag-headlines","17":"tag-latest-news","18":"tag-latestnews","19":"tag-levottomuudet-ja-sodat","20":"tag-main-news","21":"tag-mainnews","22":"tag-news","23":"tag-otsikot","24":"tag-paauutiset","25":"tag-poliitikot","26":"tag-politiikka","27":"tag-suomi","28":"tag-top-stories","29":"tag-topstories","30":"tag-turvallisuuspolitiikka","31":"tag-ulkopolitiikka-ja-kansainvalinen-politiikka","32":"tag-uutiset"},"share_on_mastodon":{"url":"https:\/\/pubeurope.com\/@fi\/115780084446060689","error":""},"_links":{"self":[{"href":"https:\/\/www.europesays.com\/fi\/wp-json\/wp\/v2\/posts\/125513","targetHints":{"allow":["GET"]}}],"collection":[{"href":"https:\/\/www.europesays.com\/fi\/wp-json\/wp\/v2\/posts"}],"about":[{"href":"https:\/\/www.europesays.com\/fi\/wp-json\/wp\/v2\/types\/post"}],"author":[{"embeddable":true,"href":"https:\/\/www.europesays.com\/fi\/wp-json\/wp\/v2\/users\/2"}],"replies":[{"embeddable":true,"href":"https:\/\/www.europesays.com\/fi\/wp-json\/wp\/v2\/comments?post=125513"}],"version-history":[{"count":0,"href":"https:\/\/www.europesays.com\/fi\/wp-json\/wp\/v2\/posts\/125513\/revisions"}],"wp:featuredmedia":[{"embeddable":true,"href":"https:\/\/www.europesays.com\/fi\/wp-json\/wp\/v2\/media\/125514"}],"wp:attachment":[{"href":"https:\/\/www.europesays.com\/fi\/wp-json\/wp\/v2\/media?parent=125513"}],"wp:term":[{"taxonomy":"category","embeddable":true,"href":"https:\/\/www.europesays.com\/fi\/wp-json\/wp\/v2\/categories?post=125513"},{"taxonomy":"post_tag","embeddable":true,"href":"https:\/\/www.europesays.com\/fi\/wp-json\/wp\/v2\/tags?post=125513"}],"curies":[{"name":"wp","href":"https:\/\/api.w.org\/{rel}","templated":true}]}}