{"id":125515,"date":"2025-12-25T11:57:08","date_gmt":"2025-12-25T11:57:08","guid":{"rendered":"https:\/\/www.europesays.com\/fi\/125515\/"},"modified":"2025-12-25T11:57:08","modified_gmt":"2025-12-25T11:57:08","slug":"joulukuun-lampoennatys-rikkoutui-islannissa-198-astetta-jouluaattona-uutisia-lyhyesti","status":"publish","type":"post","link":"https:\/\/www.europesays.com\/fi\/125515\/","title":{"rendered":"Joulukuun l\u00e4mp\u00f6enn\u00e4tys rikkoutui Islannissa: 19,8 astetta jouluaattona | Uutisia lyhyesti"},"content":{"rendered":"<p class=\"aw-1gybjub aw-5vja16 kEtdKx kmuxyA yle__article__paragraph\">Edellinen joulukuun enn\u00e4tys\u00adl\u00e4mp\u00f6tila oli mitattu 2. joulu\u00adkuuta 2019.<\/p>\n<p><img decoding=\"async\" alt=\"Ilmakuva Sey\u00f0isfj\u00f6r\u00f0urista: edustalla merta ja laiva, taustalla rakennuksia. Takana nousee vuori.\" src=\"https:\/\/www.europesays.com\/fi\/wp-content\/uploads\/2025\/12\/39-1574442694d1c7cf3cc9.jpeg\" class=\"aw-1l9m598 hKVVvP\"\/><\/p>\n<p>Avaa kuvien katselu<\/p>\n<p>Sey\u00f0isfj\u00f6r\u00f0urin kyl\u00e4 Islannin it\u00e4rannikolla kuvattiin syyskuussa 2023. Kuva: Sergi Reboredo \/ Getty<\/p>\n<p class=\"aw-1gybjub aw-1p7kakr kEtdKx cEmitX yle__article__paragraph\">Islannissa rikottiin joulukuun l\u00e4mp\u00f6enn\u00e4tys eilen jouluaattona, Islannin <a class=\"aw-iao6s4 iHOxEa yle__article__link\" href=\"https:\/\/www.ruv.is\/frettir\/innlent\/2025-12-25-desemberhitamet-fell-a-seydisfirdi-thar-sem-maeldust-198-stig-462311\" role=\"link\" rel=\"nofollow noopener\" target=\"_blank\">yleisradioyhti\u00f6 R\u00daV<\/a> kertoo.<\/p>\n<p class=\"aw-1gybjub aw-1p7kakr kEtdKx cEmitX yle__article__paragraph\">L\u00e4mp\u00f6tila nousi kes\u00e4lukemiin eli 19,8 asteeseen pieness\u00e4 Sey\u00f0isfj\u00f6r\u00f0urin kyl\u00e4ss\u00e4 Islannin it\u00e4rannikolla.<\/p>\n<p class=\"aw-1gybjub aw-1p7kakr kEtdKx cEmitX yle__article__paragraph\">Entinen, kuuden vuoden takainen joulukuun enn\u00e4tys mittaushistorian aikana ylittyi 0,1 asteella.<\/p>\n<p class=\"aw-1gybjub aw-1p7kakr kEtdKx cEmitX yle__article__paragraph\">\u2013 N\u00e4m\u00e4 ovat uskomattomia l\u00e4mp\u00f6tiloja, kirjoitti meteorologi <strong class=\"aw-ak79eh KyCXm yle__article__strong\">Einar Sveinbj\u00f6rnsson<\/strong> <a class=\"aw-iao6s4 iHOxEa yle__article__link\" href=\"https:\/\/www.facebook.com\/profile.php?id=100010495749434\" role=\"link\" rel=\"nofollow noopener\" target=\"_blank\">Facebook-sivullaan<\/a>.<\/p>\n<p class=\"aw-1gybjub aw-1p7kakr kEtdKx cEmitX yle__article__paragraph\">L\u00e4mp\u00f6enn\u00e4tys rikkoutui my\u00f6h\u00e4\u00e4n illalla, noin kello 23 paikallista aikaa.<\/p>\n<p class=\"aw-1gybjub aw-1p7kakr kEtdKx cEmitX yle__article__paragraph\">\u2013 Jouluy\u00f6 on viel\u00e4 nuori, eik\u00e4 voi sulkea pois, etteik\u00f6 l\u00e4mp\u00f6tila voisi nousta viel\u00e4 korkeammaksi id\u00e4ss\u00e4 t\u00e4ss\u00e4 eritt\u00e4in l\u00e4mpim\u00e4ss\u00e4 ilmassa, joka nyt virtaa maan yll\u00e4.<\/p>\n<p class=\"aw-1gybjub aw-1p7kakr kEtdKx cEmitX yle__article__paragraph\">P\u00e4ivyst\u00e4v\u00e4 meteorologi <strong class=\"aw-ak79eh KyCXm yle__article__strong\">Birgir \u00d6rn H\u00f6skuldsson<\/strong> Islannin ilmatieteen laitoksella selitti enn\u00e4tyst\u00e4 R\u00daV:lle sill\u00e4, l\u00e4mmin ilma ja kova tuuli aiheuttivat vuoristossa f\u00f6hntuulen. Silloin ilma l\u00e4mpenee alas virratessaan.<\/p>\n","protected":false},"excerpt":{"rendered":"Edellinen joulukuun enn\u00e4tys\u00adl\u00e4mp\u00f6tila oli mitattu 2. joulu\u00adkuuta 2019. Avaa kuvien katselu Sey\u00f0isfj\u00f6r\u00f0urin kyl\u00e4 Islannin it\u00e4rannikolla kuvattiin syyskuussa 2023.&hellip;\n","protected":false},"author":2,"featured_media":125516,"comment_status":"","ping_status":"","sticky":false,"template":"","format":"standard","meta":{"footnotes":""},"categories":[5],"tags":[22,23,26,27,33,31,30,17,2578,15226,22091,1423,24,25,28,29,15,18,21,710,32,19,20,56,16],"class_list":{"0":"post-125515","1":"post","2":"type-post","3":"status-publish","4":"format-standard","5":"has-post-thumbnail","7":"category-otsikot","8":"tag-breaking-news","9":"tag-breakingnews","10":"tag-featured-news","11":"tag-featurednews","12":"tag-fi","13":"tag-finland","14":"tag-finnish","15":"tag-headlines","16":"tag-ilmatieteen-laitos","17":"tag-islanti","18":"tag-jouluaatto","19":"tag-lampotila","20":"tag-latest-news","21":"tag-latestnews","22":"tag-main-news","23":"tag-mainnews","24":"tag-news","25":"tag-otsikot","26":"tag-paauutiset","27":"tag-saa","28":"tag-suomi","29":"tag-top-stories","30":"tag-topstories","31":"tag-ulkomaat","32":"tag-uutiset"},"share_on_mastodon":{"url":"https:\/\/pubeurope.com\/@fi\/115780088234130232","error":""},"_links":{"self":[{"href":"https:\/\/www.europesays.com\/fi\/wp-json\/wp\/v2\/posts\/125515","targetHints":{"allow":["GET"]}}],"collection":[{"href":"https:\/\/www.europesays.com\/fi\/wp-json\/wp\/v2\/posts"}],"about":[{"href":"https:\/\/www.europesays.com\/fi\/wp-json\/wp\/v2\/types\/post"}],"author":[{"embeddable":true,"href":"https:\/\/www.europesays.com\/fi\/wp-json\/wp\/v2\/users\/2"}],"replies":[{"embeddable":true,"href":"https:\/\/www.europesays.com\/fi\/wp-json\/wp\/v2\/comments?post=125515"}],"version-history":[{"count":0,"href":"https:\/\/www.europesays.com\/fi\/wp-json\/wp\/v2\/posts\/125515\/revisions"}],"wp:featuredmedia":[{"embeddable":true,"href":"https:\/\/www.europesays.com\/fi\/wp-json\/wp\/v2\/media\/125516"}],"wp:attachment":[{"href":"https:\/\/www.europesays.com\/fi\/wp-json\/wp\/v2\/media?parent=125515"}],"wp:term":[{"taxonomy":"category","embeddable":true,"href":"https:\/\/www.europesays.com\/fi\/wp-json\/wp\/v2\/categories?post=125515"},{"taxonomy":"post_tag","embeddable":true,"href":"https:\/\/www.europesays.com\/fi\/wp-json\/wp\/v2\/tags?post=125515"}],"curies":[{"name":"wp","href":"https:\/\/api.w.org\/{rel}","templated":true}]}}