{"id":125517,"date":"2025-12-25T12:09:10","date_gmt":"2025-12-25T12:09:10","guid":{"rendered":"https:\/\/www.europesays.com\/fi\/125517\/"},"modified":"2025-12-25T12:09:10","modified_gmt":"2025-12-25T12:09:10","slug":"gene-simmons-kertoi-ace-frehleyn-hautajaisista-avoin-arkku-oli-liikaa","status":"publish","type":"post","link":"https:\/\/www.europesays.com\/fi\/125517\/","title":{"rendered":"Gene Simmons kertoi Ace Frehleyn hautajaisista &#8211; &#8221;Avoin arkku oli liikaa&#8221;"},"content":{"rendered":"<p>Alkuper\u00e4inen <strong>KISS<\/strong>-kitaristi <strong>Ace Frehley<\/strong> menehtyi lokakuussa tapaturmaisessa kaatumisessa aiheutuneeseen aivoverenvuotoon. Frehley haudattiin New Yorkin Bronxissa 22. lokakuuta l\u00e4heisimpien sukulaisten ja yst\u00e4vien l\u00e4sn\u00e4ollessa. Paikalla olivat my\u00f6s entiset KISS-b\u00e4nditoverit <strong>Paul Stanley<\/strong>, <strong>Gene Simmons<\/strong> ja <strong>Peter Criss<\/strong>.<\/p>\n<p>Simmons oli hiljattain vierailemassa Mohr Stories -podcastissa ja t\u00e4lt\u00e4 kysyttiin, miten h\u00e4n sai tiet\u00e4\u00e4 Frehleyn menehtymisest\u00e4 ja millainen hautajaisseremonia oli.<\/p>\n<p>\u201dOlin t\u00e4\u00e4ll\u00e4 Kaliforniassa, kun sain viestin Peter Crissin vaimolta <strong>Gigilt\u00e4<\/strong>. Ace oli kaatunut portaissa ilmeisesti jo toistamiseen, eiv\u00e4tk\u00e4 he\u2026 Lyhyesti sanottuna sairaalassa todettiin, ett\u00e4 h\u00e4nest\u00e4 t\u00e4ytyy p\u00e4\u00e4st\u00e4\u00e4 irti\u201d, <a href=\"https:\/\/blabbermouth.net\/news\/gene-simmons-says-seeing-ace-frehley-in-an-open-casket-was-heartbreaking-i-just-had-to-put-my-head-down\" target=\"_blank\" rel=\"noreferrer noopener nofollow\">Simmons toteaa<\/a>.<\/p>\n<p>\u201dPeter Criss, Paul Stanley ja min\u00e4 lensimme New Yorkiin valvojaisiin ja itse hautajaisiin. Se oli todella tunteellinen tilanne, mutta avoin arkku oli liikaa. Minun oli pakko painaa p\u00e4\u00e4ni alas, koska h\u00e4n oli siin\u00e4 aivan edess\u00e4mme. Ja Ace n\u00e4ytti silt\u00e4, kuin olisi milloin tahansa voinut pompata pystyyn: \u2019Laskin leikki\u00e4\u2019 ja ollut taas se vanha hassuttelija, joka h\u00e4n aina oli.\u201d<\/p>\n<p>Frehleyn v\u00e4lit entisiin b\u00e4nditovereihinsa eiv\u00e4t tunnetusti olleet pelk\u00e4st\u00e4\u00e4n l\u00e4mpim\u00e4t vaan osapuolet heitteliv\u00e4t median v\u00e4lityksell\u00e4 toisilleen v\u00e4list\u00e4 hyvinkin piikikk\u00e4it\u00e4 kommentteja. Simmons ja Stanley puhuivat monesti siit\u00e4, miten Frehleyn p\u00e4ihteiden k\u00e4ytt\u00f6 aiheutti ongelmia ja lopulta johti b\u00e4ndist\u00e4 erottamiseen per\u00e4ti kahteen otteeseen.<\/p>\n<p>\u201dPerheen sis\u00e4ll\u00e4 on aina eripuraa. Joskus asioista ei olla samaa mielt\u00e4, joskus ei olla puhev\u00e4leiss\u00e4, mutta perhe on ja pysyy ikuisesti. Ilman Acea ja varsinkaan ilman Peteri\u00e4 KISSi\u00e4 ei olisi\u201d, Simmons toteaa.<\/p>\n<p>\u201dMutta huolimatta kaikesta maineesta ja kunniasta ja mammonasta ja naisista, Acen sis\u00e4ll\u00e4 oli jotain \u2013 aluksi se oli alkoholi \u2013 mit\u00e4 ei vain saanut pys\u00e4htym\u00e4\u00e4n. Kaikki me yritimme kyll\u00e4. Ja sitten h\u00e4n siirtyi seuraavaan kamaan ja sitten v\u00e4h\u00e4n vahempaan kamaan, mink\u00e4 kanssa h\u00e4n sitten meni ees taas. Ja lopulta h\u00e4n menehtyi nuorempana kuin min\u00e4.\u201d<\/p>\n<p>\u201dEhk\u00e4 voidaan sanoa, ett\u00e4 h\u00e4n ainakin eli el\u00e4m\u00e4\u00e4ns\u00e4 t\u00e4ysill\u00e4 loppuun asti. Ja vaikka ihmiset yrittiv\u00e4t muuttaa h\u00e4nt\u00e4, h\u00e4n oli aina Ace. Ja niin h\u00e4n valitsi el\u00e4\u00e4.\u201d<\/p>\n<p><img loading=\"lazy\" decoding=\"async\" alt=\"YouTube video\" width=\"480\" height=\"360\" data-pin-nopin=\"true\" nopin=\"nopin\" class=\"perfmatters-lazy\" src=\"https:\/\/www.europesays.com\/fi\/wp-content\/uploads\/2025\/12\/1766664550_903_hqdefault.jpg\"\/><\/p>\n<p>Lue my\u00f6s: <a href=\"https:\/\/www.inferno.fi\/uutiskirje\/\" title=\"Tilaa Infernon uutiskirje\" class=\"underline-custom !font-montserrat !font-bold !underline-offset-4 !decoration-4 !decoration-red-600 !text-md\" rel=\"nofollow noopener\" target=\"_blank\">Tilaa Infernon uutiskirje ja tied\u00e4t mist\u00e4 kahvitauolla puhutaan! Nappaa raskaan musiikin uutiset ja puheenaiheet suoraan s\u00e4hk\u00f6postiin t\u00e4st\u00e4.<\/a><\/p>\n","protected":false},"excerpt":{"rendered":"Alkuper\u00e4inen KISS-kitaristi Ace Frehley menehtyi lokakuussa tapaturmaisessa kaatumisessa aiheutuneeseen aivoverenvuotoon. Frehley haudattiin New Yorkin Bronxissa 22. lokakuuta l\u00e4heisimpien&hellip;\n","protected":false},"author":2,"featured_media":125518,"comment_status":"","ping_status":"","sticky":false,"template":"","format":"standard","meta":{"footnotes":""},"categories":[136],"tags":[407,137,33,31,30,408,32,109],"class_list":{"0":"post-125517","1":"post","2":"type-post","3":"status-publish","4":"format-standard","5":"has-post-thumbnail","7":"category-julkkikset","8":"tag-celebrities","9":"tag-entertainment","10":"tag-fi","11":"tag-finland","12":"tag-finnish","13":"tag-julkkikset","14":"tag-suomi","15":"tag-viihde"},"share_on_mastodon":{"url":"https:\/\/pubeurope.com\/@fi\/115780135546962497","error":""},"_links":{"self":[{"href":"https:\/\/www.europesays.com\/fi\/wp-json\/wp\/v2\/posts\/125517","targetHints":{"allow":["GET"]}}],"collection":[{"href":"https:\/\/www.europesays.com\/fi\/wp-json\/wp\/v2\/posts"}],"about":[{"href":"https:\/\/www.europesays.com\/fi\/wp-json\/wp\/v2\/types\/post"}],"author":[{"embeddable":true,"href":"https:\/\/www.europesays.com\/fi\/wp-json\/wp\/v2\/users\/2"}],"replies":[{"embeddable":true,"href":"https:\/\/www.europesays.com\/fi\/wp-json\/wp\/v2\/comments?post=125517"}],"version-history":[{"count":0,"href":"https:\/\/www.europesays.com\/fi\/wp-json\/wp\/v2\/posts\/125517\/revisions"}],"wp:featuredmedia":[{"embeddable":true,"href":"https:\/\/www.europesays.com\/fi\/wp-json\/wp\/v2\/media\/125518"}],"wp:attachment":[{"href":"https:\/\/www.europesays.com\/fi\/wp-json\/wp\/v2\/media?parent=125517"}],"wp:term":[{"taxonomy":"category","embeddable":true,"href":"https:\/\/www.europesays.com\/fi\/wp-json\/wp\/v2\/categories?post=125517"},{"taxonomy":"post_tag","embeddable":true,"href":"https:\/\/www.europesays.com\/fi\/wp-json\/wp\/v2\/tags?post=125517"}],"curies":[{"name":"wp","href":"https:\/\/api.w.org\/{rel}","templated":true}]}}