{"id":125520,"date":"2025-12-25T12:16:13","date_gmt":"2025-12-25T12:16:13","guid":{"rendered":"https:\/\/www.europesays.com\/fi\/125520\/"},"modified":"2025-12-25T12:16:13","modified_gmt":"2025-12-25T12:16:13","slug":"eetu-selanteen-uusi-suomalainen-rakas-lisa-katso-yhteiskuvat-joululta","status":"publish","type":"post","link":"https:\/\/www.europesays.com\/fi\/125520\/","title":{"rendered":"Eetu Sel\u00e4nteen uusi suomalainen rakas Lisa &#8211; katso yhteiskuvat joululta"},"content":{"rendered":"<p>            TIMO KORHONEN\n        <\/p>\n<p class=\"subtitle \">Eetu viett\u00e4\u00e4 yhteist\u00e4 joulua kultansa kanssa.<\/p>\n<p class=\"article-content article-content-width !bg-background\">L\u00e4tk\u00e4legenda\u00a0asuttaa Yhdysvaltoja, mutta koko perheell\u00e4 riitt\u00e4\u00e4 rientoja my\u00f6s Suomessa. Perheen j\u00e4\u00e4kiekkouraa uurtavat pojat\u00a0ja\u00a0ovat tietenkin tulleet tutuiksi my\u00f6s Suomen kaukaloissa, mutta Eetu lopetti kiekkouransa kes\u00e4ll\u00e4 2024.<\/p>\n<p class=\"font-weight-bold m-font-weight-bold article-content article-content-width !bg-background\">Arkistovideo: Teemu Sel\u00e4nne kajautti karaokessa<\/p>\n<p class=\"article-content article-content-width !bg-background\">Nykyisin Eetulla on kuitenkin toinenkin syy viett\u00e4\u00e4 aikaa Suomessa; h\u00e4nen tytt\u00f6yst\u00e4v\u00e4ns\u00e4\u00a0on suomalainen.<\/p>\n<p class=\"article-content article-content-width !bg-background\">Teemu <a href=\"https:\/\/www.seiska.fi\/urheilu\/teemu-selanne-paljastaa-eetu-pojalla-ero-ja-uusi-rakas\/1859774\" target=\"_blank\" rel=\"nofollow noopener\">vahvisti tiedon suhteesta<\/a> Seiskalle hein\u00e4kuussa. Tuolloin takana oli Eetun ero, jota ei oltu vahvistettu julkisuuteen. H\u00e4n piti aiemmin yhteytt\u00e4 amerikkalaisen\u00a0kanssa, ja pari ehti menn\u00e4 kihloihinkin.<\/p>\n<p class=\"article-content article-content-width !bg-background\">\u2013 Eetun ja Abbeyn erosta on jo yli vuosi, en tied\u00e4 tarkkaan mik\u00e4 heille tuli, Teemu totesi.<\/p>\n<p class=\"article-content article-content-width !bg-background\">Samaan syssyyn Teemu kertoi kuitenkin ilouutisen Eetun ja Lisan suhteesta, ja kuvaili uutta rakasta &#8221;kivaksi tyypiksi, joka on kova tekem\u00e4\u00e4n t\u00f6it\u00e4&#8221;.<\/p>\n<p class=\"article-content article-content-width !bg-background\">\u2013 Lisa tulee yleens\u00e4 aina parin kuukauden v\u00e4lein muutamaksi viikoksi k\u00e4ym\u00e4\u00e4n Jenkeiss\u00e4, Teemu paljasti poikansa et\u00e4suhteesta.<\/p>\n<p>        <a itemprop=\"url\" href=\"https:\/\/www.seiska.fi\/urheilu\/teemu-selanne-paljastaa-eetu-pojalla-ero-ja-uusi-rakas\/1859774\" rel=\"nofollow noopener\" target=\"_blank\"><\/p>\n<p>\nTeemu Sel\u00e4nne paljastaa:\n<\/p>\n<p class=\"section-date\">\n        <strong class=\"article-section\" data-section=\"urheilu\"><br \/>\n            urheilu<br \/>\n        <\/strong><br \/>\n        5.7. 17:30\n    <\/p>\n<p>Teemu Sel\u00e4nne paljastaa: Eetu-pojalla ero ja uusi rakas!\n    <\/p>\n<p itemprop=\"description\" class=\"subtitle \">\n    Uusi mini\u00e4kokelas on Teemun mukaan kova tekem\u00e4\u00e4n t\u00f6it\u00e4.\n<\/p>\n<p>        <\/a><\/p>\n<p>Jouluna yhdess\u00e4<\/p>\n<p class=\"article-content article-content-width !bg-background\">Jouluna Lisa on liittynyt Sel\u00e4nteiden seuraan, ja h\u00e4net on saatu n\u00e4hd\u00e4 esimerkiksi <a href=\"https:\/\/www.instagram.com\/stories\/veera.selanne\/3794819225077188216\/?hl=fi\" target=\"_blank\" rel=\"nofollow noopener\">Instagram-tarinoihin<\/a> jaetussa yhteiskuvsssa\u00a0kanssa.<\/p>\n<p class=\"article-content article-content-width !bg-background\">H\u00e4n julkaisi jouluaattona my\u00f6s oman Instagram-kuvan, jossa poseeraa jouluisesti koristelluilla portailla Eetun kanssa.<\/p>\n<p class=\"article-content article-content-width !bg-background\">\u2013\u00a0Joulu,\u00a0h\u00e4n summaa ytimekk\u00e4\u00e4sti kuvajulkaisunsa yhteyteen.<\/p>\n<p class=\"article-content article-content-width !bg-background\">Julkaisu on jaettu my\u00f6s Eetun sometilill\u00e4.<\/p>\n<p>        <a itemprop=\"url\" href=\"https:\/\/www.seiska.fi\/kotimaa\/eetu-selanne-julkaisi-kuvan-kulta-kainalossa-nain-sirpa-kommentoi\/1849790\" rel=\"nofollow noopener\" target=\"_blank\"><\/p>\n<p>\nEetu Sel\u00e4nne\n<\/p>\n<p class=\"section-date\">\n        <strong class=\"article-section\" data-section=\"kotimaa\"><br \/>\n            kotimaa<br \/>\n        <\/strong><br \/>\n        26.6. 18:30\n    <\/p>\n<p>Eetu Sel\u00e4nne julkaisi kuvan kulta kainalossa \u2013 N\u00e4in Sirpa kommentoi\n    <\/p>\n<p itemprop=\"description\" class=\"subtitle \">\n    Eetu ei kommentoi kainaloonsa l\u00f6ytynytt\u00e4 kaunotarta sanallakaan, mutta silti kommentti kertoo niin paljon.\n<\/p>\n<p>        <\/a><\/p>\n<p><script async src=\"\/\/www.instagram.com\/embed.js\"><\/script><\/p>\n","protected":false},"excerpt":{"rendered":"TIMO KORHONEN Eetu viett\u00e4\u00e4 yhteist\u00e4 joulua kultansa kanssa. L\u00e4tk\u00e4legenda\u00a0asuttaa Yhdysvaltoja, mutta koko perheell\u00e4 riitt\u00e4\u00e4 rientoja my\u00f6s Suomessa. Perheen&hellip;\n","protected":false},"author":2,"featured_media":125521,"comment_status":"","ping_status":"","sticky":false,"template":"","format":"standard","meta":{"footnotes":""},"categories":[158],"tags":[5034,33,31,30,1143,5856,159,1417,651,32,3375,160,4299],"class_list":{"0":"post-125520","1":"post","2":"type-post","3":"status-publish","4":"format-standard","5":"has-post-thumbnail","7":"category-urheilu","8":"tag-eetu-selanne","9":"tag-fi","10":"tag-finland","11":"tag-finnish","12":"tag-jaakiekko","13":"tag-joulu","14":"tag-sports","15":"tag-suhde","16":"tag-suhteet","17":"tag-suomi","18":"tag-teemu-selanne","19":"tag-urheilu","20":"tag-veera-selanne"},"share_on_mastodon":{"url":"https:\/\/pubeurope.com\/@fi\/115780163064202759","error":""},"_links":{"self":[{"href":"https:\/\/www.europesays.com\/fi\/wp-json\/wp\/v2\/posts\/125520","targetHints":{"allow":["GET"]}}],"collection":[{"href":"https:\/\/www.europesays.com\/fi\/wp-json\/wp\/v2\/posts"}],"about":[{"href":"https:\/\/www.europesays.com\/fi\/wp-json\/wp\/v2\/types\/post"}],"author":[{"embeddable":true,"href":"https:\/\/www.europesays.com\/fi\/wp-json\/wp\/v2\/users\/2"}],"replies":[{"embeddable":true,"href":"https:\/\/www.europesays.com\/fi\/wp-json\/wp\/v2\/comments?post=125520"}],"version-history":[{"count":0,"href":"https:\/\/www.europesays.com\/fi\/wp-json\/wp\/v2\/posts\/125520\/revisions"}],"wp:featuredmedia":[{"embeddable":true,"href":"https:\/\/www.europesays.com\/fi\/wp-json\/wp\/v2\/media\/125521"}],"wp:attachment":[{"href":"https:\/\/www.europesays.com\/fi\/wp-json\/wp\/v2\/media?parent=125520"}],"wp:term":[{"taxonomy":"category","embeddable":true,"href":"https:\/\/www.europesays.com\/fi\/wp-json\/wp\/v2\/categories?post=125520"},{"taxonomy":"post_tag","embeddable":true,"href":"https:\/\/www.europesays.com\/fi\/wp-json\/wp\/v2\/tags?post=125520"}],"curies":[{"name":"wp","href":"https:\/\/api.w.org\/{rel}","templated":true}]}}