{"id":125526,"date":"2025-12-25T12:21:07","date_gmt":"2025-12-25T12:21:07","guid":{"rendered":"https:\/\/www.europesays.com\/fi\/125526\/"},"modified":"2025-12-25T12:21:07","modified_gmt":"2025-12-25T12:21:07","slug":"paavi-leo-xiv-otti-ensimmaisessa-joulupuheessaan-kantaa-ukrainan-ja-venajan-rauhankeskusteluihin-uutissuomalainen","status":"publish","type":"post","link":"https:\/\/www.europesays.com\/fi\/125526\/","title":{"rendered":"Paavi Leo XIV otti ensimm\u00e4isess\u00e4 joulupuheessaan kantaa Ukrainan ja Ven\u00e4j\u00e4n rauhankeskusteluihin | Uutissuomalainen"},"content":{"rendered":"<p>Vatikaanissa paavi Leo XIV on antanut ensimm\u00e4isen joulutervehdyksens\u00e4 ja urbi et orbi -siunauksensa. Puheessaan paavi vetosi Ven\u00e4j\u00e4\u00e4n ja Ukrainaan, jotta n\u00e4m\u00e4 l\u00f6yt\u00e4isiv\u00e4t rohkeuden keskustella suoraan rauhasta toistensa kanssa.<\/p>\n<p>\u2013\u2009Toivon, ett\u00e4 molemmat osapuolet, kansainv\u00e4lisen yhteis\u00f6n tuella ja sitoutumisella, l\u00f6yt\u00e4v\u00e4t rohkeutta k\u00e4yd\u00e4 vilpit\u00f6nt\u00e4, suoraa ja kunnioittavaa vuoropuhelua, sanoi paavi.<\/p>\n<p>Viime viikkoina Ven\u00e4j\u00e4 ja Ukraina ovat keskustelleet rauhansopimuksesta erikseen Yhdysvaltojen edustajien kanssa. Ven\u00e4j\u00e4 aloitti hy\u00f6kk\u00e4yssodan Ukrainassa helmikuussa 2022.<\/p>\n<p>Leo XIV on toiminut paavina toukokuusta l\u00e4htien.<\/p>\n<p>Paavi pit\u00e4\u00e4 urbi et orbi eli kaupungille ja maailmalle -puheensa kahdesti vuodessa, p\u00e4\u00e4si\u00e4isen\u00e4 ja jouluisin.<\/p>\n<p>Viime jouluna my\u00f6s paavi Franciscus vetosi urbi et orbi -puheessaan rauhan puolesta toivoen rauhaa Ukrainaan, aselepoa Gazaan ja humanitaarista apua Sudaniin.<\/p>\n","protected":false},"excerpt":{"rendered":"Vatikaanissa paavi Leo XIV on antanut ensimm\u00e4isen joulutervehdyksens\u00e4 ja urbi et orbi -siunauksensa. Puheessaan paavi vetosi Ven\u00e4j\u00e4\u00e4n ja&hellip;\n","protected":false},"author":2,"featured_media":125527,"comment_status":"","ping_status":"","sticky":false,"template":"","format":"standard","meta":{"footnotes":""},"categories":[14],"tags":[22,23,26,27,33,31,30,17,5856,3674,14442,24,25,28,29,15,18,11858,21,32,19,20,21377,56,16,59,60,61],"class_list":{"0":"post-125526","1":"post","2":"type-post","3":"status-publish","4":"format-standard","5":"has-post-thumbnail","7":"category-ulkomaat","8":"tag-breaking-news","9":"tag-breakingnews","10":"tag-featured-news","11":"tag-featurednews","12":"tag-fi","13":"tag-finland","14":"tag-finnish","15":"tag-headlines","16":"tag-joulu","17":"tag-juhla-ja-vapaapaivat","18":"tag-kansalliset-ja-kansainvaliset-juhlapaivat","19":"tag-latest-news","20":"tag-latestnews","21":"tag-main-news","22":"tag-mainnews","23":"tag-news","24":"tag-otsikot","25":"tag-paasiainen","26":"tag-paauutiset","27":"tag-suomi","28":"tag-top-stories","29":"tag-topstories","30":"tag-ukrainan-kriisi","31":"tag-ulkomaat","32":"tag-uutiset","33":"tag-world","34":"tag-world-news","35":"tag-worldnews"},"share_on_mastodon":{"url":"https:\/\/pubeurope.com\/@fi\/115780182670770285","error":""},"_links":{"self":[{"href":"https:\/\/www.europesays.com\/fi\/wp-json\/wp\/v2\/posts\/125526","targetHints":{"allow":["GET"]}}],"collection":[{"href":"https:\/\/www.europesays.com\/fi\/wp-json\/wp\/v2\/posts"}],"about":[{"href":"https:\/\/www.europesays.com\/fi\/wp-json\/wp\/v2\/types\/post"}],"author":[{"embeddable":true,"href":"https:\/\/www.europesays.com\/fi\/wp-json\/wp\/v2\/users\/2"}],"replies":[{"embeddable":true,"href":"https:\/\/www.europesays.com\/fi\/wp-json\/wp\/v2\/comments?post=125526"}],"version-history":[{"count":0,"href":"https:\/\/www.europesays.com\/fi\/wp-json\/wp\/v2\/posts\/125526\/revisions"}],"wp:featuredmedia":[{"embeddable":true,"href":"https:\/\/www.europesays.com\/fi\/wp-json\/wp\/v2\/media\/125527"}],"wp:attachment":[{"href":"https:\/\/www.europesays.com\/fi\/wp-json\/wp\/v2\/media?parent=125526"}],"wp:term":[{"taxonomy":"category","embeddable":true,"href":"https:\/\/www.europesays.com\/fi\/wp-json\/wp\/v2\/categories?post=125526"},{"taxonomy":"post_tag","embeddable":true,"href":"https:\/\/www.europesays.com\/fi\/wp-json\/wp\/v2\/tags?post=125526"}],"curies":[{"name":"wp","href":"https:\/\/api.w.org\/{rel}","templated":true}]}}