{"id":125530,"date":"2025-12-25T12:23:09","date_gmt":"2025-12-25T12:23:09","guid":{"rendered":"https:\/\/www.europesays.com\/fi\/125530\/"},"modified":"2025-12-25T12:23:09","modified_gmt":"2025-12-25T12:23:09","slug":"heikki-hursti-aikoo-kaataa-messukeskuksesta-valiseinan-ensi-jouluna-jotta-kaikki-vahaosaiset-mahtuvat-sisaan-kotimaa","status":"publish","type":"post","link":"https:\/\/www.europesays.com\/fi\/125530\/","title":{"rendered":"Heikki Hursti aikoo kaataa Messukeskuksesta v\u00e4lisein\u00e4n ensi jouluna, jotta kaikki v\u00e4h\u00e4osaiset mahtuvat sis\u00e4\u00e4n | Kotimaa"},"content":{"rendered":"<p class=\"aw-1gybjub aw-5vja16 kEtdKx kmuxyA yle__article__paragraph\">Hurstin perinteisen jouluaterian sai enn\u00e4tykselliset 2 300 ihmist\u00e4, mutta kaikki eiv\u00e4t edes mahtuneet sis\u00e4\u00e4n.<\/p>\n<p><img decoding=\"async\" alt=\"Heikki Hursti tonttulakki p\u00e4\u00e4ss\u00e4.\" src=\"https:\/\/www.europesays.com\/fi\/wp-content\/uploads\/2025\/12\/39-1574338694bd483265db.jpeg\" class=\"aw-1l9m598 hKVVvP\"\/><\/p>\n<p>Avaa kuvien katselu<\/p>\n<p>Heikki Hursti puhkesi jouluaattona kyyneliin, kun kaikki v\u00e4h\u00e4osaiset eiv\u00e4t mahtuneet perinteiselle jouluaterialle. Nyt h\u00e4nell\u00e4 on suunnitelma jo ensi vuoden varalle. Kuva: Jorma Vihtonen \/ Yle<\/p>\n<p>12:51\u2022P\u00e4ivitetty 13:24<\/p>\n<p class=\"aw-1gybjub aw-1p7kakr kEtdKx cEmitX yle__article__paragraph\">Yle tavoitti joulup\u00e4iv\u00e4n\u00e4 Laupeuden ty\u00f6 ry:n hallituksen puheenjohtajan, <strong class=\"aw-ak79eh KyCXm yle__article__strong\">Heikki Hurstin<\/strong>.<\/p>\n<p class=\"aw-1gybjub aw-1p7kakr kEtdKx cEmitX yle__article__paragraph\">\u2013 Tunnelma on ihan hyv\u00e4, vaikka joulujuhlissa oli enn\u00e4tysm\u00e4\u00e4r\u00e4 v\u00e4ke\u00e4.<\/p>\n<p class=\"aw-1gybjub aw-1p7kakr kEtdKx cEmitX yle__article__paragraph\">Edellisen\u00e4 p\u00e4iv\u00e4n\u00e4, jouluaattona <a class=\"aw-iao6s4 iHOxEa yle__article__link\" href=\"https:\/\/yle.fi\/a\/74-20201422\" role=\"link\" rel=\"nofollow noopener\" target=\"_blank\">h\u00e4n oli puhjennut kyyneliin<\/a>, kun pitk\u00e4n jonon edest\u00e4 jouduttiin sulkemaan Messukeskuksen ovet.<\/p>\n<p class=\"aw-1gybjub aw-1p7kakr kEtdKx cEmitX yle__article__paragraph\">Paikkoja perinteiseen joulujuhlaan oli varattu 2\u00a0000 ihmiselle, mutta lis\u00e4p\u00f6ytien my\u00f6t\u00e4 sis\u00e4\u00e4n saatiin 200\u2013300 lis\u00e4vierasta.<\/p>\n<p class=\"aw-1gybjub aw-1p7kakr kEtdKx cEmitX yle__article__paragraph\">Kuitenkin noin 300 ihmist\u00e4 j\u00e4i ilman jouluateriaa.<\/p>\n<p>Lis\u00e4\u00e4 tilaa jopa 600 v\u00e4h\u00e4varaiselle<\/p>\n<p class=\"aw-1gybjub aw-1p7kakr kEtdKx cEmitX yle__article__paragraph\">Heikki Hursti on jo ehtinyt tehd\u00e4 suunnitelmia ensi vuoden varalle, jotta kaikki apua tarvitsevat mahtuvat sis\u00e4\u00e4n Messukeskukseen.<\/p>\n<p class=\"aw-1gybjub aw-1p7kakr kEtdKx cEmitX yle__article__paragraph\">\u2013 Yksi v\u00e4lisein\u00e4 voidaan ottaa pois, niin tilaa saadaan lis\u00e4\u00e4 ehk\u00e4 noin 500\u2013600 ihmiselle, h\u00e4n sanoo.<\/p>\n<p><img decoding=\"async\" alt=\"Hurstin joululounaalla olevia ihmisi\u00e4 ruokap\u00f6ytien \u00e4\u00e4ress\u00e4.\" src=\"https:\/\/www.europesays.com\/fi\/wp-content\/uploads\/2025\/12\/39-1574344694bd485edeb5.jpeg\" loading=\"lazy\" class=\"aw-1l9m598 hKVVvP\"\/><\/p>\n<p>Avaa kuvien katselu<\/p>\n<p>Laupeuden ty\u00f6 -yhdistys tarjosi tuhansille ihmisille joululounaan lahjoitusvaroin. Ensi jouluna juhlatiloja aiotaan laajentaa, jotta kaikki mahtuvat mukaan. Kuva: Jorma Vihtonen \/ YleHursti: Avuntarvitsijoita varmasti lis\u00e4\u00e4<\/p>\n<p class=\"aw-1gybjub aw-1p7kakr kEtdKx cEmitX yle__article__paragraph\">Vaikka Hursti pit\u00e4\u00e4 t\u00e4rke\u00e4n\u00e4 sit\u00e4, ett\u00e4 kaikki halukkaat p\u00e4\u00e4sev\u00e4t osallisiksi yhteis\u00f6lliseen joulujuhlaan ensi vuonna, h\u00e4n pit\u00e4\u00e4 huolestuttavana avun tarpeen voimakkaan lis\u00e4\u00e4ntymisen.<\/p>\n<p class=\"aw-1gybjub aw-1p7kakr kEtdKx cEmitX yle__article__paragraph\">\u2013 Kyll\u00e4h\u00e4n se huolestuttaa, kun koko ajan tulee enemm\u00e4n ja enemm\u00e4n v\u00e4h\u00e4varaisia ja heit\u00e4, jotka tarvitsevat apua, h\u00e4n sanoo.<\/p>\n<p class=\"aw-1gybjub aw-1p7kakr kEtdKx cEmitX yle__article__paragraph\">Hursti toteaa, ett\u00e4 pahaa oloa lis\u00e4\u00e4 n\u00e4in\u00e4 aikoina my\u00f6s se, ett\u00e4 maailmalla soditaan.<\/p>\n<p>Heikki Hursti murtui kyyneliin jouluaattona 24.12. 2025 Ylen haastattelussa <\/p>\n<p class=\"aw-1gybjub aw-1p7kakr kEtdKx cEmitX yle__article__paragraph\">Uusimpana ilmi\u00f6n\u00e4 ruokajonoissa n\u00e4kee muulta tulleiden lis\u00e4\u00e4ntynyt m\u00e4\u00e4r\u00e4.<\/p>\n<p class=\"aw-1gybjub aw-1p7kakr kEtdKx cEmitX yle__article__paragraph\">\u2013 T\u00e4m\u00e4n vuoden joulujuhlassa mukana oli aiempaa enemm\u00e4n maahanmuuttajataustaisia ja esimerkiksi Aasiasta tulleita opiskelijoita perheineen, Hursti sanoo.<\/p>\n<p>My\u00f6s arkena tuhannet jonottavat ruokaa<\/p>\n<p class=\"aw-1gybjub aw-1p7kakr kEtdKx cEmitX yle__article__paragraph\">Heikki Hursti kertoo, ett\u00e4 parikymment\u00e4 vuotta sitten, vuosituhannen vaihteessa, ruokaa jaettiin muutamalle sadalle ihmiselle.<\/p>\n<p class=\"aw-1gybjub aw-1p7kakr kEtdKx cEmitX yle__article__paragraph\">\u2013 M\u00e4\u00e4r\u00e4t ovat kasvaneet valtavasti.<\/p>\n<p class=\"aw-1gybjub aw-1p7kakr kEtdKx cEmitX yle__article__paragraph\">Hursti arvioi, ett\u00e4 avuntarvitsijoiden m\u00e4\u00e4r\u00e4 kasvaa edelleen, jos uusia leikkauksia tulee lis\u00e4\u00e4.<\/p>\n<p class=\"aw-1gybjub aw-1p7kakr kEtdKx cEmitX yle__article__paragraph\">\u2013 Leikkaukset koskevat eniten juuri kaikkia heikompituloisia, v\u00e4h\u00e4varaisia, el\u00e4kel\u00e4isi\u00e4 ja kaikkia t\u00e4m\u00e4n kaltaisia ihmisi\u00e4, Hursti toteaa.<\/p>\n<p><img decoding=\"async\" alt=\"Hurstin joululounaalle jonottajia ulkona.\" src=\"https:\/\/www.europesays.com\/fi\/wp-content\/uploads\/2025\/12\/39-1574339694bd483b2e06.jpeg\" loading=\"lazy\" class=\"aw-1l9m598 hKVVvP\"\/><\/p>\n<p>Avaa kuvien katselu<\/p>\n<p>Sadat ihmiset j\u00e4iv\u00e4t Hurstin joulujuhlien ulkopuolelle, koska kaikki eiv\u00e4t mahtuneet Helsingin Messkukeskukseen sis\u00e4lle.  Kuva: Jorma Vihtonen \/ Yle<\/p>\n<p class=\"aw-1gybjub aw-1p7kakr kEtdKx cEmitX yle__article__paragraph\">Avun tarve ei n\u00e4y vain jouluna: arkena Hurstin Laupeudenty\u00f6 jakaa kaksi kertaa viikossa ruokaa 2\u00a0000\u20132\u00a0200 ihmiselle.<\/p>\n<p class=\"aw-1gybjub aw-1p7kakr kEtdKx cEmitX yle__article__paragraph\">Kuluvan vuoden aikana avuntarvitsijoita on tullut noin 500 ihmist\u00e4 lis\u00e4\u00e4.<\/p>\n","protected":false},"excerpt":{"rendered":"Hurstin perinteisen jouluaterian sai enn\u00e4tykselliset 2 300 ihmist\u00e4, mutta kaikki eiv\u00e4t edes mahtuneet sis\u00e4\u00e4n. Avaa kuvien katselu Heikki&hellip;\n","protected":false},"author":2,"featured_media":125531,"comment_status":"","ping_status":"","sticky":false,"template":"","format":"standard","meta":{"footnotes":""},"categories":[5],"tags":[22,23,26,27,33,31,30,17,104,71,4000,24,25,28,29,15,18,21,32,19,20,1168,16],"class_list":{"0":"post-125530","1":"post","2":"type-post","3":"status-publish","4":"format-standard","5":"has-post-thumbnail","7":"category-otsikot","8":"tag-breaking-news","9":"tag-breakingnews","10":"tag-featured-news","11":"tag-featurednews","12":"tag-fi","13":"tag-finland","14":"tag-finnish","15":"tag-headlines","16":"tag-helsinki","17":"tag-kotimaa","18":"tag-koyhyys","19":"tag-latest-news","20":"tag-latestnews","21":"tag-main-news","22":"tag-mainnews","23":"tag-news","24":"tag-otsikot","25":"tag-paauutiset","26":"tag-suomi","27":"tag-top-stories","28":"tag-topstories","29":"tag-uusimaa","30":"tag-uutiset"},"share_on_mastodon":{"url":"https:\/\/pubeurope.com\/@fi\/115780190544120287","error":""},"_links":{"self":[{"href":"https:\/\/www.europesays.com\/fi\/wp-json\/wp\/v2\/posts\/125530","targetHints":{"allow":["GET"]}}],"collection":[{"href":"https:\/\/www.europesays.com\/fi\/wp-json\/wp\/v2\/posts"}],"about":[{"href":"https:\/\/www.europesays.com\/fi\/wp-json\/wp\/v2\/types\/post"}],"author":[{"embeddable":true,"href":"https:\/\/www.europesays.com\/fi\/wp-json\/wp\/v2\/users\/2"}],"replies":[{"embeddable":true,"href":"https:\/\/www.europesays.com\/fi\/wp-json\/wp\/v2\/comments?post=125530"}],"version-history":[{"count":0,"href":"https:\/\/www.europesays.com\/fi\/wp-json\/wp\/v2\/posts\/125530\/revisions"}],"wp:featuredmedia":[{"embeddable":true,"href":"https:\/\/www.europesays.com\/fi\/wp-json\/wp\/v2\/media\/125531"}],"wp:attachment":[{"href":"https:\/\/www.europesays.com\/fi\/wp-json\/wp\/v2\/media?parent=125530"}],"wp:term":[{"taxonomy":"category","embeddable":true,"href":"https:\/\/www.europesays.com\/fi\/wp-json\/wp\/v2\/categories?post=125530"},{"taxonomy":"post_tag","embeddable":true,"href":"https:\/\/www.europesays.com\/fi\/wp-json\/wp\/v2\/tags?post=125530"}],"curies":[{"name":"wp","href":"https:\/\/api.w.org\/{rel}","templated":true}]}}