{"id":125540,"date":"2025-12-25T12:47:08","date_gmt":"2025-12-25T12:47:08","guid":{"rendered":"https:\/\/www.europesays.com\/fi\/125540\/"},"modified":"2025-12-25T12:47:08","modified_gmt":"2025-12-25T12:47:08","slug":"paavi-otti-ensimmaisessa-joulupuheessaan-kantaa-ukrainan-ja-venajan-rauhankeskusteluihin","status":"publish","type":"post","link":"https:\/\/www.europesays.com\/fi\/125540\/","title":{"rendered":"Paavi otti ensimm\u00e4isess\u00e4 joulupuheessaan kantaa Ukrainan ja Ven\u00e4j\u00e4n rauhankeskusteluihin"},"content":{"rendered":"<p>Leo XIV on toiminut paavina toukokuusta l\u00e4htien.<\/p>\n<p class=\"article-body mb-nof-24 px-nof-16\">Vatikaanissa paavi Leo XIV on antanut ensimm\u00e4isen joulutervehdyksens\u00e4 ja urbi et orbi -siunauksensa. Puheessaan paavi vetosi Ven\u00e4j\u00e4\u00e4n ja Ukrainaan, jotta n\u00e4m\u00e4 l\u00f6yt\u00e4isiv\u00e4t rohkeuden keskustella suoraan rauhasta toistensa kanssa.<\/p>\n<p class=\"article-body mb-nof-24 px-nof-16\">\u201dToivon, ett\u00e4 molemmat osapuolet, kansainv\u00e4lisen yhteis\u00f6n tuella ja sitoutumisella, l\u00f6yt\u00e4v\u00e4t rohkeutta k\u00e4yd\u00e4 vilpit\u00f6nt\u00e4, suoraa ja kunnioittavaa vuoropuhelua\u201d, sanoi paavi.<\/p>\n<p class=\"article-body mb-nof-24 px-nof-16\">Viime viikkoina Ven\u00e4j\u00e4 ja Ukraina ovat keskustelleet rauhansopimuksesta erikseen Yhdysvaltojen edustajien kanssa. Ven\u00e4j\u00e4 aloitti hy\u00f6kk\u00e4yssodan Ukrainassa helmikuussa 2022.<\/p>\n<p class=\"article-body mb-nof-24 px-nof-16\">Leo XIV on toiminut paavina toukokuusta l\u00e4htien.<\/p>\n<p class=\"article-body mb-nof-24 px-nof-16\">Paavi pit\u00e4\u00e4 urbi et orbi eli kaupungille ja maailmalle -puheensa kahdesti vuodessa, p\u00e4\u00e4si\u00e4isen\u00e4 ja jouluisin.<\/p>\n<p class=\"article-body mb-nof-24 px-nof-16\">Viime jouluna my\u00f6s paavi Franciscus vetosi urbi et orbi -puheessaan rauhan puolesta toivoen rauhaa Ukrainaan, aselepoa Gazaan ja humanitaarista apua Sudaniin.<\/p>\n","protected":false},"excerpt":{"rendered":"Leo XIV on toiminut paavina toukokuusta l\u00e4htien. Vatikaanissa paavi Leo XIV on antanut ensimm\u00e4isen joulutervehdyksens\u00e4 ja urbi et&hellip;\n","protected":false},"author":2,"featured_media":125541,"comment_status":"","ping_status":"","sticky":false,"template":"","format":"standard","meta":{"footnotes":""},"categories":[14],"tags":[157,22,23,26,27,33,31,30,17,24,25,28,29,15,18,21,32,19,20,56,16,59,60,61],"class_list":{"0":"post-125540","1":"post","2":"type-post","3":"status-publish","4":"format-standard","5":"has-post-thumbnail","7":"category-ulkomaat","8":"tag-aamulehti","9":"tag-breaking-news","10":"tag-breakingnews","11":"tag-featured-news","12":"tag-featurednews","13":"tag-fi","14":"tag-finland","15":"tag-finnish","16":"tag-headlines","17":"tag-latest-news","18":"tag-latestnews","19":"tag-main-news","20":"tag-mainnews","21":"tag-news","22":"tag-otsikot","23":"tag-paauutiset","24":"tag-suomi","25":"tag-top-stories","26":"tag-topstories","27":"tag-ulkomaat","28":"tag-uutiset","29":"tag-world","30":"tag-world-news","31":"tag-worldnews"},"share_on_mastodon":{"url":"https:\/\/pubeurope.com\/@fi\/115780284875449624","error":""},"_links":{"self":[{"href":"https:\/\/www.europesays.com\/fi\/wp-json\/wp\/v2\/posts\/125540","targetHints":{"allow":["GET"]}}],"collection":[{"href":"https:\/\/www.europesays.com\/fi\/wp-json\/wp\/v2\/posts"}],"about":[{"href":"https:\/\/www.europesays.com\/fi\/wp-json\/wp\/v2\/types\/post"}],"author":[{"embeddable":true,"href":"https:\/\/www.europesays.com\/fi\/wp-json\/wp\/v2\/users\/2"}],"replies":[{"embeddable":true,"href":"https:\/\/www.europesays.com\/fi\/wp-json\/wp\/v2\/comments?post=125540"}],"version-history":[{"count":0,"href":"https:\/\/www.europesays.com\/fi\/wp-json\/wp\/v2\/posts\/125540\/revisions"}],"wp:featuredmedia":[{"embeddable":true,"href":"https:\/\/www.europesays.com\/fi\/wp-json\/wp\/v2\/media\/125541"}],"wp:attachment":[{"href":"https:\/\/www.europesays.com\/fi\/wp-json\/wp\/v2\/media?parent=125540"}],"wp:term":[{"taxonomy":"category","embeddable":true,"href":"https:\/\/www.europesays.com\/fi\/wp-json\/wp\/v2\/categories?post=125540"},{"taxonomy":"post_tag","embeddable":true,"href":"https:\/\/www.europesays.com\/fi\/wp-json\/wp\/v2\/tags?post=125540"}],"curies":[{"name":"wp","href":"https:\/\/api.w.org\/{rel}","templated":true}]}}