{"id":125542,"date":"2025-12-25T12:48:08","date_gmt":"2025-12-25T12:48:08","guid":{"rendered":"https:\/\/www.europesays.com\/fi\/125542\/"},"modified":"2025-12-25T12:48:08","modified_gmt":"2025-12-25T12:48:08","slug":"islannissa-mitattiin-miltei-parikymmenta-lampoastetta-jouluaattona-uutissuomalainen","status":"publish","type":"post","link":"https:\/\/www.europesays.com\/fi\/125542\/","title":{"rendered":"Islannissa mitattiin miltei parikymment\u00e4 l\u00e4mp\u00f6astetta jouluaattona | Uutissuomalainen"},"content":{"rendered":"<p>Islannissa rikottiin jouluaattona joulukuun l\u00e4mp\u00f6enn\u00e4tys. Yleisradioyhti\u00f6 RUV <a href=\"https:\/\/www.ruv.is\/frettir\/innlent\/2025-12-25-afram-hlytt-i-vedri-en-kolnar-skarpt-i-nott-462314\" rel=\"nofollow noopener\" target=\"_blank\">kertoi<\/a>, ett\u00e4 Islannin it\u00e4osassa Seydisfj\u00f6rdurin kyl\u00e4ss\u00e4 mitattiin keskiviikkona 19,8 astetta.<\/p>\n<p>Aiempi joulukuun enn\u00e4tys, asteen kymmenyksen verran matalampi lukema mitattiin RUV:n <a href=\"https:\/\/www.ruv.is\/frettir\/innlent\/2025-12-25-desemberhitamet-fell-a-seydisfirdi-thar-sem-maeldust-198-stig-462311\" rel=\"nofollow noopener\" target=\"_blank\">mukaan<\/a> vuonna 2019.<\/p>\n<p>Islannin ilmatieteen laitos kertoi RUV:lle, ett\u00e4 korkea l\u00e4mp\u00f6tila on seurausta l\u00e4mpim\u00e4n ilman ja kovien tuulten yhdistelm\u00e4st\u00e4. Meteorologin mukaan kuukausienn\u00e4tykset kirjataan yleens\u00e4 juuri t\u00e4llaisissa olosuhteissa.<\/p>\n<p>Ennuste n\u00e4ytt\u00e4\u00e4, ett\u00e4 joulup\u00e4iv\u00e4n iltana Islantia l\u00e4hestyv\u00e4 kylm\u00e4 rintama ja etel\u00e4st\u00e4 puhaltavien tuulten heikkeneminen viilent\u00e4v\u00e4t ilmaa my\u00f6s l\u00e4mp\u00f6enn\u00e4tysalueella.<\/p>\n","protected":false},"excerpt":{"rendered":"Islannissa rikottiin jouluaattona joulukuun l\u00e4mp\u00f6enn\u00e4tys. Yleisradioyhti\u00f6 RUV kertoi, ett\u00e4 Islannin it\u00e4osassa Seydisfj\u00f6rdurin kyl\u00e4ss\u00e4 mitattiin keskiviikkona 19,8 astetta. Aiempi&hellip;\n","protected":false},"author":2,"featured_media":125543,"comment_status":"","ping_status":"","sticky":false,"template":"","format":"standard","meta":{"footnotes":""},"categories":[12],"tags":[22,23,26,27,33,31,30,17,3674,14442,24,25,28,29,1616,715,15,18,21,710,714,32,4107,19,20,16],"class_list":{"0":"post-125542","1":"post","2":"type-post","3":"status-publish","4":"format-standard","5":"has-post-thumbnail","7":"category-suomi","8":"tag-breaking-news","9":"tag-breakingnews","10":"tag-featured-news","11":"tag-featurednews","12":"tag-fi","13":"tag-finland","14":"tag-finnish","15":"tag-headlines","16":"tag-juhla-ja-vapaapaivat","17":"tag-kansalliset-ja-kansainvaliset-juhlapaivat","18":"tag-latest-news","19":"tag-latestnews","20":"tag-main-news","21":"tag-mainnews","22":"tag-media-viestinta","23":"tag-meteorologia","24":"tag-news","25":"tag-otsikot","26":"tag-paauutiset","27":"tag-saa","28":"tag-saaennustus","29":"tag-suomi","30":"tag-tiedotukset-saa","31":"tag-top-stories","32":"tag-topstories","33":"tag-uutiset"},"share_on_mastodon":{"url":"https:\/\/pubeurope.com\/@fi\/115780288819862898","error":""},"_links":{"self":[{"href":"https:\/\/www.europesays.com\/fi\/wp-json\/wp\/v2\/posts\/125542","targetHints":{"allow":["GET"]}}],"collection":[{"href":"https:\/\/www.europesays.com\/fi\/wp-json\/wp\/v2\/posts"}],"about":[{"href":"https:\/\/www.europesays.com\/fi\/wp-json\/wp\/v2\/types\/post"}],"author":[{"embeddable":true,"href":"https:\/\/www.europesays.com\/fi\/wp-json\/wp\/v2\/users\/2"}],"replies":[{"embeddable":true,"href":"https:\/\/www.europesays.com\/fi\/wp-json\/wp\/v2\/comments?post=125542"}],"version-history":[{"count":0,"href":"https:\/\/www.europesays.com\/fi\/wp-json\/wp\/v2\/posts\/125542\/revisions"}],"wp:featuredmedia":[{"embeddable":true,"href":"https:\/\/www.europesays.com\/fi\/wp-json\/wp\/v2\/media\/125543"}],"wp:attachment":[{"href":"https:\/\/www.europesays.com\/fi\/wp-json\/wp\/v2\/media?parent=125542"}],"wp:term":[{"taxonomy":"category","embeddable":true,"href":"https:\/\/www.europesays.com\/fi\/wp-json\/wp\/v2\/categories?post=125542"},{"taxonomy":"post_tag","embeddable":true,"href":"https:\/\/www.europesays.com\/fi\/wp-json\/wp\/v2\/tags?post=125542"}],"curies":[{"name":"wp","href":"https:\/\/api.w.org\/{rel}","templated":true}]}}