{"id":125554,"date":"2025-12-25T13:12:21","date_gmt":"2025-12-25T13:12:21","guid":{"rendered":"https:\/\/www.europesays.com\/fi\/125554\/"},"modified":"2025-12-25T13:12:21","modified_gmt":"2025-12-25T13:12:21","slug":"sonyn-tulevat-huipputason-wf-1000xm6-kuulokkeet-paljastuivat","status":"publish","type":"post","link":"https:\/\/www.europesays.com\/fi\/125554\/","title":{"rendered":"Sonyn tulevat huipputason WF-1000XM6-kuulokkeet paljastuivat"},"content":{"rendered":"<p><img loading=\"lazy\" decoding=\"async\" aria-describedby=\"caption-attachment-114314\" class=\"size-large wp-image-114314\" src=\"https:\/\/www.europesays.com\/fi\/wp-content\/uploads\/2025\/12\/sony-wf-1000xm5-6-1024x618.png\" alt=\"\" width=\"1024\" height=\"618\"\/><\/p>\n<p id=\"caption-attachment-114314\" class=\"wp-caption-text\">Sony WF-1000XM5<\/p>\n<p>Sonyn seuraavan sukupolven huippuluokan WF-1000XM6 -nappikuulokkeet pysyv\u00e4t edelleen pitk\u00e4lti mysteerin\u00e4, vaikka mallista on kuultu ensimm\u00e4isi\u00e4 huhuja jo kes\u00e4ll\u00e4 2024. Aluksi WF-1000XM6 mainittiin samoissa yhteyksiss\u00e4 Sony WH-1000XM6 -kuulokkeiden kanssa, mutta kun WH-1000XM6 esiteltiin virallisesti toukokuussa, nappikuulokkeista ei n\u00e4hty vilaustakaan.<\/p>\n<p>Sony lis\u00e4si kuitenkin WF-1000XM6-malliin viittaavia merkint\u00f6j\u00e4 omaan Sound Connect -sovellukseensa, kunnes ne poistettiin nopeasti. T\u00e4m\u00e4n j\u00e4lkeen kuulokkeet ovat pompahtaneet esiin useissa viranomaistietokannoissa, joiden joukossa on Yhdysvaltain FCC:n rekisteri. Vaikka n\u00e4iss\u00e4 tietokannoissa ei ole paljastettu itse ominaisuuksia, kaikissa niiss\u00e4 esiintyy sama mallinumero YY2985, joka vastaa Sound Connect -sovelluksessa n\u00e4hty\u00e4 tietoa.<\/p>\n<p>\n\t\t\tArtikkeli jatkuu mainoksen j\u00e4lkeen\n\t\t<\/p>\n<p><img loading=\"lazy\" decoding=\"async\" class=\"alignnone size-large wp-image-149613\" src=\"https:\/\/www.europesays.com\/fi\/wp-content\/uploads\/2025\/12\/wfxm6_encompass_02-1024x784.jpg\" alt=\"\" width=\"1024\" height=\"784\"\/><\/p>\n<p>Nyt WF-1000XM6 on noussut esiin uudelleen, t\u00e4ll\u00e4 kertaa Encompass Partsin varaosasivustolla. Sivusto vahvistaa, ett\u00e4 Sony aikoo tuoda kuulokkeet myyntiin mustana ja hopeisena versiona, ja ett\u00e4 niiden mallinumero on tosiaan YY2985. Viel\u00e4 kiinnostavampaa on se, ett\u00e4 Encompass Parts listaa WF-1000XM6:een liittyvien varaosien toimitusp\u00e4iv\u00e4ksi 27. helmikuuta 2026.<\/p>\n<p>On kuitenkin ep\u00e4selv\u00e4\u00e4, onko kyseess\u00e4 todellinen aikataulu vai pelkk\u00e4 paikkamerkint\u00e4. Walkman Blogin mukaan p\u00e4iv\u00e4m\u00e4\u00e4r\u00e4 voi olla ensimm\u00e4inen konkreettinen vihje siit\u00e4, milloin Sony aikoo lopulta julkaista uudet huippunappikuulokkeensa.<\/p>\n<p>\n\t\t\tArtikkeli jatkuu mainoksen j\u00e4lkeen\n\t\t<\/p>\n<p>T\u00e4ll\u00e4 hetkell\u00e4 WF-1000XM6:sta ei tiedet\u00e4 varmaksi juuri muuta kuin nimi, mallinumero sek\u00e4 v\u00e4rivaihtoehdot. Sonyn tapa piilotella tietoja ja poistaa niit\u00e4 nopeasti n\u00e4kyvist\u00e4 viittaa kuitenkin siihen, ett\u00e4 julkaisu l\u00e4hestyy.<\/p>\n<p><strong>L\u00e4hde<\/strong>: <a href=\"https:\/\/thewalkmanblog.blogspot.com\/2025\/12\/sony-wf-1000xm6-appears-on-encompass.html\" target=\"_blank\" rel=\"noopener nofollow\">The Walkman Blog<\/a><\/p>\n","protected":false},"excerpt":{"rendered":"Sony WF-1000XM5 Sonyn seuraavan sukupolven huippuluokan WF-1000XM6 -nappikuulokkeet pysyv\u00e4t edelleen pitk\u00e4lti mysteerin\u00e4, vaikka mallista on kuultu ensimm\u00e4isi\u00e4 huhuja&hellip;\n","protected":false},"author":2,"featured_media":125555,"comment_status":"","ping_status":"","sticky":false,"template":"","format":"standard","meta":{"footnotes":""},"categories":[76],"tags":[79,77,33,31,30,7002,22389,32,78],"class_list":{"0":"post-125554","1":"post","2":"type-post","3":"status-publish","4":"format-standard","5":"has-post-thumbnail","7":"category-talous","8":"tag-business","9":"tag-economy","10":"tag-fi","11":"tag-finland","12":"tag-finnish","13":"tag-sony","14":"tag-sony-wf-1000xm6","15":"tag-suomi","16":"tag-talous"},"share_on_mastodon":{"url":"https:\/\/pubeurope.com\/@fi\/115780383690884744","error":""},"_links":{"self":[{"href":"https:\/\/www.europesays.com\/fi\/wp-json\/wp\/v2\/posts\/125554","targetHints":{"allow":["GET"]}}],"collection":[{"href":"https:\/\/www.europesays.com\/fi\/wp-json\/wp\/v2\/posts"}],"about":[{"href":"https:\/\/www.europesays.com\/fi\/wp-json\/wp\/v2\/types\/post"}],"author":[{"embeddable":true,"href":"https:\/\/www.europesays.com\/fi\/wp-json\/wp\/v2\/users\/2"}],"replies":[{"embeddable":true,"href":"https:\/\/www.europesays.com\/fi\/wp-json\/wp\/v2\/comments?post=125554"}],"version-history":[{"count":0,"href":"https:\/\/www.europesays.com\/fi\/wp-json\/wp\/v2\/posts\/125554\/revisions"}],"wp:featuredmedia":[{"embeddable":true,"href":"https:\/\/www.europesays.com\/fi\/wp-json\/wp\/v2\/media\/125555"}],"wp:attachment":[{"href":"https:\/\/www.europesays.com\/fi\/wp-json\/wp\/v2\/media?parent=125554"}],"wp:term":[{"taxonomy":"category","embeddable":true,"href":"https:\/\/www.europesays.com\/fi\/wp-json\/wp\/v2\/categories?post=125554"},{"taxonomy":"post_tag","embeddable":true,"href":"https:\/\/www.europesays.com\/fi\/wp-json\/wp\/v2\/tags?post=125554"}],"curies":[{"name":"wp","href":"https:\/\/api.w.org\/{rel}","templated":true}]}}