{"id":125558,"date":"2025-12-25T13:14:10","date_gmt":"2025-12-25T13:14:10","guid":{"rendered":"https:\/\/www.europesays.com\/fi\/125558\/"},"modified":"2025-12-25T13:14:10","modified_gmt":"2025-12-25T13:14:10","slug":"kunnallisen-elainlaakarin-maksut-nousevat-vuoden-alussa","status":"publish","type":"post","link":"https:\/\/www.europesays.com\/fi\/125558\/","title":{"rendered":"Kunnallisen el\u00e4inl\u00e4\u00e4k\u00e4rin maksut nousevat vuoden alussa"},"content":{"rendered":"<p>\n      El\u00e4inl\u00e4\u00e4k\u00e4ripalveluiden hinnat nousevat ensi vuoden alussa.\n    <\/p>\n<p>\n      Muutokset koskevat lemmikki- ja harraste-el\u00e4inten toimenpiteiden hinnoittelua. Tuotantoel\u00e4inten osalta el\u00e4inl\u00e4\u00e4k\u00e4rik\u00e4yntien maksut eiv\u00e4t muutu.\n    <\/p>\n<p class=\"article__paragraph\">\n      Taustalla on vuoden 2026 alusta voimaan astuva uusi el\u00e4inl\u00e4\u00e4kint\u00e4huoltolaki. Uuden lain my\u00f6t\u00e4 kuntien el\u00e4inl\u00e4\u00e4k\u00e4ripalveluiden j\u00e4rjest\u00e4misvastuu on pienempi kuin ennen.\n    <\/p>\n<p class=\"article__paragraph\">\n      Kunnan j\u00e4rjest\u00e4misvastuuseen kuuluvat jatkossa vain el\u00e4inten terveyden ja hyvinvoinnin sek\u00e4 kansanterveyden kannalta v\u00e4ltt\u00e4m\u00e4tt\u00f6m\u00e4t el\u00e4inl\u00e4\u00e4k\u00e4ripalvelut.\n    <\/p>\n<p class=\"article__paragraph\">\n      \u2013\u202fIsoin muutos on se, ett\u00e4 kuntien tarjoamaa el\u00e4inl\u00e4\u00e4k\u00e4ripalvelua ei kustanneta en\u00e4\u00e4 yht\u00e4 paljon verovaroin kuin ennen. T\u00e4m\u00e4n johdosta tiettyihin toimenpiteisiin tulee hinnankorotuksia. Itse toiminnassa ei kuitenkaan tapahdu mink\u00e4\u00e4nlaista muutosta, kertoo Rovaniemen ja Ranuan vastaava el\u00e4inl\u00e4\u00e4k\u00e4ri Linda Mononen.\n    <\/p>\n<p>      Kymmenien eurojen korotus<\/p>\n<p class=\"article__paragraph\">\n      Kunnat voivat lis\u00e4ksi tarjota j\u00e4rjest\u00e4misvastuun ylitt\u00e4vi\u00e4 palveluita paikallisen markkinatilanteen mukaan. N\u00e4m\u00e4 niin sanotut t\u00e4ydent\u00e4v\u00e4t palvelut on kuitenkin hinnoiteltava markkinaperusteisesti, eli palvelun maksun tulee kattaa palvelun j\u00e4rjest\u00e4minen.\n    <\/p>\n<p class=\"article__paragraph\">\n      N\u00e4in on p\u00e4\u00e4tetty tehd\u00e4 Rovakaaren alueella, jossa tulee olemaan tarjolla samat palvelut kuin ennenkin. T\u00e4ydent\u00e4vist\u00e4 palveluista perit\u00e4\u00e4n jatkossa uusi maksu, joka on 59,29 euroa tunnilta. Maksu veloitetaan toimenpiteeseen kuluvan ajan mukaan, joka ei v\u00e4ltt\u00e4m\u00e4tt\u00e4 ole tunnin verran.\n    <\/p>\n<p class=\"article__paragraph\">\n      \u2013\u202fT\u00e4\u00e4ll\u00e4 ei ole tarpeeksi yksityist\u00e4 palvelua vastaamaan kysynt\u00e4\u00e4n, eik\u00e4 el\u00e4insairaaloita ole l\u00e4hell\u00e4, Mononen perustelee p\u00e4\u00e4t\u00f6st\u00e4 tarjota t\u00e4ydent\u00e4vi\u00e4 palveluita.\n    <\/p>\n<p class=\"article__paragraph\">\n      Monosen mukaan t\u00e4ydent\u00e4vien palveluiden hinnoissa puhutaan kymmenien eurojen korotuksista. Esimerkiksi ultra\u00e4\u00e4nitutkimuksen hinta nousee 15 euroa, leikkausten noin 60\u2013100 euroa riippuen leikkauksesta.\n    <\/p>\n<p class=\"article__paragraph\">\n      Ulkopaikkakuntalaisilta eli Rovakaaren ulkopuolella asuvilta omistajilta tuntitaksa veloitetaan my\u00f6s peruspalveluista, pois lukien ensiapua vaativat tilanteet.\n    <\/p>\n<p>      Kaksi maksup\u00e4\u00e4tett\u00e4<\/p>\n<p class=\"article__paragraph\">\n      Toinen asiakkaille n\u00e4kyv\u00e4 muutos on se, ett\u00e4 jatkossa kunnallisen el\u00e4inl\u00e4\u00e4k\u00e4ripalvelun lasku on jaettu kahteen osaan el\u00e4inl\u00e4\u00e4k\u00e4rin ja kunnan v\u00e4lill\u00e4, ja se maksetaan kahden eri maksup\u00e4\u00e4tteen kautta.\n    <\/p>\n<p class=\"article__paragraph\">\n      Kunta perii poliklinikkamaksun sek\u00e4 erillisen laitemaksun tiettyjen laitteiden, kuten r\u00f6ntgenin ja ultra\u00e4\u00e4nen k\u00e4yt\u00f6st\u00e4. Lis\u00e4ksi kunnan maksup\u00e4\u00e4tteelle laskutetaan t\u00e4ydent\u00e4vien palveluiden tuntihinta. El\u00e4inl\u00e4\u00e4k\u00e4ri taas laskuttaa toimenpide- ja k\u00e4yntimaksut potilasta kohden.\n    <\/p>\n<p class=\"article__paragraph\">\n      Uudistus ei vaikuta el\u00e4inl\u00e4\u00e4k\u00e4reiden palkkioihin. Yksityisin\u00e4 ammatinharjoittajina he veloittavat yrityksens\u00e4 kautta k\u00e4ynti- ja toimenpidemaksut kunnallisen el\u00e4inl\u00e4\u00e4k\u00e4ritaksan mukaisesti. My\u00f6s tarvikkeet ja l\u00e4\u00e4kkeet veloitetaan jatkossakin el\u00e4inl\u00e4\u00e4k\u00e4rin yrityksen kautta.\n    <\/p>\n<p>Mik\u00e4?<\/p>\n<p>      J\u00e4rjest\u00e4misvastuuseen sis\u00e4ltyv\u00e4t toimenpiteet, joista ei perit\u00e4 uutta tuntitaksaa<\/p>\n<p class=\"article__fact-paragraph\">\n      Yleistutkimus\n    <\/p>\n<p class=\"article__fact-paragraph\">\n      Kissan ja koiran tunnistusmerkint\u00e4\n    <\/p>\n<p class=\"article__fact-paragraph\">\n      El\u00e4interveysk\u00e4ynnit\n    <\/p>\n<p class=\"article__fact-paragraph\">\n      Rokotus\n    <\/p>\n<p class=\"article__fact-paragraph\">\n      Loisten h\u00e4\u00e4t\u00f6\u00f6n ja ehk\u00e4isyyn liittyv\u00e4t toimenpiteet\n    <\/p>\n<p class=\"article__fact-paragraph\">\n      Suun terveydenhuoltoon liittyv\u00e4t v\u00e4ltt\u00e4m\u00e4tt\u00f6m\u00e4t perustoimenpiteet\n    <\/p>\n<p class=\"article__fact-paragraph\">\n      Sarvien ja sarven aiheiden poistaminen naudoilta ja vuohilta\n    <\/p>\n<p class=\"article__fact-paragraph\">\n      Lis\u00e4\u00e4ntymiseen liittyv\u00e4t tarkastukset ja tutkimukset sek\u00e4 lis\u00e4\u00e4ntymisongelmien hoito elintarviketuotantoa varten pidett\u00e4ville naudoille, sioille, lampaille, vuohille ja poroille;\n    <\/p>\n<p class=\"article__fact-paragraph\">\n      Kastraatio naudalle, sialle, lampaalle, vuohelle, porolle, koiralle ja kissalle sek\u00e4 sterilisaatio kissalle\n    <\/p>\n<p class=\"article__fact-paragraph\">\n      Sairaan el\u00e4imen kliininen tutkimus ja hoitotarpeen arviointi, tavanomaisten n\u00e4ytteiden ottaminen ja pikatestaus tai toimittaminen laboratoriotutkimuksiin\n    <\/p>\n<p class=\"article__fact-paragraph\">\n      Sairaalle elintarvike- tai turkistuotantoa varten pidett\u00e4v\u00e4lle el\u00e4imelle tarvittava hoito, jota on mahdollista antaa el\u00e4imen pitopaikassa ja johon kuuluu my\u00f6s nautael\u00e4imen juoksutusmahaleikkaus\n    <\/p>\n<p class=\"article__fact-paragraph\">\n      Perustasoinen ensiapuluonteinen hoito,\n    <\/p>\n<p class=\"article__fact-paragraph\">\n      Synnytysapu, johon kuuluvat keisarileikkauksista nautojen, lampaiden, vuohien ja kissojen keisarileikkaus\n    <\/p>\n<p class=\"article__fact-paragraph\">\n      El\u00e4imen lopetus\n    <\/p>\n<p>      T\u00e4ydent\u00e4viin palveluihin kuuluvat toimenpiteet, joista perit\u00e4\u00e4n uusi tuntitaksa<\/p>\n<p class=\"article__fact-paragraph\">\n      R\u00f6ntgen- ja ultra\u00e4\u00e4nitutkimukset\n    <\/p>\n<p class=\"article__fact-paragraph\">\n      Harraste- ja seurael\u00e4inten iho- ja vatsaontelokirurgia\n    <\/p>\n<p class=\"article__fact-paragraph\">\n      H\u00e4t\u00e4leikkaukset\n    <\/p>\n<p class=\"article__fact-paragraph\">\n      Veri- ja virtsa-analyysit j\u00e4rjest\u00e4misvastuuta laajemmin\n    <\/p>\n<p class=\"article__fact-paragraph\">\n      Lis\u00e4\u00e4ntymiseen liittyv\u00e4t tarkastukset ja toimenpiteet\n    <\/p>\n<p class=\"article__fact-paragraph\">\n      Perustasoinen sairauden hoito my\u00f6s muille kuin tuotantoel\u00e4imille\n    <\/p>\n<p class=\"article__fact-paragraph\">\n      Koirille ja kissoille terveydentilan kannalta tarvittavat kuukausittaiset pistoshoidot\n    <\/p>\n<p class=\"article__fact-paragraph\">\n      Hampaiden poistot, my\u00f6s kirurgiset, tapauskohtaisesti harkittuina\n    <\/p>\n","protected":false},"excerpt":{"rendered":"El\u00e4inl\u00e4\u00e4k\u00e4ripalveluiden hinnat nousevat ensi vuoden alussa. Muutokset koskevat lemmikki- ja harraste-el\u00e4inten toimenpiteiden hinnoittelua. Tuotantoel\u00e4inten osalta el\u00e4inl\u00e4\u00e4k\u00e4rik\u00e4yntien maksut eiv\u00e4t&hellip;\n","protected":false},"author":2,"featured_media":125559,"comment_status":"","ping_status":"","sticky":false,"template":"","format":"standard","meta":{"footnotes":""},"categories":[12],"tags":[22,23,26,27,33,31,30,17,24,25,28,29,15,18,21,32,19,20,16],"class_list":{"0":"post-125558","1":"post","2":"type-post","3":"status-publish","4":"format-standard","5":"has-post-thumbnail","7":"category-suomi","8":"tag-breaking-news","9":"tag-breakingnews","10":"tag-featured-news","11":"tag-featurednews","12":"tag-fi","13":"tag-finland","14":"tag-finnish","15":"tag-headlines","16":"tag-latest-news","17":"tag-latestnews","18":"tag-main-news","19":"tag-mainnews","20":"tag-news","21":"tag-otsikot","22":"tag-paauutiset","23":"tag-suomi","24":"tag-top-stories","25":"tag-topstories","26":"tag-uutiset"},"share_on_mastodon":{"url":"https:\/\/pubeurope.com\/@fi\/115780391168852864","error":""},"_links":{"self":[{"href":"https:\/\/www.europesays.com\/fi\/wp-json\/wp\/v2\/posts\/125558","targetHints":{"allow":["GET"]}}],"collection":[{"href":"https:\/\/www.europesays.com\/fi\/wp-json\/wp\/v2\/posts"}],"about":[{"href":"https:\/\/www.europesays.com\/fi\/wp-json\/wp\/v2\/types\/post"}],"author":[{"embeddable":true,"href":"https:\/\/www.europesays.com\/fi\/wp-json\/wp\/v2\/users\/2"}],"replies":[{"embeddable":true,"href":"https:\/\/www.europesays.com\/fi\/wp-json\/wp\/v2\/comments?post=125558"}],"version-history":[{"count":0,"href":"https:\/\/www.europesays.com\/fi\/wp-json\/wp\/v2\/posts\/125558\/revisions"}],"wp:featuredmedia":[{"embeddable":true,"href":"https:\/\/www.europesays.com\/fi\/wp-json\/wp\/v2\/media\/125559"}],"wp:attachment":[{"href":"https:\/\/www.europesays.com\/fi\/wp-json\/wp\/v2\/media?parent=125558"}],"wp:term":[{"taxonomy":"category","embeddable":true,"href":"https:\/\/www.europesays.com\/fi\/wp-json\/wp\/v2\/categories?post=125558"},{"taxonomy":"post_tag","embeddable":true,"href":"https:\/\/www.europesays.com\/fi\/wp-json\/wp\/v2\/tags?post=125558"}],"curies":[{"name":"wp","href":"https:\/\/api.w.org\/{rel}","templated":true}]}}