{"id":125560,"date":"2025-12-25T13:15:14","date_gmt":"2025-12-25T13:15:14","guid":{"rendered":"https:\/\/www.europesays.com\/fi\/125560\/"},"modified":"2025-12-25T13:15:14","modified_gmt":"2025-12-25T13:15:14","slug":"leijonia-kiusannut-tim-bozon-ulos-olympialaisista-2","status":"publish","type":"post","link":"https:\/\/www.europesays.com\/fi\/125560\/","title":{"rendered":"Leijonia kiusannut Tim Bozon ulos olympialaisista"},"content":{"rendered":"<p>J\u00e4\u00e4kiekko|Tim Bozonin mukaan p\u00e4\u00e4t\u00f6ksen taustalla vaikuttaa h\u00e4nen suhteensa Peltosen edelt\u00e4j\u00e4\u00e4n, Ranskan p\u00e4\u00e4valmentajaan Yorick Treilleen.<\/p>\n<p class=\"article-body mb-nof-24 px-nof-16\">Ranskalainen j\u00e4\u00e4kiekkoilija <a class=\"article-personlink\" href=\"https:\/\/www.hs.fi\/haku\/?query=Tim%20Bozon\" rel=\"nofollow noopener\" target=\"_blank\">Tim Bozon<\/a> kertoo pudonneensa Ranskan olympiajoukkueesta henkil\u00f6kohtaisten syiden vuoksi, uutisoi sveitsil\u00e4islehti <a class=\"underline underline-offset-[0.12em] [text-decoration-thickness:var(--generic-link-underline-thickness)] [text-decoration-color:var(--generic-link-underline-color)] [text-decoration-skip-ink:var(--generic-link-underline-skip-ink)] break-words\" href=\"https:\/\/www.blick.ch\/fr\/sport\/hockey\/jo-2026-tim-bozon-reagit-a-son-eviction-de-lequipe-de-france-id21545961.html?utm_medium=social&amp;utm_campaign=share-button&amp;utm_source=twitter\" rel=\"nofollow noopener\" target=\"_blank\">Blick<\/a>.<\/p>\n<p class=\"article-body mb-nof-24 px-nof-16\">Ranska julkaisi olympiajoukkueensa tiistaina, ja uransa parhaaseen kauteen matkalla oleva Bozon ei mahtunut mukaan. Hy\u00f6kk\u00e4\u00e4j\u00e4 kertoi kuulleensa tiedon jo marraskuussa.<\/p>\n<p class=\"article-body mb-nof-24 px-nof-16\">\u201dSain tiet\u00e4\u00e4 p\u00e4\u00e4t\u00f6ksest\u00e4 vasta otettuani itse yhteytt\u00e4 valmentajaan\u201d, Bozon kertoi Blickin mukaan.<\/p>\n<p class=\"article-body mb-nof-24 px-nof-16\">\u201dMinuun ei oltu yhteydess\u00e4 lainkaan. P\u00e4\u00e4tin lopulta kysy\u00e4 asiasta henkil\u00f6kohtaisesti, muuten en olisi saanut selityst\u00e4 lainkaan.\u201d<\/p>\n<p class=\"article-body mb-nof-24 px-nof-16\">Ranskan maajoukkueen valmentajana toimii Bozonia Geneve-Servettess\u00e4 aiemmin kaudella valmentanut <a class=\"article-personlink\" href=\"https:\/\/www.hs.fi\/haku\/?query=Yorick%20Treille\" rel=\"nofollow noopener\" target=\"_blank\">Yorick Treille<\/a>, joka sai potkut lokakuussa. Servetten p\u00e4\u00e4valmentajaksi nousi sen j\u00e4lkeen <a class=\"article-personlink\" href=\"https:\/\/www.hs.fi\/haku\/?query=Ville%20Peltonen\" rel=\"nofollow noopener\" target=\"_blank\">Ville Peltonen<\/a>, joka toimi aiemmin apuvalmentajana.<\/p>\n<p class=\"article-body mb-nof-24 px-nof-16\">Bozon kertoo Treillen olleen keskustelun aikana eritt\u00e4in kylm\u00e4.<\/p>\n<p class=\"article-body mb-nof-24 px-nof-16\">\u201dH\u00e4nen \u00e4\u00e4nens\u00e4vyns\u00e4 oli tiukka, l\u00e4hes vihamielinen\u201d, ranskalaispeluri sanoi.<\/p>\n<p class=\"article-body mb-nof-24 px-nof-16\">Bozonin mukaan Treille on kertonut monia syit\u00e4 hy\u00f6kk\u00e4\u00e4j\u00e4n poisj\u00e4tt\u00e4miselle olympiajoukkueesta.<\/p>\n<p class=\"article-body mb-nof-24 px-nof-16\">\u201dSyyt vaihtelevat sen mukaan kenelle h\u00e4n asiasta puhuu. Minulle h\u00e4n kertoi, etten karvaa tarpeeksi enk\u00e4 istu joukkueen pelitapaan\u201d, Bozon avasi.<\/p>\n<p><img decoding=\"async\" src=\"https:\/\/www.europesays.com\/fi\/wp-content\/uploads\/2025\/12\/1766660288_705_468.jpg\" alt=\"Bozon iski maalin Suomen verkkoon kev\u00e4\u00e4n MM-kisoissa.\" class=\"_Img_1rerz_1\" style=\"aspect-ratio:1.7777777777777777\" loading=\"eager\"\/><\/p>\n<p class=\"article-picture-caption\">Bozon iski maalin Suomen verkkoon kev\u00e4\u00e4n MM-kisoissa. Kuva:\u00a0CHRISTINE OLSSON<\/p>\n<p class=\"article-body mb-nof-24 px-nof-16\">Bozon edusti Ranskan maajoukkuetta, kun he pelasivat karsintaotteluita olympialaisia varten. Hy\u00f6kk\u00e4\u00e4j\u00e4 iski kolmessa karsintapeliss\u00e4 kolme pistett\u00e4.<\/p>\n<p class=\"article-body mb-nof-24 px-nof-16\">\u201dTreille my\u00f6nsi minun olleen yksi parhaista pelaajista niiss\u00e4 peleiss\u00e4, mutta siit\u00e4 huolimatta en mahtunut mukaan joukkueeseen\u201d, Bozon kertoi.<\/p>\n<p class=\"article-body mb-nof-24 px-nof-16\">Hy\u00f6kk\u00e4\u00e4j\u00e4 kertoo uskovansa poisj\u00e4tt\u00e4misen syiden olevan t\u00e4ysin henkil\u00f6kohtaisia.<\/p>\n<p class=\"article-body mb-nof-24 px-nof-16\">\u201dKun Treille sai potkut seurajoukkueestani, katosin yht\u00e4kki\u00e4 olympialaisiin valittavien joukosta\u201d, Bozon sanoi.<\/p>\n<p class=\"article-body mb-nof-24 px-nof-16\">\u201dMinulle t\u00e4m\u00e4 asia on p\u00e4iv\u00e4nselv\u00e4. H\u00e4nen \u00e4\u00e4nens\u00e4vyss\u00e4\u00e4n oli paljon vihaa, kun h\u00e4n puhui minulle. Tuntuu silt\u00e4, ett\u00e4 h\u00e4n laittaa minut maksamaan jostakin.\u201d<\/p>\n<p class=\"article-body mb-nof-24 px-nof-16\">Bozon on tehnyt t\u00e4ll\u00e4 kaudella Servettess\u00e4 25 ottelussa tehot 11+4. H\u00e4n on joukkueen kolmanneksi paras maalintekij\u00e4 <a class=\"article-personlink\" href=\"https:\/\/www.hs.fi\/haku\/?query=Markus%20Granlundin\" rel=\"nofollow noopener\" target=\"_blank\">Markus Granlundin<\/a> (14 maalia) ja <a class=\"article-personlink\" href=\"https:\/\/www.hs.fi\/haku\/?query=Jesse%20Puljuj%C3%A4rven\" rel=\"nofollow noopener\" target=\"_blank\">Jesse Puljuj\u00e4rven <\/a>(13) j\u00e4lkeen.<\/p>\n<p class=\"article-body mb-nof-24 px-nof-16\">Suomalaisille Bozon on tuttu nimi viime kev\u00e4\u00e4n MM-kisoista. Ranska oli ottamassa Suomesta jo yll\u00e4tysvoiton Bozonin ja t\u00e4m\u00e4n veljen, <a class=\"article-personlink\" href=\"https:\/\/www.hs.fi\/haku\/?query=Kevinin\" rel=\"nofollow noopener\" target=\"_blank\">Kevinin<\/a>, johdolla.<\/p>\n<p class=\"article-body mb-nof-24 px-nof-16\">Suomi kavensi ja tasoitti ottelun kuitenkin viimeisen puolentoista minuutin aikana, ja vei lopulta voiton jatkoajalla.<\/p>\n<p class=\"article-body mb-nof-24 px-nof-16\">Ranska ei lopulta onnistunut voittamaan yht\u00e4\u00e4n ottelua turnauksessa ja putosi alempaan divisioonaan vuodeksi 2026.<\/p>\n","protected":false},"excerpt":{"rendered":"J\u00e4\u00e4kiekko|Tim Bozonin mukaan p\u00e4\u00e4t\u00f6ksen taustalla vaikuttaa h\u00e4nen suhteensa Peltosen edelt\u00e4j\u00e4\u00e4n, Ranskan p\u00e4\u00e4valmentajaan Yorick Treilleen. Ranskalainen j\u00e4\u00e4kiekkoilija Tim Bozon&hellip;\n","protected":false},"author":2,"featured_media":125561,"comment_status":"","ping_status":"","sticky":false,"template":"","format":"standard","meta":{"footnotes":""},"categories":[5],"tags":[22,23,26,27,33,31,30,17,46,24,25,28,29,15,18,21,32,19,20,16],"class_list":{"0":"post-125560","1":"post","2":"type-post","3":"status-publish","4":"format-standard","5":"has-post-thumbnail","7":"category-otsikot","8":"tag-breaking-news","9":"tag-breakingnews","10":"tag-featured-news","11":"tag-featurednews","12":"tag-fi","13":"tag-finland","14":"tag-finnish","15":"tag-headlines","16":"tag-helsingin-sanomat","17":"tag-latest-news","18":"tag-latestnews","19":"tag-main-news","20":"tag-mainnews","21":"tag-news","22":"tag-otsikot","23":"tag-paauutiset","24":"tag-suomi","25":"tag-top-stories","26":"tag-topstories","27":"tag-uutiset"},"share_on_mastodon":{"url":"https:\/\/pubeurope.com\/@fi\/115780395333062537","error":""},"_links":{"self":[{"href":"https:\/\/www.europesays.com\/fi\/wp-json\/wp\/v2\/posts\/125560","targetHints":{"allow":["GET"]}}],"collection":[{"href":"https:\/\/www.europesays.com\/fi\/wp-json\/wp\/v2\/posts"}],"about":[{"href":"https:\/\/www.europesays.com\/fi\/wp-json\/wp\/v2\/types\/post"}],"author":[{"embeddable":true,"href":"https:\/\/www.europesays.com\/fi\/wp-json\/wp\/v2\/users\/2"}],"replies":[{"embeddable":true,"href":"https:\/\/www.europesays.com\/fi\/wp-json\/wp\/v2\/comments?post=125560"}],"version-history":[{"count":0,"href":"https:\/\/www.europesays.com\/fi\/wp-json\/wp\/v2\/posts\/125560\/revisions"}],"wp:featuredmedia":[{"embeddable":true,"href":"https:\/\/www.europesays.com\/fi\/wp-json\/wp\/v2\/media\/125561"}],"wp:attachment":[{"href":"https:\/\/www.europesays.com\/fi\/wp-json\/wp\/v2\/media?parent=125560"}],"wp:term":[{"taxonomy":"category","embeddable":true,"href":"https:\/\/www.europesays.com\/fi\/wp-json\/wp\/v2\/categories?post=125560"},{"taxonomy":"post_tag","embeddable":true,"href":"https:\/\/www.europesays.com\/fi\/wp-json\/wp\/v2\/tags?post=125560"}],"curies":[{"name":"wp","href":"https:\/\/api.w.org\/{rel}","templated":true}]}}