{"id":125566,"date":"2025-12-25T13:34:10","date_gmt":"2025-12-25T13:34:10","guid":{"rendered":"https:\/\/www.europesays.com\/fi\/125566\/"},"modified":"2025-12-25T13:34:10","modified_gmt":"2025-12-25T13:34:10","slug":"venalaiset-palasivat-maailmancupiin-norjan-pomo-kommentoi","status":"publish","type":"post","link":"https:\/\/www.europesays.com\/fi\/125566\/","title":{"rendered":"Ven\u00e4l\u00e4iset palasivat maailmancupiin \u2013 Norjan pomo kommentoi"},"content":{"rendered":"<p>Jan-Erik Aalbu kommentoi ven\u00e4l\u00e4isten paluuta maailmancupiin.<\/p>\n<p><img decoding=\"async\" class=\"image image-show image-preview\" src=\"https:\/\/www.europesays.com\/fi\/wp-content\/uploads\/2025\/12\/19126fdccc6988c46a2704325f1b6c187894417fa52b6714a05f85bc5e322157.jpg\" alt=\"\"\/><img decoding=\"async\" class=\"image image-show\" src=\"https:\/\/www.europesays.com\/fi\/wp-content\/uploads\/2025\/12\/1766669648_152_19126fdccc6988c46a2704325f1b6c187894417fa52b6714a05f85bc5e322157.jpg\" alt=\"\"\/><\/p>\n<p>Jan-Erik Aalbu kommentoi ven\u00e4l\u00e4isten paluuta. REUTERS <\/p>\n<p class=\"paragraph\">Ven\u00e4l\u00e4ism\u00e4kihypp\u00e4\u00e4j\u00e4t <strong>Danil Sadreev<\/strong>, 22, ja <strong>Mikhail Nazarov<\/strong>, 31, saavat kilpailla j\u00e4lleen m\u00e4kihypyn maailmancupissa, Kansainv\u00e4linen hiihtoliitto (FIS) tiedotti maanantai-iltana.<\/p>\n<p class=\"paragraph\">Heid\u00e4n on kilpailtava ilman maatunnuksia.<\/p>\n<p class=\"paragraph\">Edell\u00e4 mainitut hypp\u00e4\u00e4j\u00e4t ovat ensimm\u00e4iset ven\u00e4l\u00e4iset, jotka Fis on hyv\u00e4ksynyt takaisin m\u00e4kitorniin.<\/p>\n<p class=\"paragraph\">Norjan hiihtomaajoukkueen johtaja <strong>Jan-Erik Aalbu<\/strong> ei ole tyytyv\u00e4inen Fisin p\u00e4\u00e4t\u00f6kseen.<\/p>\n<p class=\"paragraph\">\u2013 Meid\u00e4n on hyv\u00e4ksytt\u00e4v\u00e4 se, ett\u00e4 heill\u00e4 on mahdollisuus osallistua. Mutta henkil\u00f6kohtaisesti mielest\u00e4ni se on s\u00e4\u00e4li niin kauan kuin Ven\u00e4j\u00e4 on yh\u00e4 sodassa Ukrainan kanssa, h\u00e4n sanoi <a href=\"https:\/\/www.dagbladet.no\/sport\/russere-tilbake\/84021669\" rel=\"noopener nofollow\" target=\"_blank\">Dagbladetille<\/a>.<\/p>\n<p class=\"paragraph\">Aalbu kuuli asiasta, kun norjalaismedia kysyi h\u00e4nen mielipidett\u00e4\u00e4n asiasta.<\/p>\n<p class=\"paragraph\">\u2013 Voin vain kuvitella, milt\u00e4 t\u00e4m\u00e4 tuntuu ukrainalaisille urheilijoille. Mutta meid\u00e4n on vain tuettava t\u00e4t\u00e4 p\u00e4\u00e4t\u00f6st\u00e4. On olemassa tahoja paljon minun yl\u00e4puolellani, jotka tekev\u00e4t n\u00e4m\u00e4 ratkaisut, h\u00e4n jatkoi.<\/p>\n<p class=\"paragraph\">M\u00e4kihyppypomo on itse kaksijakoisin ajatuksin ven\u00e4l\u00e4isten tilanteesta.<\/p>\n<p class=\"paragraph\">\u2013 Monella tapaa tunnen my\u00f6t\u00e4tuntoa ven\u00e4l\u00e4isi\u00e4 urheilijoita kohtaan. He k\u00e4rsiv\u00e4t oman hallintonsa alla. Samalla he ovat osa tuota j\u00e4rjestelm\u00e4\u00e4 ja joutuvat mielest\u00e4ni my\u00f6s kantamaan sen seuraukset. N\u00e4m\u00e4 ovat kuitenkin vain omia ajatuksiani, eiv\u00e4tk\u00e4 liity Norjan hiihtoliiton n\u00e4kemyksiin. Puhun vain omasta puolestani.<\/p>\n<p class=\"paragraph\">Fisin alaisiin kilpailuihin p\u00e4\u00e4sev\u00e4t vain ne ven\u00e4l\u00e4iset ja valkoven\u00e4l\u00e4iset urheilijat, jotka eiv\u00e4t ole sodan aikana ilmaisseet aktiivista tai tukevaksi tulkittavaa kantaa Ven\u00e4j\u00e4n hy\u00f6kk\u00e4ykselle Ukrainaan.<\/p>\n<p class=\"paragraph\">M\u00e4kihypyn maailmancup jatkuu 29. joulukuuta, kun legendaarinen m\u00e4kiviikko alkaa. M\u00e4kiviikon kilpailut hyp\u00e4t\u00e4\u00e4n Saksassa ja It\u00e4vallassa.<\/p>\n<p><a href=\"https:\/\/www.iltalehti.fi\/telkku\/?utm_source=iltalehti.fi&amp;utm_medium=almainternal&amp;utm_campaign=urheilu_artikkelibanneri&amp;utm_content=banner_612_a\" rel=\"nofollow noopener\" target=\"_blank\"><img decoding=\"async\" src=\"https:\/\/www.europesays.com\/fi\/wp-content\/uploads\/2025\/08\/7ef604e47d46ca174b7df4149bd3557dbde56a86d520f8e1b2125548b0a2e03a.png\" alt=\"TV-ohjelmat t\u00e4n\u00e4\u00e4n, TV-opas\"\/><\/a><\/p>\n","protected":false},"excerpt":{"rendered":"Jan-Erik Aalbu kommentoi ven\u00e4l\u00e4isten paluuta maailmancupiin. Jan-Erik Aalbu kommentoi ven\u00e4l\u00e4isten paluuta. REUTERS Ven\u00e4l\u00e4ism\u00e4kihypp\u00e4\u00e4j\u00e4t Danil Sadreev, 22, ja Mikhail&hellip;\n","protected":false},"author":2,"featured_media":125567,"comment_status":"","ping_status":"","sticky":false,"template":"","format":"standard","meta":{"footnotes":""},"categories":[158],"tags":[35,33,31,30,2096,41,2883,2668,159,32,160,161],"class_list":{"0":"post-125566","1":"post","2":"type-post","3":"status-publish","4":"format-standard","5":"has-post-thumbnail","7":"category-urheilu","8":"tag-24h","9":"tag-fi","10":"tag-finland","11":"tag-finnish","12":"tag-hiihtolajit","13":"tag-liikunta-ja-urheilu","14":"tag-maailmancupit-ja-maailmanmestaruuskilpailut","15":"tag-pohjoismaiset-hiihtolajit","16":"tag-sports","17":"tag-suomi","18":"tag-urheilu","19":"tag-urheilutapahtumat"},"share_on_mastodon":{"url":"https:\/\/pubeurope.com\/@fi\/115780470106159674","error":""},"_links":{"self":[{"href":"https:\/\/www.europesays.com\/fi\/wp-json\/wp\/v2\/posts\/125566","targetHints":{"allow":["GET"]}}],"collection":[{"href":"https:\/\/www.europesays.com\/fi\/wp-json\/wp\/v2\/posts"}],"about":[{"href":"https:\/\/www.europesays.com\/fi\/wp-json\/wp\/v2\/types\/post"}],"author":[{"embeddable":true,"href":"https:\/\/www.europesays.com\/fi\/wp-json\/wp\/v2\/users\/2"}],"replies":[{"embeddable":true,"href":"https:\/\/www.europesays.com\/fi\/wp-json\/wp\/v2\/comments?post=125566"}],"version-history":[{"count":0,"href":"https:\/\/www.europesays.com\/fi\/wp-json\/wp\/v2\/posts\/125566\/revisions"}],"wp:featuredmedia":[{"embeddable":true,"href":"https:\/\/www.europesays.com\/fi\/wp-json\/wp\/v2\/media\/125567"}],"wp:attachment":[{"href":"https:\/\/www.europesays.com\/fi\/wp-json\/wp\/v2\/media?parent=125566"}],"wp:term":[{"taxonomy":"category","embeddable":true,"href":"https:\/\/www.europesays.com\/fi\/wp-json\/wp\/v2\/categories?post=125566"},{"taxonomy":"post_tag","embeddable":true,"href":"https:\/\/www.europesays.com\/fi\/wp-json\/wp\/v2\/tags?post=125566"}],"curies":[{"name":"wp","href":"https:\/\/api.w.org\/{rel}","templated":true}]}}