{"id":125570,"date":"2025-12-25T13:37:13","date_gmt":"2025-12-25T13:37:13","guid":{"rendered":"https:\/\/www.europesays.com\/fi\/125570\/"},"modified":"2025-12-25T13:37:13","modified_gmt":"2025-12-25T13:37:13","slug":"n-kamerat-selvasti-edeltajaa-paremmiksi","status":"publish","type":"post","link":"https:\/\/www.europesays.com\/fi\/125570\/","title":{"rendered":"n kamerat selv\u00e4sti edelt\u00e4j\u00e4\u00e4 paremmiksi"},"content":{"rendered":"<p><img loading=\"lazy\" decoding=\"async\" class=\"alignnone size-large wp-image-149399\" src=\"https:\/\/www.europesays.com\/fi\/wp-content\/uploads\/2025\/12\/011-family-galaxy-zfold7-blueshadow-silvershadow-jetblack-1024x683.jpg\" alt=\"\" width=\"1024\" height=\"683\"\/><\/p>\n<p>Samsungin seuraavan taittuvan Galaxy Z Fold8:n odotetaan saapuvan markkinoille ensi kes\u00e4n\u00e4. Nyt laitteesta on vuotanut ensimm\u00e4isi\u00e4 yksityiskohtia, ja erityisesti kamerarintamalla luvassa n\u00e4ytt\u00e4\u00e4 olevan selkeit\u00e4 parannuksia edelt\u00e4j\u00e4\u00e4n verrattuna.<\/p>\n<p>Tietojen mukaan Galaxy Z Fold8 jatkaa 200 megapikselin p\u00e4\u00e4kameralla, joka n\u00e4htiin jo edellisess\u00e4 mallissa. Suuremmat uudistukset kohdistuvat kuitenkin muihin kameroihin.<\/p>\n<p>\n\t\t\tArtikkeli jatkuu mainoksen j\u00e4lkeen\n\t\t<\/p>\n<p>Telekamera p\u00e4ivittyy 12 megapikseliin ja tarjoaa 3x optisen zoomin, kun Galaxy Z Fold7 tyytyi 10 megapikselin ratkaisuun. My\u00f6s ultralaajakulmakamera kokee merkitt\u00e4v\u00e4n loikan, sill\u00e4 sen kerrotaan olevan sama 50 megapikselin sensori, joka l\u00f6ytyy Galaxy S25 Ultrasta. T\u00e4m\u00e4 on selv\u00e4 parannus Fold7:n 12 megapikselin ultralaajakulmaan verrattuna.<\/p>\n<p>Kaikki kamerat eiv\u00e4t kuitenkaan uudistu. Puhelimen molemmat etukamerat, eli sis\u00e4- ja ulkon\u00e4yt\u00f6n selfiekamerat, pysyv\u00e4t ennallaan 10 megapikselin tarkkuudessa. T\u00e4lt\u00e4 osin Samsung ei siis ole ainakaan viel\u00e4 tekem\u00e4ss\u00e4 muutoksia.<\/p>\n<p>\n\t\t\tArtikkeli jatkuu mainoksen j\u00e4lkeen\n\t\t<\/p>\n<p>Toistaiseksi vuotojen tarjoama tieto Galaxy Z Fold8:sta rajoittuu kameraominaisuuksiin, eik\u00e4 esimerkiksi rakenteesta, n\u00e4yt\u00f6ist\u00e4 tai suorituskyvyst\u00e4 ole kuultu uutta. Lis\u00e4\u00e4 yksityiskohtia odotetaan l\u00e4hemp\u00e4n\u00e4 julkaisua.<\/p>\n<p><strong>L\u00e4hde<\/strong>: <a href=\"https:\/\/www.galaxyclub.nl\/samsung\/galaxy-z-fold-8\/\" target=\"_blank\" rel=\"noopener nofollow\">Galaxyclub.nl<\/a><\/p>\n","protected":false},"excerpt":{"rendered":"Samsungin seuraavan taittuvan Galaxy Z Fold8:n odotetaan saapuvan markkinoille ensi kes\u00e4n\u00e4. Nyt laitteesta on vuotanut ensimm\u00e4isi\u00e4 yksityiskohtia, ja&hellip;\n","protected":false},"author":2,"featured_media":125571,"comment_status":"","ping_status":"","sticky":false,"template":"","format":"standard","meta":{"footnotes":""},"categories":[84],"tags":[33,31,30,22397,798,799,32,3908,91,92],"class_list":{"0":"post-125570","1":"post","2":"type-post","3":"status-publish","4":"format-standard","5":"has-post-thumbnail","7":"category-teknologia","8":"tag-fi","9":"tag-finland","10":"tag-finnish","11":"tag-galaxy-z-fold-8","12":"tag-huhu","13":"tag-samsung","14":"tag-suomi","15":"tag-taittuvanayttoiset-puhelimet","16":"tag-technology","17":"tag-teknologia"},"share_on_mastodon":{"url":"https:\/\/pubeurope.com\/@fi\/115780481618326273","error":""},"_links":{"self":[{"href":"https:\/\/www.europesays.com\/fi\/wp-json\/wp\/v2\/posts\/125570","targetHints":{"allow":["GET"]}}],"collection":[{"href":"https:\/\/www.europesays.com\/fi\/wp-json\/wp\/v2\/posts"}],"about":[{"href":"https:\/\/www.europesays.com\/fi\/wp-json\/wp\/v2\/types\/post"}],"author":[{"embeddable":true,"href":"https:\/\/www.europesays.com\/fi\/wp-json\/wp\/v2\/users\/2"}],"replies":[{"embeddable":true,"href":"https:\/\/www.europesays.com\/fi\/wp-json\/wp\/v2\/comments?post=125570"}],"version-history":[{"count":0,"href":"https:\/\/www.europesays.com\/fi\/wp-json\/wp\/v2\/posts\/125570\/revisions"}],"wp:featuredmedia":[{"embeddable":true,"href":"https:\/\/www.europesays.com\/fi\/wp-json\/wp\/v2\/media\/125571"}],"wp:attachment":[{"href":"https:\/\/www.europesays.com\/fi\/wp-json\/wp\/v2\/media?parent=125570"}],"wp:term":[{"taxonomy":"category","embeddable":true,"href":"https:\/\/www.europesays.com\/fi\/wp-json\/wp\/v2\/categories?post=125570"},{"taxonomy":"post_tag","embeddable":true,"href":"https:\/\/www.europesays.com\/fi\/wp-json\/wp\/v2\/tags?post=125570"}],"curies":[{"name":"wp","href":"https:\/\/api.w.org\/{rel}","templated":true}]}}