{"id":125578,"date":"2025-12-25T13:41:07","date_gmt":"2025-12-25T13:41:07","guid":{"rendered":"https:\/\/www.europesays.com\/fi\/125578\/"},"modified":"2025-12-25T13:41:07","modified_gmt":"2025-12-25T13:41:07","slug":"arhakka-myrsky-moukaroi-kohta-suomea-tanne-se-iskee-ilta-sanomat","status":"publish","type":"post","link":"https:\/\/www.europesays.com\/fi\/125578\/","title":{"rendered":"\u00c4rh\u00e4kk\u00e4 myrsky moukaroi kohta Suomea \u2013 t\u00e4nne se iskee &#8211; Ilta-Sanomat"},"content":{"rendered":"<ol>\n<li><a href=\"https:\/\/news.google.com\/rss\/articles\/CBMiXEFVX3lxTE1KWTk2ZlFsTEhSc192c01HbEZmYnRXWTlEYTBWUUpfZzJVMTFFVGhFeVQ0V3pQcURUdzNUMW5DMEM5Q3p4cVJ4LW1seGRZVF9rRnhPbFFJeWJaM3dJ?oc=5\" target=\"_blank\" rel=\"nofollow noopener\">\u00c4rh\u00e4kk\u00e4 myrsky moukaroi kohta Suomea \u2013 t\u00e4nne se iskee<\/a>&nbsp;&nbsp;Ilta-Sanomat<\/li>\n<li><a href=\"https:\/\/news.google.com\/rss\/articles\/CBMiQkFVX3lxTFBqNFFUMWdfazJ2VS1YZnNlNGVacllud3ZpZVZIMGVHczZaVTF2WkVBdHlFUVFFa2x6Z0xaaDI1UG5YZw?oc=5\" target=\"_blank\" rel=\"nofollow noopener\">Leuto s\u00e4\u00e4 muuttuu talviseksi koko maassa \u2013 lauantaina tuuli yltyy myrskylukemiin merell\u00e4<\/a>&nbsp;&nbsp;Yle<\/li>\n<li><a href=\"https:\/\/news.google.com\/rss\/articles\/CBMif0FVX3lxTE11YmxWakFxVmIybWMxTzl3M3NXUXpFeTd3UTUzZlJCSWJaLV95WnFPZU5vMHpwdzNpMnUweng3Q3NwdjRDb0tBQ2xvck12Slh1WnlDTVlGUEFDWGNYaTFaU0RCOVRHUWhFWDNtb2dnR1JIcU9CVzB2OThHTHhhVk0?oc=5\" target=\"_blank\" rel=\"nofollow noopener\">Harvinaisen kova myrsky iskee viikonloppuna \u2013 S\u00e4hk\u00f6katkot todenn\u00e4k\u00f6isi\u00e4<\/a>&nbsp;&nbsp;Iltalehti<\/li>\n<li><a href=\"https:\/\/news.google.com\/rss\/articles\/CBMiWkFVX3lxTE9xd0hQSU0yMi1zQzBKTGp4YW1DVm5FMkJERnNTNG5zbzF5SkdsTEZPaXlsbEhWcmJiSDgyUjlrRFZ6TmcyYmlqOGk3YUZyRXZmUk5lamRMbWdiZw?oc=5\" target=\"_blank\" rel=\"nofollow noopener\">S\u00e4\u00e4 | Ennuste: Viikonloppuna jopa hirmumyrskylukemia<\/a>&nbsp;&nbsp;HS.fi<\/li>\n<li><a href=\"https:\/\/news.google.com\/rss\/articles\/CBMikAFBVV95cUxQVG1sdkxpRE1LWHZ1UlZMZFFqZ2FRb3djd3FVUVFBbnQ1eDJiQmdIRDR0WjV2bGJIVHEzbUpudkRnWVZldDc1ZEpoY0dTNmV0ZXNVX0kta3h2QUpXTk5ZNExMSkY5TkdkTWVZMk16SHpVLVJFYWlWbVMxVzZEejNhVDdYNG1WY1FmUktuS2xuZEo?oc=5\" target=\"_blank\" rel=\"nofollow noopener\">T\u00e4nne myrsky iskee lauantaina \u2013 varoitus tuulivahingoista<\/a>&nbsp;&nbsp;Verkkouutiset<\/li>\n<\/ol>\n","protected":false},"excerpt":{"rendered":"\u00c4rh\u00e4kk\u00e4 myrsky moukaroi kohta Suomea \u2013 t\u00e4nne se iskee&nbsp;&nbsp;Ilta-Sanomat Leuto s\u00e4\u00e4 muuttuu talviseksi koko maassa \u2013 lauantaina tuuli&hellip;\n","protected":false},"author":2,"featured_media":125579,"comment_status":"","ping_status":"","sticky":false,"template":"","format":"standard","meta":{"footnotes":""},"categories":[5],"tags":[22,23,26,27,33,31,30,17,34,24,25,28,29,15,18,21,32,19,20,16],"class_list":{"0":"post-125578","1":"post","2":"type-post","3":"status-publish","4":"format-standard","5":"has-post-thumbnail","7":"category-otsikot","8":"tag-breaking-news","9":"tag-breakingnews","10":"tag-featured-news","11":"tag-featurednews","12":"tag-fi","13":"tag-finland","14":"tag-finnish","15":"tag-headlines","16":"tag-ilta-sanomat","17":"tag-latest-news","18":"tag-latestnews","19":"tag-main-news","20":"tag-mainnews","21":"tag-news","22":"tag-otsikot","23":"tag-paauutiset","24":"tag-suomi","25":"tag-top-stories","26":"tag-topstories","27":"tag-uutiset"},"share_on_mastodon":{"url":"https:\/\/pubeurope.com\/@fi\/115780497187778645","error":""},"_links":{"self":[{"href":"https:\/\/www.europesays.com\/fi\/wp-json\/wp\/v2\/posts\/125578","targetHints":{"allow":["GET"]}}],"collection":[{"href":"https:\/\/www.europesays.com\/fi\/wp-json\/wp\/v2\/posts"}],"about":[{"href":"https:\/\/www.europesays.com\/fi\/wp-json\/wp\/v2\/types\/post"}],"author":[{"embeddable":true,"href":"https:\/\/www.europesays.com\/fi\/wp-json\/wp\/v2\/users\/2"}],"replies":[{"embeddable":true,"href":"https:\/\/www.europesays.com\/fi\/wp-json\/wp\/v2\/comments?post=125578"}],"version-history":[{"count":0,"href":"https:\/\/www.europesays.com\/fi\/wp-json\/wp\/v2\/posts\/125578\/revisions"}],"wp:featuredmedia":[{"embeddable":true,"href":"https:\/\/www.europesays.com\/fi\/wp-json\/wp\/v2\/media\/125579"}],"wp:attachment":[{"href":"https:\/\/www.europesays.com\/fi\/wp-json\/wp\/v2\/media?parent=125578"}],"wp:term":[{"taxonomy":"category","embeddable":true,"href":"https:\/\/www.europesays.com\/fi\/wp-json\/wp\/v2\/categories?post=125578"},{"taxonomy":"post_tag","embeddable":true,"href":"https:\/\/www.europesays.com\/fi\/wp-json\/wp\/v2\/tags?post=125578"}],"curies":[{"name":"wp","href":"https:\/\/api.w.org\/{rel}","templated":true}]}}