{"id":125593,"date":"2025-12-25T14:19:10","date_gmt":"2025-12-25T14:19:10","guid":{"rendered":"https:\/\/www.europesays.com\/fi\/125593\/"},"modified":"2025-12-25T14:19:10","modified_gmt":"2025-12-25T14:19:10","slug":"talta-nayttaa-dannyn-pikkuveli-pekka-lipsanen","status":"publish","type":"post","link":"https:\/\/www.europesays.com\/fi\/125593\/","title":{"rendered":"T\u00e4lt\u00e4 n\u00e4ytt\u00e4\u00e4 Dannyn pikkuveli Pekka Lipsanen"},"content":{"rendered":"<p>            Timo Korhonen\n        <\/p>\n<p class=\"subtitle \">Dannyn pikkuveli Pekka on iskelm\u00e4neuvosta muutaman vuoden nuorempi.<\/p>\n<p class=\"article-content article-content-width !bg-background\">Iskelm\u00e4neuvos , 83, on ollut julkisuudessa ja laulaa luritellut kansan iloksi jo reilut 60 vuotta.<\/p>\n<p class=\"font-weight-bold m-font-weight-bold article-content article-content-width !bg-background\">Katso arkistovideo: Muistatko n\u00e4m\u00e4 Dannyn suhteet?<\/p>\n<p class=\"article-content article-content-width !bg-background\">Lipsasten poikia on kuitenkin kaksi. Heist\u00e4 toinen on pitk\u00e4lti pysytellyt poissa julkisuudessa ja asustanut pitk\u00e4\u00e4n rapakon toisella puolella.\u00a0<\/p>\n<p class=\"article-content article-content-width !bg-background\">Dannyn pikkuveli, , on iskelm\u00e4t\u00e4hte\u00e4 muutaman vuoden nuorempi. Pekka t\u00e4ytti 80 vuotta t\u00e4m\u00e4n vuoden tammikuussa.<\/p>\n<p>        <a itemprop=\"url\" href=\"https:\/\/www.seiska.fi\/kotimaa\/texasilainen-pratkataivas-danny-76-innostui-houstonissa-harley-davidsoneista-erika-hyppasi-pikkuveli-pekan-74kyytiin-han-on-kova-harrikkamies\/168796\" rel=\"nofollow noopener\" target=\"_blank\"><\/p>\n<p>\nKATSO VIDEO\n<\/p>\n<p class=\"section-date\">\n        <strong class=\"article-section\" data-section=\"kotimaa\"><br \/>\n            kotimaa<br \/>\n        <\/strong><br \/>\n        3.6.2019 14:51\n    <\/p>\n<p>Texasilainen pr\u00e4tk\u00e4taivas! Danny, 76, innostui Houstonissa Harley-Davidsoneista\u00a0&#8211; Erika hypp\u00e4si pikkuveli Pekan, 74,\u00a0kyytiin: &#8221;H\u00e4n on kova harrikkamies&#8221;\n    <\/p>\n<p>        <\/a><\/p>\n<p class=\"article-content article-content-width !bg-background\">Danny julkaisi 29. tammikuuta 2025 rakkaan veljens\u00e4 py\u00f6reiden kunniaksi kaksi sympaattista kuvaa parivaljakon nuoruusvuosilta.\u00a0Toisessa n\u00e4hd\u00e4\u00e4n Pekka venekyydiss\u00e4, ja toinen on veljesten yhteiskuva. Pekalla on toisessa kuvassa muhkeat viikset. <\/p>\n<p class=\"article-content article-content-width !bg-background\"> \u2013 Veljeni Pekka on seikkaillut suurimman osan el\u00e4m\u00e4st\u00e4\u00e4n Amerikassa. H\u00e4n t\u00e4ytt\u00e4\u00e4 t\u00e4n\u00e4\u00e4n Texasissa 80 vuotta. Augie, Happy Birthday to You from us all in Finland!\u00a0Danny kirjoitti p\u00e4ivitykseens\u00e4. <\/p>\n<p>                <img decoding=\"async\" src=\"https:\/\/www.europesays.com\/fi\/wp-content\/uploads\/2025\/12\/2003810.webp\" width=\"576\" height=\"720\" alt=\"Pekka Lipsanen Danny-veljen 80-vuotispippaloissa Helsingin Kaivohuoneella vuonna 2022.\" loading=\"lazy\" \/>            <\/p>\n<p>\n            Pekka Lipsanen Danny-veljen 80-vuotispippaloissa Helsingin Kaivohuoneella vuonna 2022.<br \/>\n            TIMO KORHONEN\n        <\/p>\n<p>Teurastaja ja uimari<\/p>\n<p class=\"article-content article-content-width !bg-background\"> Veljekset ovat olleet lapsuudesta saakka l\u00e4heisi\u00e4. Kun heid\u00e4n vanhempansa erosivat, Danny ja Pekka tukeutuivat toisiinsa. <\/p>\n<p class=\"article-content article-content-width !bg-background\"> \u2013 Kun olimme nuoria, is\u00e4 ehdotti Ilkalle teurastajan uraa. Ja minusta piti tulla uimari. No, p\u00e4\u00e4dyimme aika kauaksi niist\u00e4, Pekka naureskeli taannoin Seiskalle. <\/p>\n<p>        <a itemprop=\"url\" href=\"https:\/\/www.seiska.fi\/kotimaa\/veri-roiskui-texasissa-danny-kaatui-harley-davidsonilla-seiska-lennatti-musiikkineuvoksen-houstoniin-tapaamaan-pikkuveljeaan\/160135\" rel=\"nofollow noopener\" target=\"_blank\"><\/p>\n<p>\nKATSO VIDEO\n<\/p>\n<p class=\"section-date\">\n        <strong class=\"article-section\" data-section=\"kotimaa\"><br \/>\n            kotimaa<br \/>\n        <\/strong><br \/>\n        2.3.2021 07:51\n    <\/p>\n<p>Veri roiskui Texasissa! Danny kaatui Harley-Davidsonilla \u2013 Seiska lenn\u00e4tti musiikkineuvoksen Houstoniin tapaamaan pikkuvelje\u00e4\u00e4n!\n    <\/p>\n<p>        <\/a><\/p>\n<p class=\"article-content article-content-width !bg-background\"> Pekka muutti Yhdysvaltoihin vuonna 1973. Kaksikko on kertonut Seiskalle pit\u00e4v\u00e4ns\u00e4 jatkuvasti yhteytt\u00e4 toisiinsa, vaikka he asuvatkin eri mantereilla. Pekka on k\u00e4ynyt vuosien saatossa usein Dannyn vieraana Rauman-huvilalla.<\/p>\n<p>        <a itemprop=\"url\" href=\"https:\/\/www.seiska.fi\/kotimaa\/video-julki-texasista-dannyn-pikkuveli-pekka-74-esittelee-aseitaan-tama-revolverin-panos-kirjaimellisesti-pysayttaa\/168300\" rel=\"nofollow noopener\" target=\"_blank\"><\/p>\n<p>\nKATSO VIDEO\n<\/p>\n<p class=\"section-date\">\n        <strong class=\"article-section\" data-section=\"kotimaa\"><br \/>\n            kotimaa<br \/>\n        <\/strong><br \/>\n        3.6.2019 21:03\n    <\/p>\n<p>Video julki Texasista! Dannyn pikkuveli Pekka, 74, esittelee aseitaan &#8211; t\u00e4m\u00e4 revolverin panos kirjaimellisesti pys\u00e4ytt\u00e4\u00e4!\n    <\/p>\n<p>        <\/a><\/p>\n<p>                <img decoding=\"async\" src=\"https:\/\/www.europesays.com\/fi\/wp-content\/uploads\/2025\/12\/2003812.webp\" width=\"576\" height=\"639\" alt=\"Danny ja Pekka Seiskan Karibian-risteilyll\u00e4 vuonna 2015.\" loading=\"lazy\" \/>            <\/p>\n<p>\n            Danny ja Pekka Seiskan Karibian-risteilyll\u00e4 vuonna 2015.<br \/>\n            Jari Peltom\u00e4ki\n        <\/p>\n","protected":false},"excerpt":{"rendered":"Timo Korhonen Dannyn pikkuveli Pekka on iskelm\u00e4neuvosta muutaman vuoden nuorempi. Iskelm\u00e4neuvos , 83, on ollut julkisuudessa ja laulaa&hellip;\n","protected":false},"author":2,"featured_media":125594,"comment_status":"","ping_status":"","sticky":false,"template":"","format":"standard","meta":{"footnotes":""},"categories":[136],"tags":[407,8967,137,33,31,30,11419,408,22398,98,17241,32,2284,109,619],"class_list":{"0":"post-125593","1":"post","2":"type-post","3":"status-publish","4":"format-standard","5":"has-post-thumbnail","7":"category-julkkikset","8":"tag-celebrities","9":"tag-danny","10":"tag-entertainment","11":"tag-fi","12":"tag-finland","13":"tag-finnish","14":"tag-ilkka-lipsanen","15":"tag-julkkikset","16":"tag-pekka-lipsanen","17":"tag-perhe","18":"tag-pikkuveli","19":"tag-suomi","20":"tag-veli","21":"tag-viihde","22":"tag-yhdysvallat"},"share_on_mastodon":{"url":"https:\/\/pubeurope.com\/@fi\/115780646736656208","error":""},"_links":{"self":[{"href":"https:\/\/www.europesays.com\/fi\/wp-json\/wp\/v2\/posts\/125593","targetHints":{"allow":["GET"]}}],"collection":[{"href":"https:\/\/www.europesays.com\/fi\/wp-json\/wp\/v2\/posts"}],"about":[{"href":"https:\/\/www.europesays.com\/fi\/wp-json\/wp\/v2\/types\/post"}],"author":[{"embeddable":true,"href":"https:\/\/www.europesays.com\/fi\/wp-json\/wp\/v2\/users\/2"}],"replies":[{"embeddable":true,"href":"https:\/\/www.europesays.com\/fi\/wp-json\/wp\/v2\/comments?post=125593"}],"version-history":[{"count":0,"href":"https:\/\/www.europesays.com\/fi\/wp-json\/wp\/v2\/posts\/125593\/revisions"}],"wp:featuredmedia":[{"embeddable":true,"href":"https:\/\/www.europesays.com\/fi\/wp-json\/wp\/v2\/media\/125594"}],"wp:attachment":[{"href":"https:\/\/www.europesays.com\/fi\/wp-json\/wp\/v2\/media?parent=125593"}],"wp:term":[{"taxonomy":"category","embeddable":true,"href":"https:\/\/www.europesays.com\/fi\/wp-json\/wp\/v2\/categories?post=125593"},{"taxonomy":"post_tag","embeddable":true,"href":"https:\/\/www.europesays.com\/fi\/wp-json\/wp\/v2\/tags?post=125593"}],"curies":[{"name":"wp","href":"https:\/\/api.w.org\/{rel}","templated":true}]}}