{"id":125597,"date":"2025-12-25T14:27:13","date_gmt":"2025-12-25T14:27:13","guid":{"rendered":"https:\/\/www.europesays.com\/fi\/125597\/"},"modified":"2025-12-25T14:27:13","modified_gmt":"2025-12-25T14:27:13","slug":"kroppa-ojoon-ja-areena-auki-tassa-kymmenen-epakaupallista-katseluvinkkia-joulunpyhiksi","status":"publish","type":"post","link":"https:\/\/www.europesays.com\/fi\/125597\/","title":{"rendered":"Kroppa ojoon ja Areena auki \u2013 T\u00e4ss\u00e4 kymmenen ep\u00e4kaupallista katseluvinkki\u00e4 joulunpyhiksi"},"content":{"rendered":"<p>\n      Julkinen ja ilmainen suoratoistopalvelu tarjoaa todellista l\u00f6yt\u00e4misen riemua. Ylen Areenasta l\u00f6ytyy sek\u00e4 kiinnostavaa ett\u00e4 sivist\u00e4v\u00e4\u00e4 katsottavaa. T\u00e4m\u00e4 vinkkilista tarjoaa t\u00e4rpit joulun ja uudenvuoden lepohetkiin, mutta yhden ohjelman kohdalla kannattaa huomata, ett\u00e4 sen katseluaika loppuu pian vuodenvaihteen j\u00e4lkeen.\n    <\/p>\n<p>\n      Lyhytelokuva. Sons of Lumi\u00e8re 2023. Katsottavissa 1.1.2027 asti. Kesto 12 min.\n    <\/p>\n<p>    <img decoding=\"async\" class=\"responsive-image article__image-image lozad\"   src=\"https:\/\/www.europesays.com\/fi\/wp-content\/uploads\/2025\/12\/V87LKIU2X9V0rt0C5ZB4IeeE92Nv4nKMvD6RUGRdj0UNuaaz2aYncHpLMbDdYj078CgeUx-ysmTcbArxBvEyN-Fn_puMf1MUQyl9.jpeg\" alt=\"Kahdentoista minuutin komediassa Leena P\u00f6ysti ja Kardo Shiwan istuutuvat samaan p\u00f6yt\u00e4\u00e4n suomalaisena ja maahanmuuttajana.\"\/><\/p>\n<p>\n                Kahdentoista minuutin komediassa Leena P\u00f6ysti ja Kardo Shiwan istuutuvat samaan p\u00f6yt\u00e4\u00e4n suomalaisena ja maahanmuuttajana.\n              <\/p>\n<p>\n                Kuva: Sons of Lumi\u00e8re Oy\n              <\/p>\n<p class=\"article__paragraph\">\n      Aloitetaan helposta. Kahteentoista minuuttiin riitt\u00e4nee k\u00e4rsiv\u00e4llisyys sellaisellakin katsojalla, joka ei ole viel\u00e4 t\u00e4yteen joulurauhaan laskeutunut. Serbilaisl\u00e4ht\u00f6isen Jelica Jerini\u0107in lyhytelokuva l\u00e4htee liikkeelle arkisesti ja eskaloituu nopeasti. Sorsapaistia tarjoillaan, koska p\u00e4\u00e4henkil\u00f6 Mamu (Kardo Shiwan) yritt\u00e4\u00e4 tehd\u00e4 vaikutuksen suomalaiseen treffikumppaniinsa. Suomalaisena suomalaista esitt\u00e4v\u00e4n Leena P\u00f6ystin ylihillitty tyyli viimeistelee komedian, joka karkaa k\u00e4sist\u00e4 sen, mit\u00e4 reilussa kymmeness\u00e4 minuutissa ehtii. Sin\u00e4 aikana maahanmuuttajalla ei ole helppoa kummallakaan puolen kameraa.\n    <\/p>\n<p>      2. Robottinako unelma-ammatissa?<\/p>\n<p class=\"article__intro\">\n      Lyhytdokumentti. Ylen arkisto 1964. Kesto 18 min.\n    <\/p>\n<p class=\"article__paragraph\">\n      Toinenkin suositus on lyhyt, mutta fiktion sijaan tarjolla on faktaa \u2013 ja nostalgiaa. Ylen arkistofilmin esittelyss\u00e4 ei kerrota, mit\u00e4 varten se on tehty ja miss\u00e4 esitetty, mutta sis\u00e4lt\u00f6 on rento aikamatka 1960-luvun Pariisiin. Brita Pousar kertoo kirjoittaneensa koulussa aineen unelma-ammatista. H\u00e4n halusi tulla lentoem\u00e4nn\u00e4ksi, n\u00e4hd\u00e4 maailmaa ja p\u00e4\u00e4st\u00e4 Pariisiin kerran viikossa. Nyt h\u00e4n ei useinkaan muista olevansa unelma-ammatissa. S\u00f6\u00f6tin kerronnan lomassa voi mietti\u00e4, mit\u00e4 itse tykk\u00e4isi tuon ajan lentomatkailusta ja ty\u00f6nteosta. Pienoisdokumentin on ohjannut itse Carl Mesterton.\n    <\/p>\n<p>      3. Fedja \u2013 Theodor \u2013 Tulio<\/p>\n<p class=\"article__intro\">\n      Dokumentti. An\u0161a Epnera Studija 2012. Kesto 49 min.\n    <\/p>\n<p class=\"article__paragraph\">\n      Ep\u00e4varmuus h\u00e4lvenee heti, kun dokumentti l\u00e4htee k\u00e4yntiin kulmia kohottavalla intiimikohtauksella. Kyll\u00e4, muistin oikein, juuri t\u00e4st\u00e4 elokuvaohjaaja Teuvo Tulio (1912\u20132000) on tullut mainituksi. Muutapa en myyttiseksi j\u00e4\u00e4neen Tulion el\u00e4m\u00e4kerrasta muistanutkaan. Taiteilijan historiaa h\u00e4m\u00e4rt\u00e4\u00e4 se, ett\u00e4 kotiseutu ja el\u00e4m\u00e4nty\u00f6 olivat eri puolilla neuvostorajaa eik\u00e4 h\u00e4n itse itsest\u00e4\u00e4n julkisuuteen juuri mit\u00e4\u00e4n antanut. Ohjaaja Kristine Zelve matkustaa Tulion lapsuusmaisemiin Latviaan, miss\u00e4 h\u00e4nelle on pystytetty muistokivikin. Vastaanotto on yll\u00e4tt\u00e4v\u00e4. Mik\u00e4 elokuvaohjaaja se semmoinen on, josta ei ole koskaan kuultukaan?\n    <\/p>\n<p>      4. Tyhj\u00e4t verkot<\/p>\n<p class=\"article__intro\">\n      Draamaelokuva. K-12. Basis Berlin Filmproduktion, Saksa\/Iran 2023. Kesto 1 t 37 min.\n    <\/p>\n<p>    <img decoding=\"async\" class=\"responsive-image article__image-image lozad\"   src=\"https:\/\/www.europesays.com\/fi\/wp-content\/uploads\/2025\/12\/aWyAmIjHib4_kULyfxpQap1IMh1s9HlEaW4F-4h9PUmlWgzfN26ydZej8uK4_VoQCUANY5VhPLkCd4dzg8g1f6ydZSqN3paE_GIQ.jpeg\" alt=\"Nuori Amir joutuu kamppailuun oman moraalinsa ja iranilaisen yhteiskunnan paineiden ristiaallokossa.\"\/><\/p>\n<p>\n                Nuori Amir joutuu kamppailuun oman moraalinsa ja iranilaisen yhteiskunnan paineiden ristiaallokossa.\n              <\/p>\n<p>\n                Kuva: Basis Berlin Filmproduktion\n              <\/p>\n<p class=\"article__paragraph\">\n      Sit\u00e4 kuulostaa hienoltakin elokuvaharrastajalta, kun sanoo tyk\u00e4styneens\u00e4 iranilaisiin elokuviin. Jostain syyst\u00e4 niit\u00e4 l\u00f6ytyy Yle Areenasta, ja kun niit\u00e4 on tullut katsottua, on tehnyt mieli katsoa lis\u00e4\u00e4. Elokuvat ovat korkeatasoisia ja arkisen ymm\u00e4rrett\u00e4vi\u00e4, vaikka ovatkin aivan vieraasta kulttuurista. Rauhallisessa ja v\u00e4h\u00e4eleisess\u00e4 tyyliss\u00e4 on jotain kaurism\u00e4kel\u00e4isen tuttua, mutta tarjolla on my\u00f6s visuaalista n\u00e4ytt\u00e4vyytt\u00e4 ja kerronnan herkkyytt\u00e4. Tyhjiss\u00e4 verkoissa nuori Amir joutuu kohtaamaan iranilaisen yhteiskunnan vaatimukset. H\u00e4n tahtoo hyv\u00e4\u00e4, mutta p\u00e4\u00e4tyy laittomaksi kalastajaksi kamppaillessaan moraalinsa ja rakkautensa puolesta. L\u00e4hell\u00e4 p\u00e4\u00e4henkil\u00f6it\u00e4\u00e4n kulkeva draama tarjoaa jotain, mihin Hollywood-tuotanto ei pysty.\n    <\/p>\n<p>      5. Matti Nyk\u00e4nen<\/p>\n<p class=\"article__intro\">\n      Dokumentti. K-12. Yle 2025. Katsottavissa 23.2.2026 asti. Kesto 1 t 53 min.\n    <\/p>\n<p>    <img decoding=\"async\" class=\"responsive-image article__image-image lozad\"   src=\"https:\/\/www.europesays.com\/fi\/wp-content\/uploads\/2025\/12\/gv_lq9sp1deYz55ISV1jFHT9K6zyoLHK4COtQS-wQoUURhg5RwNXJmtjmg6AzArqZAUMVtRtrdtTViTivz7NWGF2UilS4znTu6Pd.jpeg\" alt=\"Viime talvena julkaistua Nyk\u00e4s-dokumenttia on katsottu Yle Areenassa reilut 400 000 kertaa. Jos se on viel\u00e4 n\u00e4kem\u00e4tt\u00e4, katseluaikaa on helmikuuhun asti.\"\/><\/p>\n<p>\n                Viime talvena julkaistua Nyk\u00e4s-dokumenttia on katsottu Yle Areenassa reilut 400 000 kertaa. Jos se on viel\u00e4 n\u00e4kem\u00e4tt\u00e4, katseluaikaa on helmikuuhun asti.\n              <\/p>\n<p>\n                Kuva: Yle\n              <\/p>\n<p class=\"article__paragraph\">\n      Jos poimit n\u00e4ist\u00e4 suosituksista vain yhden, se on t\u00e4ss\u00e4. Ylen ohjelmakuvaus osuu niin ytimeen, ett\u00e4 sit\u00e4 ei ole tarpeen uusiksi kirjoittaa: Rehellinen dokumenttielokuva Matista kertoo tarinan jota et tiennyt vaikka luulit tiet\u00e4v\u00e4si. Jos kaihtaa v\u00e4kivaltaa, t\u00e4t\u00e4 ei pid\u00e4 katsoa, mutta el\u00e4m\u00e4n varjopuolet ovat t\u00e4ss\u00e4 tarinassa aivan olennaisia. Dokumentti pit\u00e4\u00e4 otteessaan koko ajan, mutta lopussa saa viel\u00e4 yll\u00e4tty\u00e4kin. Nyk\u00e4sen rankan el\u00e4m\u00e4n vuoksi ohjelman suositusik\u00e4raja on 12.\n    <\/p>\n<p>      6. Lomamatka 80-luvulle<\/p>\n<p class=\"article__intro\">\n      Reality. Yle 2015. 9 jaksoa, kesto noin 30 min.\n    <\/p>\n<p>    <img decoding=\"async\" class=\"responsive-image article__image-image lozad\"   src=\"https:\/\/www.europesays.com\/fi\/wp-content\/uploads\/2025\/12\/Yz4OM4KZQJWduHzyPiBr0lBvXkgY3coPt4Qma4nRRUa_iAmH7vrJajI9CEL6HrzyuOnfaXhjO0vxJRvhSbs9YlUa8YRBUgslkYyt.jpeg\" alt=\"Ei puhelimia eik\u00e4 suoristusrautoja, vaan kasettimankkoja ja kihartimia. Kes\u00e4kilpailussa osallistujat tyrk\u00e4t\u00e4\u00e4n 1980-luvun olosuhteisiin.\"\/><\/p>\n<p>\n                Ei puhelimia eik\u00e4 suoristusrautoja, vaan kasettimankkoja ja kihartimia. Kes\u00e4kilpailussa osallistujat tyrk\u00e4t\u00e4\u00e4n 1980-luvun olosuhteisiin.\n              <\/p>\n<p>\n                Kuva: Yle\n              <\/p>\n<p class=\"article__paragraph\">\n      Pieni varoituksen tai ehk\u00e4 pikemminkin tsemppauksen sana on alkuun paikallaan. Reilun kymmenen vuoden takainen kerronta saattaa olla nykysilmin hivenen hidasta, joten keskittymisen herpaantumiseen kannattaa varautua. Muuten tosi-tv:n lempeint\u00e4 laitaa edustava kasari-ilottelu on mukiin menev\u00e4\u00e4 katsottavaa. Osallistujajoukko on s\u00e4yse\u00e4, mutta onneksi joukossa on yksi, jonka kanssa katsojakin p\u00e4\u00e4see ottamaan tunteistaan mittaa. Kaikista hauskinta on kuitenkin bongata, mit\u00e4 kaikkea sit\u00e4 1980-luvulla olikaan ja mist\u00e4 ne on t\u00e4h\u00e4n ohjelmaan viel\u00e4 l\u00f6ydetty.\n    <\/p>\n<p>      7. Kokkonen Kokkosesta<\/p>\n<p class=\"article__intro\">\n      Haastattelu. Yle 2023. Kesto 56 min.\n    <\/p>\n<p class=\"article__paragraph\">\n      Kasarimuistoihin p\u00e4\u00e4see t\u00e4ss\u00e4 suosituslistan ainoassa keskusteluohjelmassakin. N\u00e4yttelij\u00e4 ja teatterinjohtaja Kiti Kokkonen kertoo is\u00e4st\u00e4\u00e4n elokuvaohjaaja Ere Kokkosesta. Pidetty ammattilainen j\u00e4i urallaan Spede Pasasen varjoon, mutta tytt\u00e4rell\u00e4 on h\u00e4nest\u00e4 paljon muutakin kerrottavaa eik\u00e4 p\u00e4\u00e4llimm\u00e4iseksi j\u00e4\u00e4 mieleen mik\u00e4\u00e4n kakkosmies. Ere Kokkonen ohjasi Speden johdolla Uuno Turhapuroja, mutta my\u00f6s ikiomia V\u00e4\u00e4peli K\u00f6rmyj\u00e4\u00e4n. Takavuosikymmenien kansansuosikkien \u00e4\u00e4rell\u00e4 t\u00e4ss\u00e4 ohjelmassa pit\u00e4\u00e4 my\u00f6s muistella nykyajalle eritt\u00e4in kiusallista Spede-ajan huumoria. Se hoituu kerrassaan hienosti. Haastattelijana on rauhallisen lumoava Arto Nyberg. Ohjelma on osa samalla konseptilla tehtyjen kulttuuridokumenttien sarjaa ja siin\u00e4 on mukana useita arkistop\u00e4tki\u00e4.\n    <\/p>\n<p>      8. Young Plato<\/p>\n<p class=\"article__intro\">\n      Dokumentti. Soilsiu Films 2021. Katsottavissa 2.1.2026 asti. Kesto 1 t. 41 min.\n    <\/p>\n<p class=\"article__paragraph\">\n      Dokumentin alkumetreill\u00e4 piti ihan tarkistaa, ett\u00e4 ollaanhan t\u00e4ss\u00e4 Pohjois-Irlannissa eik\u00e4 jossakin Euroopan etel\u00e4isemm\u00e4n reunan sotaisimmilla mailla. Lapsia saatetaan turvaan puolikumarassa juosten. Vaikka Pohjois-Irlanti ei ylt\u00e4isi meill\u00e4 uutisiin levottomuuksillaan, ne kytev\u00e4t koko ajan pinnan alla ja lapsetkin sen joutuvat tiet\u00e4m\u00e4\u00e4n. Tuon kaiken keskell\u00e4, er\u00e4\u00e4ll\u00e4 Belfastin k\u00f6yhimmist\u00e4 alueista rehtori Kevin McArevey johtaa poikakoulua varsin omaper\u00e4isin ottein. H\u00e4n on vakuuttunut, ett\u00e4 antiikin filosofiasta on apua tunteidenk\u00e4sittelyyn. Rangaistushetket filosofiataulun \u00e4\u00e4rell\u00e4 ovat kiinnostavia. T\u00e4t\u00e4 dokumenttia voi suositella l\u00e4\u00e4kkeeksi toivottomuuteen. Olivat olot mitk\u00e4 hyv\u00e4ns\u00e4, lapsia pit\u00e4\u00e4 pyrki\u00e4 kasvattamaan kohti hyv\u00e4\u00e4.\n    <\/p>\n<p>      9. Hamlet liikemaailmassa<\/p>\n<p class=\"article__intro\">\n      Draamaelokuva. K-12. Villealfa filmproductions 1987. Kesto 1 t. 25 min.\n    <\/p>\n<p>    <img decoding=\"async\" class=\"responsive-image article__image-image lozad\"   src=\"https:\/\/www.europesays.com\/fi\/wp-content\/uploads\/2025\/12\/eqIowb_-mfHLR9h8Kr6kwVpjezBL-V1buXaAk5ZvAWoR0bArWHCFHUfPk2IP1lvU8j6VERFCNcfmOcg0GFTZyImgveYskww5c7WY.jpeg\" alt=\"Nuori Pirkka-Pekka Petelius on suomalaiseen liikesukuun syntynyt Hamlet. \u00c4idin roolissa n\u00e4hd\u00e4\u00e4n jo edesmennyt Elina Salo. Perheen sis\u00e4iset suhteet ovat varsin ilmavia.\"\/><\/p>\n<p>\n                Nuori Pirkka-Pekka Petelius on suomalaiseen liikesukuun syntynyt Hamlet. \u00c4idin roolissa n\u00e4hd\u00e4\u00e4n jo edesmennyt Elina Salo. Perheen sis\u00e4iset suhteet ovat varsin ilmavia.\n              <\/p>\n<p>\n                Kuva: Yle\n              <\/p>\n<p class=\"article__paragraph\">\n      Voi taivas, nyt menn\u00e4\u00e4n lujaa. Ensimm\u00e4inen ruumis on kylm\u00e4n\u00e4 jo viiden minuutin j\u00e4lkeen. Nuoret Pirkka-Pekka Petelius, Kari V\u00e4\u00e4n\u00e4nen ja kumppanit ovat katsomisen arvoisia jo itsess\u00e4\u00e4n. Aki Kaurism\u00e4en ohjauksessa he sitten tulkitsevat teatteriklassikosta ammennettua tarinaa, jossa piskuisen Suomen ylev\u00e4, mutta ilmeisen harvalukuinen yl\u00e4luokka yritt\u00e4\u00e4 el\u00e4\u00e4 niin glamor\u00f6\u00f6sisti kuin se n\u00e4ill\u00e4 leveyksill\u00e4 on mahdollista. Kuolemista jatketaan niin pitk\u00e4lle kuin mahdollista eik\u00e4 musta huumori ole vaarassa loppua kesken. Ohjelman kuvaussanoiksi on valittu oivaltava ja yll\u00e4tt\u00e4v\u00e4, ja molempia se todella on. Valmistumisen j\u00e4lkeen elokuva esitettiin monilla kansainv\u00e4lisill\u00e4 festivaaleilla ja myytiin useisiin maihin.\n    <\/p>\n<p>      10. Laulu koti-ik\u00e4v\u00e4st\u00e4<\/p>\n<p class=\"article__intro\">\n      Dokumentti. Klaffi 2012. Kesto 1 t. 29 min.\n    <\/p>\n<p>    <img decoding=\"async\" class=\"responsive-image article__image-image lozad\"   src=\"https:\/\/www.europesays.com\/fi\/wp-content\/uploads\/2025\/12\/FIUGDPLEkxEOnYo2vAa5Rne2csG7b--andSQrT4viFvzzqRs5WVEymJ_RST2UpuQh5Xy8RM2Npq5gp1pIkQui4T7bESRwAhNqWp_.jpeg\" alt=\"Poika ja is\u00e4 Kai ja Tauno Latvalehto l\u00e4htev\u00e4t Etel\u00e4-Ruotsiin palatakseen perheen historiaan. Henkil\u00f6kohtainen dokumentti ei el\u00e4m\u00f6i tunteilla, mutta ei niit\u00e4 piilotakaan \u2013 kuten kuvasta n\u00e4kyy.\"\/><\/p>\n<p>\n                Poika ja is\u00e4 Kai ja Tauno Latvalehto l\u00e4htev\u00e4t Etel\u00e4-Ruotsiin palatakseen perheen historiaan. Henkil\u00f6kohtainen dokumentti ei el\u00e4m\u00f6i tunteilla, mutta ei niit\u00e4 piilotakaan \u2013 kuten kuvasta n\u00e4kyy.\n              <\/p>\n<p>\n                Kuva: Klaffi Tuotannot oy\n              <\/p>\n<p class=\"article__paragraph\">\n      Ruotsiin l\u00e4hteneet ja heid\u00e4n j\u00e4lkel\u00e4isens\u00e4, t\u00e4m\u00e4 on teille. Katsoa kannattaa my\u00f6s, jos v\u00e4h\u00e4nk\u00e4\u00e4n mietitytt\u00e4\u00e4, olisiko is\u00e4ll\u00e4 ja pojalla jotain puhuttavaa. Rokkari, Haukiputaalta ponnistaneen Aknestikin Kai Latvalehto p\u00e4\u00e4tt\u00e4\u00e4 selvitt\u00e4\u00e4, mik\u00e4 h\u00e4nt\u00e4 vaivaa. Is\u00e4 kun on ollut tapahtumiin osallinen, saa l\u00e4hte\u00e4 mukaan. Kaksikko ajelee Tornion kautta G\u00f6teborgiin katsomaan, mit\u00e4 menneisyydest\u00e4 l\u00f6ytyy. Vanhempia voi syytt\u00e4\u00e4 paljosta, mutta samalla on syyt\u00e4 olla valmis kuulemaan, mit\u00e4 heid\u00e4n ratkaisujensa taustalla on ollut. Rokkaripoika ja duunari-is\u00e4 n\u00e4ytt\u00e4v\u00e4t mallia, ett\u00e4 kyll\u00e4 se lopulta sujuu, vaikka v\u00e4h\u00e4n kitkaisestikin. Matkalla on my\u00f6s ilmeisen mukava huomata, ett\u00e4 ollaan sit\u00e4 kauempanakin julkkiksia, ainakin n\u00e4iss\u00e4 oman el\u00e4m\u00e4n t\u00e4rkeiss\u00e4 piireiss\u00e4.\n    <\/p>\n<p>Mik\u00e4?<\/p>\n<p>      Yle Areena<\/p>\n<p class=\"article__fact-paragraph\">\n      Ylen oma suoratoistopalvelu, jossa on sek\u00e4 televisio- ett\u00e4 \u00e4\u00e4nisis\u00e4lt\u00f6j\u00e4.\n    <\/p>\n<p class=\"article__fact-paragraph\">\n      Noin kolmannes yli 16-vuotiaista suomalaisista k\u00e4ytt\u00e4\u00e4 Areenaa v\u00e4hint\u00e4\u00e4n viikoittain.\n    <\/p>\n<p class=\"article__fact-paragraph\">\n      Eniten katsotaan draamasarjoja, lastenohjelmia, urheilua ja dokumentteja.\n    <\/p>\n<p class=\"article__fact-paragraph\">\n      Vuonna 2024 julkaistiin yli 13\u202f000 tuntia tv-ohjelmatallenteita ja yli 36\u202f000 tuntia kuunneltavaa.\n    <\/p>\n<p class=\"article__fact-paragraph\">\n      Areenaan julkaistaan s\u00e4\u00e4nn\u00f6llisesti my\u00f6s arkistojen helmi\u00e4. T\u00e4n\u00e4 vuonna esimerkiksi Metsolat ja Lehm\u00e4n vuosi ovat olleet eritt\u00e4in katsottuja.\n    <\/p>\n<p class=\"article__fact-paragraph\">\n      Vuoden katsotuin ohjelma on ollut Tiina Lymin rikoskomediasarja Queen of fucking everything. Ylen mukaan moni on katsonut sen jaksoja useaan kertaan.\n    <\/p>\n<p>\n      L\u00e4hde: Yle\n    <\/p>\n","protected":false},"excerpt":{"rendered":"Julkinen ja ilmainen suoratoistopalvelu tarjoaa todellista l\u00f6yt\u00e4misen riemua. Ylen Areenasta l\u00f6ytyy sek\u00e4 kiinnostavaa ett\u00e4 sivist\u00e4v\u00e4\u00e4 katsottavaa. T\u00e4m\u00e4 vinkkilista&hellip;\n","protected":false},"author":2,"featured_media":125598,"comment_status":"","ping_status":"","sticky":false,"template":"","format":"standard","meta":{"footnotes":""},"categories":[130],"tags":[137,33,31,30,32,109],"class_list":{"0":"post-125597","1":"post","2":"type-post","3":"status-publish","4":"format-standard","5":"has-post-thumbnail","7":"category-viihde","8":"tag-entertainment","9":"tag-fi","10":"tag-finland","11":"tag-finnish","12":"tag-suomi","13":"tag-viihde"},"share_on_mastodon":{"url":"https:\/\/pubeurope.com\/@fi\/115780678222422708","error":""},"_links":{"self":[{"href":"https:\/\/www.europesays.com\/fi\/wp-json\/wp\/v2\/posts\/125597","targetHints":{"allow":["GET"]}}],"collection":[{"href":"https:\/\/www.europesays.com\/fi\/wp-json\/wp\/v2\/posts"}],"about":[{"href":"https:\/\/www.europesays.com\/fi\/wp-json\/wp\/v2\/types\/post"}],"author":[{"embeddable":true,"href":"https:\/\/www.europesays.com\/fi\/wp-json\/wp\/v2\/users\/2"}],"replies":[{"embeddable":true,"href":"https:\/\/www.europesays.com\/fi\/wp-json\/wp\/v2\/comments?post=125597"}],"version-history":[{"count":0,"href":"https:\/\/www.europesays.com\/fi\/wp-json\/wp\/v2\/posts\/125597\/revisions"}],"wp:featuredmedia":[{"embeddable":true,"href":"https:\/\/www.europesays.com\/fi\/wp-json\/wp\/v2\/media\/125598"}],"wp:attachment":[{"href":"https:\/\/www.europesays.com\/fi\/wp-json\/wp\/v2\/media?parent=125597"}],"wp:term":[{"taxonomy":"category","embeddable":true,"href":"https:\/\/www.europesays.com\/fi\/wp-json\/wp\/v2\/categories?post=125597"},{"taxonomy":"post_tag","embeddable":true,"href":"https:\/\/www.europesays.com\/fi\/wp-json\/wp\/v2\/tags?post=125597"}],"curies":[{"name":"wp","href":"https:\/\/api.w.org\/{rel}","templated":true}]}}