{"id":12560,"date":"2025-08-21T22:59:09","date_gmt":"2025-08-21T22:59:09","guid":{"rendered":"https:\/\/www.europesays.com\/fi\/12560\/"},"modified":"2025-08-21T22:59:09","modified_gmt":"2025-08-21T22:59:09","slug":"tuure-kilpelainen-ja-kaihon-karavaani-ero-oli-vaikea-paatos","status":"publish","type":"post","link":"https:\/\/www.europesays.com\/fi\/12560\/","title":{"rendered":"Tuure Kilpel\u00e4inen ja Kaihon karavaani: Ero oli vaikea p\u00e4\u00e4t\u00f6s"},"content":{"rendered":"<p class=\"sc-e683d47a-0 kZdJxS is-block is-body-m\">Musiikki on aina ollut iso ja pyh\u00e4 osa <strong>Tuure Kilpel\u00e4isen <\/strong>el\u00e4m\u00e4\u00e4. H\u00e4nell\u00e4 oli tapana hehkuttaa yhtyett\u00e4\u00e4n Kaihon karavaania, mutta kolmisen vuotta sitten eteen tuli risteyskohta, joka avasi uuden polun ja johti pohdintaan b\u00e4ndin tauosta. <\/p>\n<p class=\"sc-e683d47a-0 kZdJxS is-block is-body-m\">\u201dMinulla vahvistui kuitenkin tunne, ett\u00e4 minun t\u00e4ytyy laittaa b\u00e4ndi j\u00e4ihin tai ainakin ottaa siihen et\u00e4isyytt\u00e4. Muutuin. En en\u00e4\u00e4 mahtunut siihen rooliin, jonka olin itse luonut, enk\u00e4 tunnistanut itse\u00e4ni. Se alkoi johtaa huonoihin k\u00e4yt\u00f6smalleihin, kuten p\u00e4ihteiden k\u00e4ytt\u00f6\u00f6n.\u201d<\/p>\n<p class=\"sc-e683d47a-0 kZdJxS is-block is-body-m\">Havainnon seurauksena Tuure halusi uudistua ja l\u00f6yt\u00e4\u00e4 itsens\u00e4 uudelleen.<\/p>\n<p class=\"sc-e683d47a-0 kZdJxS is-block is-body-m\">\u201dMinun t\u00e4ytyi l\u00e4hte\u00e4 sit\u00e4 kohti. Kuulostaa ehk\u00e4 \u00e4lytt\u00f6m\u00e4lt\u00e4, mutta halusin p\u00e4\u00e4st\u00e4 jonkinlaisen rehellisyyden ja autenttisuuden l\u00e4hteelle itsess\u00e4ni. On t\u00e4rke\u00e4\u00e4, ett\u00e4 on viehe heitettyn\u00e4 sinne, mit\u00e4 kohti haluaa menn\u00e4.<\/p>\n<p class=\"sc-e683d47a-0 kZdJxS is-block is-body-m\">Muutos on ollut kivuliasta, koska siin\u00e4 mukana on ollut Tuurelle t\u00e4rkeit\u00e4 ihmisi\u00e4. <\/p>\n<p class=\"sc-e683d47a-0 kZdJxS is-block is-body-m\">\u201dTykk\u00e4\u00e4n edelleen n\u00e4ist\u00e4 ihmisist\u00e4, joiden kanssa olen kiert\u00e4nyt ja soittanut, ja osan kanssa koitan ollakin yhteydess\u00e4. Tietysti et\u00e4\u00e4ntymist\u00e4 tapahtuu, mutta se on my\u00f6s hyv\u00e4 asia, sill\u00e4 silloin n\u00e4kee asioiden todellisen arvon.\u201d<\/p>\n<p class=\"sc-e683d47a-0 kZdJxS is-block is-body-m\">Lopullisuutta, tulevaisuutta, ei kukaan tied\u00e4. <\/p>\n<p class=\"sc-e683d47a-0 kZdJxS is-block is-body-m\">\u201dOn kuitenkin mielenkiintoista n\u00e4hd\u00e4, mihin uusi polku johtaa ja avautuuko vanha viel\u00e4 joskus uudelleen.\u201d <strong> <\/strong><\/p>\n<p class=\"sc-e683d47a-0 kZdJxS is-block is-body-m\">Luit tiivistelm\u00e4n jutusta, joka on julkaistu Voi hyvin -lehden numerossa 8\/2025. <\/p>\n","protected":false},"excerpt":{"rendered":"Musiikki on aina ollut iso ja pyh\u00e4 osa Tuure Kilpel\u00e4isen el\u00e4m\u00e4\u00e4. H\u00e4nell\u00e4 oli tapana hehkuttaa yhtyett\u00e4\u00e4n Kaihon karavaania,&hellip;\n","protected":false},"author":2,"featured_media":12561,"comment_status":"","ping_status":"","sticky":false,"template":"","format":"standard","meta":{"footnotes":""},"categories":[136],"tags":[407,137,33,31,30,408,1496,98,1311,32,109,4857],"class_list":{"0":"post-12560","1":"post","2":"type-post","3":"status-publish","4":"format-standard","5":"has-post-thumbnail","7":"category-julkkikset","8":"tag-celebrities","9":"tag-entertainment","10":"tag-fi","11":"tag-finland","12":"tag-finnish","13":"tag-julkkikset","14":"tag-parisuhde","15":"tag-perhe","16":"tag-rakkaus","17":"tag-suomi","18":"tag-viihde","19":"tag-ystavyys"},"share_on_mastodon":{"url":"","error":""},"_links":{"self":[{"href":"https:\/\/www.europesays.com\/fi\/wp-json\/wp\/v2\/posts\/12560","targetHints":{"allow":["GET"]}}],"collection":[{"href":"https:\/\/www.europesays.com\/fi\/wp-json\/wp\/v2\/posts"}],"about":[{"href":"https:\/\/www.europesays.com\/fi\/wp-json\/wp\/v2\/types\/post"}],"author":[{"embeddable":true,"href":"https:\/\/www.europesays.com\/fi\/wp-json\/wp\/v2\/users\/2"}],"replies":[{"embeddable":true,"href":"https:\/\/www.europesays.com\/fi\/wp-json\/wp\/v2\/comments?post=12560"}],"version-history":[{"count":0,"href":"https:\/\/www.europesays.com\/fi\/wp-json\/wp\/v2\/posts\/12560\/revisions"}],"wp:featuredmedia":[{"embeddable":true,"href":"https:\/\/www.europesays.com\/fi\/wp-json\/wp\/v2\/media\/12561"}],"wp:attachment":[{"href":"https:\/\/www.europesays.com\/fi\/wp-json\/wp\/v2\/media?parent=12560"}],"wp:term":[{"taxonomy":"category","embeddable":true,"href":"https:\/\/www.europesays.com\/fi\/wp-json\/wp\/v2\/categories?post=12560"},{"taxonomy":"post_tag","embeddable":true,"href":"https:\/\/www.europesays.com\/fi\/wp-json\/wp\/v2\/tags?post=12560"}],"curies":[{"name":"wp","href":"https:\/\/api.w.org\/{rel}","templated":true}]}}