{"id":125603,"date":"2025-12-25T14:32:06","date_gmt":"2025-12-25T14:32:06","guid":{"rendered":"https:\/\/www.europesays.com\/fi\/125603\/"},"modified":"2025-12-25T14:32:06","modified_gmt":"2025-12-25T14:32:06","slug":"poliisilla-on-ollut-paikoin-vilkas-joulu-uutisia-lyhyesti","status":"publish","type":"post","link":"https:\/\/www.europesays.com\/fi\/125603\/","title":{"rendered":"Poliisilla on ollut paikoin vilkas joulu | Uutisia lyhyesti"},"content":{"rendered":"<p class=\"aw-1gybjub aw-1p7kakr kEtdKx cEmitX yle__article__paragraph\">Poliisilaitoksilta eri puolella Suomea kerrotaan, ett\u00e4 jouluaatto sek\u00e4 jouluaaton ja joulup\u00e4iv\u00e4n v\u00e4linen y\u00f6 olivat paikoin suhteellisen vilkkaita.<\/p>\n<p class=\"aw-1gybjub aw-1p7kakr kEtdKx cEmitX yle__article__paragraph\">Jouluaattona poliisin saamat ilmoitukset liittyiv\u00e4t monesti h\u00e4iri\u00f6k\u00e4ytt\u00e4ytymiseen, pahoinpitelyihin tai kotih\u00e4lytyksiin. Lis\u00e4ksi poliisilla on ollut esimerkiksi liikenneteht\u00e4vi\u00e4.<\/p>\n<p class=\"aw-1gybjub aw-1p7kakr kEtdKx cEmitX yle__article__paragraph\">Muun muassa Lounais-Suomen poliisi kertoo tiedotteessaan, ett\u00e4 yleisill\u00e4 paikoilla oli varsin rauhallista. Poliisin teht\u00e4v\u00e4t painottuivat koteihin ja ravintoloihin.<\/p>\n","protected":false},"excerpt":{"rendered":"Poliisilaitoksilta eri puolella Suomea kerrotaan, ett\u00e4 jouluaatto sek\u00e4 jouluaaton ja joulup\u00e4iv\u00e4n v\u00e4linen y\u00f6 olivat paikoin suhteellisen vilkkaita. Jouluaattona&hellip;\n","protected":false},"author":2,"featured_media":74,"comment_status":"","ping_status":"","sticky":false,"template":"","format":"standard","meta":{"footnotes":""},"categories":[12],"tags":[22,23,26,27,33,31,30,17,5856,71,55,24,25,28,29,15,18,21,52,1263,32,19,20,16],"class_list":{"0":"post-125603","1":"post","2":"type-post","3":"status-publish","4":"format-standard","5":"has-post-thumbnail","7":"category-suomi","8":"tag-breaking-news","9":"tag-breakingnews","10":"tag-featured-news","11":"tag-featurednews","12":"tag-fi","13":"tag-finland","14":"tag-finnish","15":"tag-headlines","16":"tag-joulu","17":"tag-kotimaa","18":"tag-lainvalvonta","19":"tag-latest-news","20":"tag-latestnews","21":"tag-main-news","22":"tag-mainnews","23":"tag-news","24":"tag-otsikot","25":"tag-paauutiset","26":"tag-poliisi","27":"tag-rikosepailyt","28":"tag-suomi","29":"tag-top-stories","30":"tag-topstories","31":"tag-uutiset"},"share_on_mastodon":{"url":"https:\/\/pubeurope.com\/@fi\/115780697785414782","error":""},"_links":{"self":[{"href":"https:\/\/www.europesays.com\/fi\/wp-json\/wp\/v2\/posts\/125603","targetHints":{"allow":["GET"]}}],"collection":[{"href":"https:\/\/www.europesays.com\/fi\/wp-json\/wp\/v2\/posts"}],"about":[{"href":"https:\/\/www.europesays.com\/fi\/wp-json\/wp\/v2\/types\/post"}],"author":[{"embeddable":true,"href":"https:\/\/www.europesays.com\/fi\/wp-json\/wp\/v2\/users\/2"}],"replies":[{"embeddable":true,"href":"https:\/\/www.europesays.com\/fi\/wp-json\/wp\/v2\/comments?post=125603"}],"version-history":[{"count":0,"href":"https:\/\/www.europesays.com\/fi\/wp-json\/wp\/v2\/posts\/125603\/revisions"}],"wp:featuredmedia":[{"embeddable":true,"href":"https:\/\/www.europesays.com\/fi\/wp-json\/wp\/v2\/media\/74"}],"wp:attachment":[{"href":"https:\/\/www.europesays.com\/fi\/wp-json\/wp\/v2\/media?parent=125603"}],"wp:term":[{"taxonomy":"category","embeddable":true,"href":"https:\/\/www.europesays.com\/fi\/wp-json\/wp\/v2\/categories?post=125603"},{"taxonomy":"post_tag","embeddable":true,"href":"https:\/\/www.europesays.com\/fi\/wp-json\/wp\/v2\/tags?post=125603"}],"curies":[{"name":"wp","href":"https:\/\/api.w.org\/{rel}","templated":true}]}}