{"id":125606,"date":"2025-12-25T14:45:13","date_gmt":"2025-12-25T14:45:13","guid":{"rendered":"https:\/\/www.europesays.com\/fi\/125606\/"},"modified":"2025-12-25T14:45:13","modified_gmt":"2025-12-25T14:45:13","slug":"joel-harkimo-ja-kerttu-rissanen-bongattiin-yhdessa-helsingin-yoelamassa","status":"publish","type":"post","link":"https:\/\/www.europesays.com\/fi\/125606\/","title":{"rendered":"Joel Harkimo ja Kerttu Rissanen bongattiin yhdess\u00e4 Helsingin y\u00f6el\u00e4m\u00e4ss\u00e4"},"content":{"rendered":"<p>            Timo Korhonen\n        <\/p>\n<p class=\"subtitle \">Joel ja Kerttu viihtyiv\u00e4t toistensa seurassa.<\/p>\n<p class=\"article-content article-content-width !bg-background\">Purjehtiva poliitikko \u00a0\u00a0ja ryhm\u00e4liikuntaohjaaja  bongattiin lauantaina (2.8.)\u00a0 helsinkil\u00e4isest\u00e4 y\u00f6kerhosta.\u00a0 Kaksikko oli liikkeell\u00e4 isomman seurueen kesken, mutta viihtyiv\u00e4t rinnakkain pitkin iltaa. <\/p>\n<p class=\"font-weight-bold m-font-weight-bold article-content article-content-width !bg-background\">Video: Joel erosi hiljattain puolisostaan Janni Hussista<\/p>\n<p class=\"article-content article-content-width !bg-background\">Perjantai oli ehtinyt vaihtua jo lauantaiksi, kun Seiskan tarkkasilm\u00e4inen lukija bongasi vasta eronneen Joelin Helsingin Erottajankadun Coto-nimisest\u00e4 y\u00f6kerhosta.<\/p>\n<p class=\"article-content article-content-width !bg-background\">Joel ei suinkaan viihtynyt trendiklubilla yksin, vaan kyljess\u00e4\u00e4n h\u00e4nell\u00e4 oli\u00a0entisen\u00e4 Salatut el\u00e4m\u00e4t -t\u00e4hten\u00e4kin tunnettu Kerttu Rissanen.<\/p>\n<p>        <a itemprop=\"url\" href=\"https:\/\/www.seiska.fi\/katso\/joel-harkimon-purjehduksella-surkea-loppu-meripelastus-hatiin\/1597728\" rel=\"nofollow noopener\" target=\"_blank\"><\/p>\n<p>\nJoel Harkimo\n<\/p>\n<p class=\"section-date\">\n        <strong class=\"article-section\" data-section=\"katso\"><br \/>\n            katso<br \/>\n        <\/strong><br \/>\n        4.2. 07:15\n    <\/p>\n<p>Joel Harkimon purjehduksella surkea loppu \u2013 meripelastus h\u00e4tiin\n    <\/p>\n<p itemprop=\"description\" class=\"subtitle \">\n    Jollen matka tyss\u00e4\u00e4 ik\u00e4v\u00e4\u00e4n ongelmaan.\n<\/p>\n<p>        <\/a><\/p>\n<p>Ilta yhdess\u00e4<\/p>\n<p class=\"article-content article-content-width !bg-background\">Vinkkarin mukaan Joel ja Kerttu olivat viett\u00e4m\u00e4ss\u00e4 iltaa yhdess\u00e4 suuremman seurueen kanssa.\u00a0<\/p>\n<p class=\"article-content article-content-width !bg-background\"> \u2013 He k\u00e4viv\u00e4t tilaamassa yhdess\u00e4 juomat, ja istuivat seurueensa p\u00f6yt\u00e4\u00e4n vierekk\u00e4in, Seiskalle supistaan.<\/p>\n<p>                <img decoding=\"async\" src=\"https:\/\/www.europesays.com\/fi\/wp-content\/uploads\/2025\/12\/1890907.webp\" width=\"576\" height=\"274\" alt=\"Sek\u00e4 Kerttu ett\u00e4 vasta eronnut Joel viett\u00e4v\u00e4t paraikaa sinkkukes\u00e4\u00e4.\" loading=\"lazy\" \/>            <\/p>\n<p>\n            Sek\u00e4 Kerttu ett\u00e4 vasta eronnut Joel viett\u00e4v\u00e4t paraikaa sinkkukes\u00e4\u00e4.<br \/>\n            Lukijan kuva\n        <\/p>\n<p class=\"article-content article-content-width !bg-background\">Vaikka mukana oli iso k\u00f6\u00f6ri, jakoivat Kerttu ja Joel ajatuksiaan l\u00e4hinn\u00e4 kesken\u00e4\u00e4n.<\/p>\n<p class=\"article-content article-content-width !bg-background\"> \u2013 He liikkuivat yhdess\u00e4 oikeastaan koko illan. V\u00e4liss\u00e4 he siirtyiv\u00e4t seurueen mukana tanssilattialle, mutta j\u00e4iv\u00e4t siell\u00e4kin hieman sivumpaan seisoskelemaan kaksin.<\/p>\n<p class=\"article-content article-content-width !bg-background\">Vinkkarin mukaan niin Joel kuin Kerttukin vaikuttivat olevan hyv\u00e4ll\u00e4 mielell\u00e4 liikenteess\u00e4.<\/p>\n<p class=\"article-content article-content-width !bg-background\"> \u2013 Huomasi, ett\u00e4 viihtyiv\u00e4t toistensa seurassa, silminn\u00e4kij\u00e4 jatkaa.<\/p>\n<p class=\"article-content article-content-width !bg-background\">Ilta jatkui vinkkarin tietojen mukaan aamuy\u00f6n tunneille.<\/p>\n<p>                <img decoding=\"async\" src=\"https:\/\/www.europesays.com\/fi\/wp-content\/uploads\/2025\/12\/1890909.webp\" width=\"576\" height=\"701\" alt=\"Y\u00f6kerhon trendimusiikki ei laittanut Kertun ja Joelin tanssijalkaa vipattamaan.\" loading=\"lazy\" \/>            <\/p>\n<p>\n            Y\u00f6kerhon trendimusiikki ei laittanut Kertun ja Joelin tanssijalkaa vipattamaan.<br \/>\n            Lukijan kuva\n        <\/p>\n<p class=\"article-content article-content-width !bg-background\">Seiska ei tavoittanut kaksikkoa kommentoimaan illanviettoa.<\/p>\n<p>        <a itemprop=\"url\" href=\"https:\/\/www.seiska.fi\/kotimaa\/janni-hussi-ja-joel-harkimo-ulostulo-suhteesta\/1698704\" rel=\"nofollow noopener\" target=\"_blank\"><\/p>\n<p>\nJanni &amp; Joel\n<\/p>\n<p class=\"section-date\">\n        <strong class=\"article-section\" data-section=\"kotimaa\"><br \/>\n            kotimaa<br \/>\n        <\/strong><br \/>\n        12.5. 08:25\n    <\/p>\n<p>Janni Hussi ja Joel Harkimo: Ulostulo suhteesta!\n    <\/p>\n<p itemprop=\"description\" class=\"subtitle \">\n    Jannin ja Joelin kev\u00e4t on ollut vaiheikas sek\u00e4 v\u00e4rik\u00e4s.\n<\/p>\n<p>        <\/a><\/p>\n<p>Vaikeat ajat<\/p>\n<p class=\"article-content article-content-width !bg-background\">Joelilla on takanaan kaksi hyvinkin tuoretta, vaikeamman luokan koettelemusta.<\/p>\n<p class=\"article-content article-content-width !bg-background\">Hein\u00e4kuun 16. p\u00e4iv\u00e4 Joel ja h\u00e4nen ex-puolisonsa\u00a0 ilmoittivat eronneensa.<\/p>\n<p class=\"article-content article-content-width !bg-background\"> \u2013 Pitk\u00e4n harkinnan j\u00e4lkeen ollaan tultu siihen p\u00e4\u00e4t\u00f6kseen, ett\u00e4 tulemme j\u00e4tt\u00e4m\u00e4\u00e4n avioerohakemuksen l\u00e4hiviikkoina ja jatkamme el\u00e4m\u00e4ss\u00e4 yst\u00e4vin\u00e4. Meill\u00e4 on ollut paljon iloisia ja ihania rakkaudent\u00e4yteisi\u00e4 hetki\u00e4 vuosien varrella ja p\u00e4\u00e4t\u00f6s on meille molemmille tosi raskas, kaksikko tunnusti <a href=\"https:\/\/www.instagram.com\/p\/DMKHV0HIHBi\/?utm_source=ig_web_copy_link&amp;igsh=MzZvd3plNWV0ZTFj\" target=\"_blank\" rel=\"nofollow noopener\">Instagram<\/a>-tileill\u00e4\u00e4n.<\/p>\n<p class=\"article-content article-content-width !bg-background\">Vain kaksi p\u00e4iv\u00e4\u00e4 erouutisen j\u00e4lkeen Harkimon perhett\u00e4 kohtasi j\u00e4lleen suuri suru, kun taiteilija\u00a0 menehtyi vain 33 vuoden i\u00e4ss\u00e4. Oliver oli DJ  veli sek\u00e4 Joelin serkku.<\/p>\n<p class=\"article-content article-content-width !bg-background\"> \u2013 Tulen aina ik\u00e4v\u00f6im\u00e4\u00e4n sua veli. Lep\u00e4\u00e4 rauhassa, Joel kirjoitti serkkunsa muistolle omistetussa<a href=\"https:\/\/www.instagram.com\/p\/DMPt_VSN-mC\/?utm_source=ig_web_copy_link&amp;igsh=MWg3eHZ4dHVlbW4yaA==\" target=\"_blank\" rel=\"nofollow noopener\"> Instagram-postauksessaan<\/a>.<\/p>\n<p class=\"article-content article-content-width !bg-background\">Koettelemusten j\u00e4lkeen Joel on jakanut some-kanavillaan ajatuksia haasteellisesta ajanjaksostaan.<\/p>\n<p class=\"article-content article-content-width !bg-background\"> \u2013 Pit\u00e4\u00e4 vaan uskoa parempaan huomiseen ja menn\u00e4 p\u00e4iv\u00e4 kerrallaan, h\u00e4n kirjoitti taannoin Instagram-julkaisussaan. <\/p>\n<p class=\"article-content article-content-width !bg-background\">Seiska julkaisee uudelleen vuoden luetuimpia juttujaan. T\u00e4m\u00e4 artikkeli on julkaistu alun perin 10.8.2025.<\/p>\n<p><script async src=\"\/\/www.instagram.com\/embed.js\"><\/script><\/p>\n","protected":false},"excerpt":{"rendered":"Timo Korhonen Joel ja Kerttu viihtyiv\u00e4t toistensa seurassa. Purjehtiva poliitikko \u00a0\u00a0ja ryhm\u00e4liikuntaohjaaja bongattiin lauantaina (2.8.)\u00a0 helsinkil\u00e4isest\u00e4 y\u00f6kerhosta.\u00a0 Kaksikko&hellip;\n","protected":false},"author":2,"featured_media":125607,"comment_status":"","ping_status":"","sticky":false,"template":"","format":"standard","meta":{"footnotes":""},"categories":[136],"tags":[407,137,33,31,30,104,2597,3520,408,1811,212,32,109,17921],"class_list":{"0":"post-125606","1":"post","2":"type-post","3":"status-publish","4":"format-standard","5":"has-post-thumbnail","7":"category-julkkikset","8":"tag-celebrities","9":"tag-entertainment","10":"tag-fi","11":"tag-finland","12":"tag-finnish","13":"tag-helsinki","14":"tag-janni-hussi","15":"tag-joel-harkimo","16":"tag-julkkikset","17":"tag-kerttu-rissanen","18":"tag-lifestyle","19":"tag-suomi","20":"tag-viihde","21":"tag-yokerho"},"share_on_mastodon":{"url":"https:\/\/pubeurope.com\/@fi\/115780748988416328","error":""},"_links":{"self":[{"href":"https:\/\/www.europesays.com\/fi\/wp-json\/wp\/v2\/posts\/125606","targetHints":{"allow":["GET"]}}],"collection":[{"href":"https:\/\/www.europesays.com\/fi\/wp-json\/wp\/v2\/posts"}],"about":[{"href":"https:\/\/www.europesays.com\/fi\/wp-json\/wp\/v2\/types\/post"}],"author":[{"embeddable":true,"href":"https:\/\/www.europesays.com\/fi\/wp-json\/wp\/v2\/users\/2"}],"replies":[{"embeddable":true,"href":"https:\/\/www.europesays.com\/fi\/wp-json\/wp\/v2\/comments?post=125606"}],"version-history":[{"count":0,"href":"https:\/\/www.europesays.com\/fi\/wp-json\/wp\/v2\/posts\/125606\/revisions"}],"wp:featuredmedia":[{"embeddable":true,"href":"https:\/\/www.europesays.com\/fi\/wp-json\/wp\/v2\/media\/125607"}],"wp:attachment":[{"href":"https:\/\/www.europesays.com\/fi\/wp-json\/wp\/v2\/media?parent=125606"}],"wp:term":[{"taxonomy":"category","embeddable":true,"href":"https:\/\/www.europesays.com\/fi\/wp-json\/wp\/v2\/categories?post=125606"},{"taxonomy":"post_tag","embeddable":true,"href":"https:\/\/www.europesays.com\/fi\/wp-json\/wp\/v2\/tags?post=125606"}],"curies":[{"name":"wp","href":"https:\/\/api.w.org\/{rel}","templated":true}]}}