{"id":125614,"date":"2025-12-25T14:57:08","date_gmt":"2025-12-25T14:57:08","guid":{"rendered":"https:\/\/www.europesays.com\/fi\/125614\/"},"modified":"2025-12-25T14:57:08","modified_gmt":"2025-12-25T14:57:08","slug":"mette-marit-kommentoi-harvinaisen-suorasti-poikansa-kohua","status":"publish","type":"post","link":"https:\/\/www.europesays.com\/fi\/125614\/","title":{"rendered":"Mette-Marit kommentoi harvinaisen suorasti poikansa kohua"},"content":{"rendered":"<p>Norjan kruununprinsessa Mette-Marit ei kommentoi tuoreessa dokumentissa poikaansa kohdistuvia syyt\u00f6ksi\u00e4.<\/p>\n<p><img decoding=\"async\" class=\"image image-show image-preview\" src=\"https:\/\/www.europesays.com\/fi\/wp-content\/uploads\/2025\/12\/0c44638c8dab0bdc738f7d94eba416a9d0ba303e68f4929c36aec9635644ce45.jpg\" alt=\"\"\/><img decoding=\"async\" class=\"image image-show\" src=\"https:\/\/www.europesays.com\/fi\/wp-content\/uploads\/2025\/12\/1766674628_55_0c44638c8dab0bdc738f7d94eba416a9d0ba303e68f4929c36aec9635644ce45.jpg\" alt=\"\"\/><\/p>\n<p>Mette-Marit on Norjan tuleva kuningatar.  AOP<\/p>\n<p class=\"paragraph\">Norjan bonusprinssi <strong>Marius H\u00f8ibyn<\/strong> oikeudenk\u00e4ynti alkaa ensi kuussa. H\u00e4nt\u00e4 syytet\u00e4\u00e4n raiskauksista sek\u00e4 noin 30 muusta rikoksesta.<\/p>\n<p class=\"paragraph\">Norjan kuninkaalliset ovat olleet melko v\u00e4h\u00e4sanaisia oikeudenk\u00e4ynnist\u00e4, mutta nyt Mariuksen \u00e4iti, kruununprinsessa <a href=\"https:\/\/www.iltalehti.fi\/henkilot\/Mette-Marit\" class=\"article-link-person-page\" rel=\"nofollow noopener\" target=\"_blank\">Mette-Marit<\/a>, kuningas <a href=\"https:\/\/www.iltalehti.fi\/henkilot\/Harald V\" class=\"article-link-person-page\" rel=\"nofollow noopener\" target=\"_blank\">Harald<\/a> ja kuningatar <a href=\"https:\/\/www.iltalehti.fi\/henkilot\/Sonja Haraldsenin\" class=\"article-link-person-page\" rel=\"nofollow noopener\" target=\"_blank\">Sonja<\/a> kommentoivat syytteit\u00e4 NRK:n tuoreessa kuningasperheen vuodesta kertovassa dokumentissa.<\/p>\n<p class=\"paragraph\">\u2013 Minua ehk\u00e4 eniten harmittaa se, ett\u00e4 olen saanut kritiikki\u00e4 siit\u00e4, miten olemme vanhempina hoitaneet t\u00e4t\u00e4 asiaa ja ett\u00e4 emme olisi ottaneet t\u00e4t\u00e4 vakavasti. Se on ollut raskasta, Mette-Marit sanoo.<\/p>\n<p>Marius on Mette-Maritin poika h\u00e4nen aiemmasta suhteestaan. Marius itse ei ole kuninkaallinen.  Marius oli nelj\u00e4 vuotta, kun Mette-Marit ja kruununprinssi Haakon meniv\u00e4t naimisiin. All Over Press<\/p>\n<p class=\"paragraph\">Bonusprinssiksi kutsuttu Marius voi saada 10 vuoden vankeustuomion.<\/p>\n<p class=\"paragraph\">\u2013 Ei tuollaiseen voi valmistautua, Harald sanoo ohjelmassa.<\/p>\n<p class=\"paragraph\">\u2013 Haluan sanoa sen, ett\u00e4 olemme my\u00f6t\u00e4tuntoisia uhreja kohtaan. Olemme my\u00f6t\u00e4tuntoisia kaikkia niit\u00e4 kohtaan, joita asia koskee. Tuemme heit\u00e4 ja toivomme heid\u00e4n voivan paremmin, kuningatar Sonja sanoi.<\/p>\n<p class=\"paragraph\">Norjan hovissa on muutenkin synke\u00e4t ajat. Aiemmin t\u00e4ss\u00e4 kuussa <a href=\"https:\/\/www.iltalehti.fi\/kuninkaalliset\/7867c70c-12f5-4dc2-928a-eee4ddd0add8\" rel=\"nofollow noopener\" target=\"_blank\">hovi tiedotti<\/a> Mette-Maritin tilan heikenneen ja ett\u00e4 h\u00e4nelle suunnitellaan keuhkonsiirtoa. Mette-Marit sairastaa keuhkofibroosia. Mette-Maritia on hoidettu syksyn aikana sairaalassa Oslossa.<\/p>\n","protected":false},"excerpt":{"rendered":"Norjan kruununprinsessa Mette-Marit ei kommentoi tuoreessa dokumentissa poikaansa kohdistuvia syyt\u00f6ksi\u00e4. Mette-Marit on Norjan tuleva kuningatar. AOP Norjan bonusprinssi&hellip;\n","protected":false},"author":2,"featured_media":125615,"comment_status":"","ping_status":"","sticky":false,"template":"","format":"standard","meta":{"footnotes":""},"categories":[14],"tags":[35,22,23,26,27,33,31,30,17,101,53,99,100,24,25,28,29,15,18,21,98,32,19,20,56,16,59,60,61],"class_list":{"0":"post-125614","1":"post","2":"type-post","3":"status-publish","4":"format-standard","5":"has-post-thumbnail","7":"category-ulkomaat","8":"tag-24h","9":"tag-breaking-news","10":"tag-breakingnews","11":"tag-featured-news","12":"tag-featurednews","13":"tag-fi","14":"tag-finland","15":"tag-finnish","16":"tag-headlines","17":"tag-ihmissuhteet","18":"tag-laki-oikeus-ja-rikos","19":"tag-lapset","20":"tag-lapset-ja-nuoret","21":"tag-latest-news","22":"tag-latestnews","23":"tag-main-news","24":"tag-mainnews","25":"tag-news","26":"tag-otsikot","27":"tag-paauutiset","28":"tag-perhe","29":"tag-suomi","30":"tag-top-stories","31":"tag-topstories","32":"tag-ulkomaat","33":"tag-uutiset","34":"tag-world","35":"tag-world-news","36":"tag-worldnews"},"share_on_mastodon":{"url":"https:\/\/pubeurope.com\/@fi\/115780796214241132","error":""},"_links":{"self":[{"href":"https:\/\/www.europesays.com\/fi\/wp-json\/wp\/v2\/posts\/125614","targetHints":{"allow":["GET"]}}],"collection":[{"href":"https:\/\/www.europesays.com\/fi\/wp-json\/wp\/v2\/posts"}],"about":[{"href":"https:\/\/www.europesays.com\/fi\/wp-json\/wp\/v2\/types\/post"}],"author":[{"embeddable":true,"href":"https:\/\/www.europesays.com\/fi\/wp-json\/wp\/v2\/users\/2"}],"replies":[{"embeddable":true,"href":"https:\/\/www.europesays.com\/fi\/wp-json\/wp\/v2\/comments?post=125614"}],"version-history":[{"count":0,"href":"https:\/\/www.europesays.com\/fi\/wp-json\/wp\/v2\/posts\/125614\/revisions"}],"wp:featuredmedia":[{"embeddable":true,"href":"https:\/\/www.europesays.com\/fi\/wp-json\/wp\/v2\/media\/125615"}],"wp:attachment":[{"href":"https:\/\/www.europesays.com\/fi\/wp-json\/wp\/v2\/media?parent=125614"}],"wp:term":[{"taxonomy":"category","embeddable":true,"href":"https:\/\/www.europesays.com\/fi\/wp-json\/wp\/v2\/categories?post=125614"},{"taxonomy":"post_tag","embeddable":true,"href":"https:\/\/www.europesays.com\/fi\/wp-json\/wp\/v2\/tags?post=125614"}],"curies":[{"name":"wp","href":"https:\/\/api.w.org\/{rel}","templated":true}]}}