{"id":125647,"date":"2025-12-25T16:03:11","date_gmt":"2025-12-25T16:03:11","guid":{"rendered":"https:\/\/www.europesays.com\/fi\/125647\/"},"modified":"2025-12-25T16:03:11","modified_gmt":"2025-12-25T16:03:11","slug":"tangoprinssi-rami-rafaelin-musta-joulu-vaimo-kiidatettiin-sairaalaan","status":"publish","type":"post","link":"https:\/\/www.europesays.com\/fi\/125647\/","title":{"rendered":"Tangoprinssi Rami Rafaelin musta joulu: vaimo kiid\u00e4tettiin sairaalaan"},"content":{"rendered":"<p class=\"has-drop-cap\"><strong>Rami Rafael<\/strong> on kolminkertainen tangoprinssi ja pitk\u00e4n linjan iskelm\u00e4laulaja, jonka joulunvietto meni t\u00e4n\u00e4 vuonna pahemman kerran pipariksi.<\/p>\n<p>Rafael, 45, on tunnettu parhaiten Sein\u00e4joen Tangomarkkinoiden laulukilpailusta, jossa h\u00e4n on menestynyt upeasti ollen kolmen parhaan joukossa vuosina 2002, 2003 ja 2015.<\/p>\n<p>Rami Rafael <strong>Raiskinm\u00e4ki<\/strong> asuu Laitilassa perheens\u00e4 kanssa. H\u00e4nell\u00e4 ja\u00a0<strong>Hanna<\/strong>-vaimolla on kolme lasta.<\/p>\n<p><strong>Lue my\u00f6s:<\/strong> <a href=\"https:\/\/www.tanssiin.fi\/rami-rafael-on-hoitaja-ja-triplaprinssi-nyt-perheenisa-laulaa-riipaisevasti-rakkaudesta\/\" title=\"Rami Rafael on hoitaja ja triplaprinssi \u2013 nyt  perheenis\u00e4 laulaa riipaisevasti rakkaudesta\" rel=\"nofollow noopener\" target=\"_blank\">Rami Rafael on hoitaja ja triplaprinssi \u2013 nyt  perheenis\u00e4 laulaa riipaisevasti rakkaudesta<\/a><\/p>\n<p>Hanna kaatui m\u00f6kkirinteess\u00e4 pahasti<\/p>\n<p>Maanantaina 22. joulukuuta Rafaelin perhe matkusti raskaan ja ty\u00f6nt\u00e4yteisen syksyn j\u00e4lkeen rauhoittumaan m\u00f6kille joulun viettoon<\/p>\n<p>H\u00e4n kuvailee, kuinka he tulivat \u201dsilm\u00e4t s\u00e4ihkyen m\u00f6kille, jossa Hanna oli loihtinut aivan mielett\u00f6m\u00e4n joulumaailman\u201d.<\/p>\n<p>\u201dIllalla sy\u00f6tiin hyvin, saunottiin ja kaikki tuntui juuri silt\u00e4 milt\u00e4 joulun kuuluu tuntua\u201d, Rami fiilistelee somessa.<\/p>\n<p>Sitten tapahtui ik\u00e4v\u00e4 onnettomuus.<\/p>\n<p>\u201dP\u00e4\u00e4tettiin viel\u00e4 ennen nukkumaanmenoa l\u00e4hte\u00e4 pienelle k\u00e4velylle m\u00f6kin viereisen m\u00e4en rinteelle ihailemaan t\u00e4hti\u00e4 ja m\u00f6kin jouluvaloja\u201d, h\u00e4n kertaa.<\/p>\n<blockquote>\n<p>\u201dS\u00e4\u00e4riluu poikki kahdesta kohtaa ja pohjeluu poikki\u201d<\/p>\n<\/blockquote>\n<p>\u201dNo\u2026 sitten k\u00e4vikin niin, ett\u00e4 Hanna kaatui rinteess\u00e4 pahasti. Seuraavaksi odoteltiin ambulanssia, joka vei Hannan sairaalaan kuvauksiin. Tuloksena: s\u00e4\u00e4riluu poikki kahdesta kohtaa ja pohjeluu poikki, ja Hanna siirret\u00e4\u00e4n Satasairaalasta TYKSiin leikkaukseen.\u201d<\/p>\n<p>Etel\u00e4nmatkakin jouduttiin perumaan<\/p>\n<p>Rafael kertoo joulup\u00e4iv\u00e4n\u00e4, ett\u00e4 h\u00e4nen vaimonsa on viett\u00e4nyt koko joulun Turun yliopistollisessa keskussairaaassa.<\/p>\n<p>&#8221;Min\u00e4 olen yritt\u00e4nyt kotona loihtia joulua lapsille&#8221;, Rami p\u00e4ivitt\u00e4\u00e4 tilannetta.<\/p>\n<p>Kaiken lis\u00e4ksi perheen ulkomaanmatka jouduttin perumaan.<\/p>\n<p>&#8221;8. tammikuuta oleva etel\u00e4n reissu, jota on odotettu koko vuosi, joudutaan perumaan. Silti \u2013 kaikesta t\u00e4st\u00e4 paskasta huolimatta \u2013 t\u00e4rkeint\u00e4 on se, ett\u00e4 ei k\u00e4ynyt viel\u00e4 pahemmin. Ainekset olisi olleet paljon suurempaankin katastrofiin. Matkoja saa uusia, jouluja tulee ja menee.&#8221;<\/p>\n<p><strong>Lue my\u00f6s: <\/strong><a href=\"https:\/\/www.tanssiin.fi\/tangoprinssi-rami-rafaelin-perhe-kasvoi-pojalla-50-tunnin-tuskainen-taistelu\/\" title=\"Tangoprinssi Rami Rafaelin perhe kasvoi pojalla: \u201d50 tunnin tuskainen taistelu\u201d\" rel=\"nofollow noopener\" target=\"_blank\">Tangoprinssi Rami Rafaelin perhe kasvoi pojalla: \u201d50 tunnin tuskainen taistelu\u201d<\/a><\/p>\n<p><strong>Kuuntele<\/strong> Rami Rafael Lumipeitto 2016:<\/p>\n<p>Rami ty\u00f6skentelee hoitajana<\/p>\n<p>Laulamisen lis\u00e4ksi Rami Rafaelia n\u00e4hd\u00e4\u00e4n lavalla usein my\u00f6s juontoteht\u00e4viss\u00e4. H\u00e4n on keikkaillut paljon etenkin It\u00e4meren-laivoilla.<\/p>\n<p>Laitilasta kotoisin oleva Rami on soittanut harmonikkaa 6-vuotiaasta asti ja laulutuntejakin on k\u00e4yty. Muista harrastuksista mainittakoon judo. Vuonna 2002 h\u00e4n valmistui leipuriksi.<\/p>\n<p>Nykyisin h\u00e4n tekee p\u00e4\u00e4ty\u00f6n\u00e4\u00e4n hoitajan t\u00f6it\u00e4 mielenterveys- ja p\u00e4ihdekuntoutujien hoitokodissa Uudessakaupungissa.<\/p>\n<p>Kirjoittanut:<br \/>\n<img loading=\"lazy\" data-lazyloaded=\"1\" width=\"512\" height=\"512\" decoding=\"async\" class=\"aioseo-author-image\" src=\"https:\/\/www.europesays.com\/fi\/wp-content\/uploads\/2025\/10\/cropped-tanssiin-logo.jpg\" alt=\"author avatar\"\/><\/p>\n<p>Tanssiin.fi<\/p>\n<p>\nTanssi- ja iskelm\u00e4musiikin uutiset asiantuntevasti.<\/p>\n<p><img loading=\"lazy\" decoding=\"async\" data-lazyloaded=\"1\" width=\"512\" height=\"512\" class=\"aioseo-author-bio-compact-image\" src=\"https:\/\/www.europesays.com\/fi\/wp-content\/uploads\/2025\/10\/cropped-tanssiin-logo.jpg\" alt=\"author avatar\"\/><br \/>\nTanssi- ja iskelm\u00e4musiikin uutiset asiantuntevasti.<\/p>\n<p>14%<br \/>\nIhana<\/p>\n<p>0%<br \/>\nHauska<\/p>\n<p>0%<br \/>\nVau<\/p>\n<p>86%<br \/>\nSurullinen<\/p>\n<p>0%<br \/>\nVihainen\n<\/p>\n<p>Post navigation<\/p>\n","protected":false},"excerpt":{"rendered":"Rami Rafael on kolminkertainen tangoprinssi ja pitk\u00e4n linjan iskelm\u00e4laulaja, jonka joulunvietto meni t\u00e4n\u00e4 vuonna pahemman kerran pipariksi. Rafael,&hellip;\n","protected":false},"author":2,"featured_media":125648,"comment_status":"","ping_status":"","sticky":false,"template":"","format":"standard","meta":{"footnotes":""},"categories":[136],"tags":[407,137,33,31,30,5856,408,1696,98,22402,1304,32,22403,4049,16,6137,109],"class_list":{"0":"post-125647","1":"post","2":"type-post","3":"status-publish","4":"format-standard","5":"has-post-thumbnail","7":"category-julkkikset","8":"tag-celebrities","9":"tag-entertainment","10":"tag-fi","11":"tag-finland","12":"tag-finnish","13":"tag-joulu","14":"tag-julkkikset","15":"tag-loukkaantuminen","16":"tag-perhe","17":"tag-rami-rafael","18":"tag-sairaala","19":"tag-suomi","20":"tag-tangoprinssi","21":"tag-tanssitahdet","22":"tag-uutiset","23":"tag-vaimo","24":"tag-viihde"},"share_on_mastodon":{"url":"https:\/\/pubeurope.com\/@fi\/115781055846757170","error":""},"_links":{"self":[{"href":"https:\/\/www.europesays.com\/fi\/wp-json\/wp\/v2\/posts\/125647","targetHints":{"allow":["GET"]}}],"collection":[{"href":"https:\/\/www.europesays.com\/fi\/wp-json\/wp\/v2\/posts"}],"about":[{"href":"https:\/\/www.europesays.com\/fi\/wp-json\/wp\/v2\/types\/post"}],"author":[{"embeddable":true,"href":"https:\/\/www.europesays.com\/fi\/wp-json\/wp\/v2\/users\/2"}],"replies":[{"embeddable":true,"href":"https:\/\/www.europesays.com\/fi\/wp-json\/wp\/v2\/comments?post=125647"}],"version-history":[{"count":0,"href":"https:\/\/www.europesays.com\/fi\/wp-json\/wp\/v2\/posts\/125647\/revisions"}],"wp:featuredmedia":[{"embeddable":true,"href":"https:\/\/www.europesays.com\/fi\/wp-json\/wp\/v2\/media\/125648"}],"wp:attachment":[{"href":"https:\/\/www.europesays.com\/fi\/wp-json\/wp\/v2\/media?parent=125647"}],"wp:term":[{"taxonomy":"category","embeddable":true,"href":"https:\/\/www.europesays.com\/fi\/wp-json\/wp\/v2\/categories?post=125647"},{"taxonomy":"post_tag","embeddable":true,"href":"https:\/\/www.europesays.com\/fi\/wp-json\/wp\/v2\/tags?post=125647"}],"curies":[{"name":"wp","href":"https:\/\/api.w.org\/{rel}","templated":true}]}}