{"id":125649,"date":"2025-12-25T16:10:11","date_gmt":"2025-12-25T16:10:11","guid":{"rendered":"https:\/\/www.europesays.com\/fi\/125649\/"},"modified":"2025-12-25T16:10:11","modified_gmt":"2025-12-25T16:10:11","slug":"euroopan-halutuin-valmentaja-oliver-glasner-kertoo-mika-nuorten-valmentamisessa-usein-ymmarretaan-vaarin","status":"publish","type":"post","link":"https:\/\/www.europesays.com\/fi\/125649\/","title":{"rendered":"Euroopan halutuin valmentaja Oliver Glasner kertoo, mik\u00e4 nuorten valmentamisessa usein ymm\u00e4rret\u00e4\u00e4n v\u00e4\u00e4rin"},"content":{"rendered":"<p>Jalkapallo|Euroopan suurseurat haluavat Oliver Glasnerin. Crystal Palace pelk\u00e4\u00e4 valmentajansa menett\u00e4mist\u00e4.<\/p>\n<p class=\"article-body mb-nof-24 px-nof-16\">Lontoo<\/p>\n<p class=\"article-body mb-nof-24 px-nof-16\">Jo kauan ennen kuin h\u00e4n istuu alas tiedonjanoisten toimittajien eteen, <a class=\"article-personlink\" href=\"https:\/\/www.hs.fi\/haku\/?query=Oliver%20Glasner\" rel=\"nofollow noopener\" target=\"_blank\">Oliver Glasner<\/a> tiet\u00e4\u00e4, mit\u00e4 on tulossa.<\/p>\n<p class=\"article-body mb-nof-24 px-nof-16\">Espanjalainen <a class=\"underline underline-offset-[0.12em] [text-decoration-thickness:var(--generic-link-underline-thickness)] [text-decoration-color:var(--generic-link-underline-color)] [text-decoration-skip-ink:var(--generic-link-underline-skip-ink)] break-words\" href=\"https:\/\/cadenaser.com\/nacional\/2025\/12\/16\/el-crystal-palace-se-fija-en-jose-bordalas-como-sustituto-de-un-oliver-glasner-que-no-va-a-renovar-cadena-ser\/\" rel=\"nofollow noopener\" target=\"_blank\">Cadena Ser <\/a>uutisoi viime viikolla, ett\u00e4 Glasner aikoo j\u00e4tt\u00e4\u00e4 Crystal Palacen, ja ett\u00e4 tilalle olisi tulossa espanjalaisvalmentaja.<\/p>\n<p class=\"article-body mb-nof-24 px-nof-16\">Spekulointi on kuumaa, koska Glasnerin sopimus p\u00e4\u00e4ttyy kuluvan kauden j\u00e4lkeen. Uutta ei ole solmittu, eiv\u00e4tk\u00e4 neuvottelut ole johtaneet tulokseen.<\/p>\n<p class=\"article-body mb-nof-24 px-nof-16\">Samalla Glasnerin johtama Crystal Palace pelaa paremmin kuin koskaan aiemmin historiassaan. Viime kaudella Palace voitti FA-cupin ja on nyt Valioliigassa k\u00e4rjen tuntumassa.<\/p>\n<p class=\"article-body mb-nof-24 px-nof-16\">Kunnianhimoinen Glasner sanoo suoraan, ett\u00e4 h\u00e4n haluaa Palacen varmistavan paikan eurokentille liigan kautta \u2013 eli haluaa todella hyv\u00e4n sijoituksen.<\/p>\n<p class=\"article-body mb-nof-24 px-nof-16\">Toimittajat pommittavat Glasneria kysymyksill\u00e4 sopimuksesta eri suunnista. It\u00e4valtalainen torjuu yrityksen toisensa j\u00e4lkeen taiten.<\/p>\n<p class=\"article-body mb-nof-24 px-nof-16\">\u201dLehdiss\u00e4 minut on nimetty viimeisen kolmen kuukauden aikana jo ties kuinka monen seuran p\u00e4\u00e4valmentajaksi. Mutta t\u00e4\u00e4ll\u00e4 min\u00e4 yh\u00e4 olen\u201d, Glasner pamauttaa.<\/p>\n<p class=\"article-body mb-nof-24 px-nof-16\">Ja sanoo per\u00e4\u00e4n, ett\u00e4 jatkosopimuksesta ei keskustella ennen kev\u00e4ttalvea. Otteluruuhka on kuulemma liian kova.<\/p>\n<p class=\"article-body mb-nof-24 px-nof-16\">Lontoossa ollaan varmoja, ett\u00e4 Glasner l\u00e4htee kauden p\u00e4\u00e4tteeksi. H\u00e4n itse taas vakuuttaa, ettei ole tehnyt viel\u00e4 mit\u00e4\u00e4n ratkaisuja.<\/p>\n<p class=\"article-body mb-nof-24 px-nof-16\">Samaan aikaan kun Palace liit\u00e4\u00e4, moni Euroopan suurseuroista on vaikeuksissa. Glasner on yhdistetty jokaiseen pestiin.<\/p>\n<p class=\"article-body mb-nof-24 px-nof-16\">Erityisesti Manchester Unitedin sanotaan olevan heti Glasnerin per\u00e4ss\u00e4, jos luotto <a class=\"article-personlink\" href=\"https:\/\/www.hs.fi\/haku\/?query=Rubem%20Amorimiin\" rel=\"nofollow noopener\" target=\"_blank\">Rubem Amorimiin<\/a> alkaa horjua. Jokainen avautuva korkean profiilin pesti Bundesliigassa alkaa Glasnerin nimen mainitsemisella.<\/p>\n<p class=\"article-body mb-nof-24 px-nof-16\">Juuri t\u00e4ll\u00e4 hetkell\u00e4 Oliver Glasner on Euroopan kuumin p\u00e4\u00e4valmentajanimi.<\/p>\n<p class=\"article-body mb-nof-24 px-nof-16\">Mist\u00e4 se johtuu?<\/p>\n<p><img decoding=\"async\" src=\"https:\/\/www.europesays.com\/fi\/wp-content\/uploads\/2025\/12\/1766679010_495_468.jpg\" alt=\"Kaden Rodney p\u00e4\u00e4si kotistadionilla ensimm\u00e4ist\u00e4 kertaa avauskokoonpanoon KuPSia vastaan.\" class=\"_Img_1rerz_1\" style=\"aspect-ratio:1.5\" loading=\"eager\"\/><\/p>\n<p class=\"article-picture-caption\">Kaden Rodney p\u00e4\u00e4si kotistadionilla ensimm\u00e4ist\u00e4 kertaa avauskokoonpanoon KuPSia vastaan. Kuva:\u00a0ANDY RAIN<\/p>\n<p class=\"article-body mb-nof-24 px-nof-16\">Muutaman tuhannen asukkaan Sch\u00e4rdingist\u00e4 It\u00e4vallasta kotoisin oleva Glasner on kiistatta pidetty valmentaja. H\u00e4nen aikansa Crystal Palacessa on ollut huiman menestyksek\u00e4s, mutta jo aiemmin pestit It\u00e4vallan LASKissa sek\u00e4 Saksan Bundesliigan Wolfsburgissa ja Eintracht Frankfurtissa olivat menestyksekk\u00e4it\u00e4.<\/p>\n<p class=\"article-body mb-nof-24 px-nof-16\">Harvinaista h\u00e4nen urallaan on, ettei Glasner ole kertaakaan saanut potkuja. H\u00e4n on useimmiten l\u00e4htenyt seuroistaan tosin riitaisasti, ja usein samasta syyst\u00e4.<\/p>\n<p class=\"article-body mb-nof-24 px-nof-16\">\u201dH\u00e4n on \u00e4\u00e4rett\u00f6m\u00e4n kunnianhimoinen. Glasner on aina j\u00e4tt\u00e4nyt valmentamansa seurat parempaan kuntoon kuin ne olivat kun h\u00e4n saapui. Ongelma on ollut, ett\u00e4 h\u00e4n on usein riitautunut seurajohtajien kanssa. Glasner kokee, ett\u00e4 heill\u00e4 ei ole samanlaista kunniahimoa vied\u00e4 seuraa eteenp\u00e4in kuin h\u00e4nell\u00e4 on\u201d, Guardianin toimittaja <a class=\"article-personlink\" href=\"https:\/\/www.hs.fi\/haku\/?query=Ed%20Aarons\" rel=\"nofollow noopener\" target=\"_blank\">Ed Aarons<\/a> kertoo.<\/p>\n<p class=\"article-body mb-nof-24 px-nof-16\">Etel\u00e4-Lontoosta kotoisin oleva Aarons on seurannut Palacea tarkasti pienest\u00e4 pit\u00e4en, ja seurasta raportointi on h\u00e4nen vastuullaan my\u00f6s arvostetussa Guardianissa. H\u00e4n kertoo, ett\u00e4 Glasner on aivan poikkeuksellinen valmentaja Palacen historiassa.<\/p>\n<p class=\"article-body mb-nof-24 px-nof-16\">Valioliigavuosiensa 2014\u201325 Palacelta on puuttunut selke\u00e4 identiteetti ja johtoajatus. Jokainen kausi on omanlaisensa selviytymistaistelu, jonka ensimm\u00e4inen ja ainoa tavoite on sarjapaikan varmistaminen.<\/p>\n<p class=\"article-body mb-nof-24 px-nof-16\">Glasner on tuonut paitsi kristallinkirkkaan pelitavan ja identiteetin, my\u00f6s huippukorkean vaatimustason.<\/p>\n<p class=\"article-body mb-nof-24 px-nof-16\">It\u00e4valtalainen on my\u00f6s julkisesti ruoskinut Palacen seurapomoja olemaan aggressiivisempi siirtomarkkinoilla. H\u00e4n ei vaadi leve\u00e4\u00e4, 25 huippupelaajan rinki\u00e4. Glasner tyytyy pieneen rinkiin, mutta sen on oltava laadukas.<\/p>\n<p class=\"article-body mb-nof-24 px-nof-16\">Viimeksi ennen KuPS-ottelua Glasner uudisti vaatimuksensa: h\u00e4n tarvitsee lis\u00e4\u00e4 pelaajia. Loukkaantumiset kasaantuvat ja pelaajat kuormittuvat.<\/p>\n<p class=\"article-body mb-nof-24 px-nof-16\">\u201dGlasner haluaa valmentaa korkeimmalla mahdollisella tasolla. H\u00e4n haluaa koko ajan vied\u00e4 seuraa eteenp\u00e4in ja korkeammalle. H\u00e4n on p\u00e4\u00e4m\u00e4\u00e4r\u00e4tietoisin koskaan tapaamani ihminen\u201d, Aarons vahvistaa.<\/p>\n<p class=\"article-body mb-nof-24 px-nof-16\">Sama p\u00e4\u00e4m\u00e4\u00e4r\u00e4tietoisuus on ajanut Glasnerin t\u00f6rm\u00e4yskurssille edellisiss\u00e4 seuroissaan. Siksi h\u00e4n oli vapaana, kun Palace etsi potkut saaneelle <a class=\"article-personlink\" href=\"https:\/\/www.hs.fi\/haku\/?query=Roy%20Hodgsonille\" rel=\"nofollow noopener\" target=\"_blank\">Roy Hodgsonille<\/a> korvaajaa alkuvuonna 2024.<\/p>\n<p class=\"article-body mb-nof-24 px-nof-16\">Mik\u00e4 tekee Glasnerista niin erityisen valmentajan, ett\u00e4 h\u00e4nen per\u00e4ss\u00e4\u00e4n oli jopa Bayern M\u00fcnchen kes\u00e4ll\u00e4 2024, vain tovi Palacen pestin alkamisen j\u00e4lkeen?<\/p>\n<p><img decoding=\"async\" src=\"https:\/\/www.europesays.com\/fi\/wp-content\/uploads\/2025\/12\/1766679010_279_468.jpg\" alt=\"Joel Drakes-Thomas debytoi vain 16-vuotiaana.\" class=\"_Img_1rerz_1\" style=\"aspect-ratio:1.5\" loading=\"eager\"\/><\/p>\n<p class=\"article-picture-caption\">Joel Drakes-Thomas debytoi vain 16-vuotiaana. Kuva:\u00a0Andy Rain<\/p>\n<p class=\"article-body mb-nof-24 px-nof-16\">Aarons ja muut t\u00e4t\u00e4 juttua varten haastatellut sis\u00e4piiril\u00e4iset ovat yht\u00e4 mielt\u00e4: it\u00e4valtalainen on onnistunut luomaan ainutlaatuisen kulttuurin Etel\u00e4-Lontooseen.<\/p>\n<p class=\"article-body mb-nof-24 px-nof-16\">\u201dH\u00e4n paneutuu jokaiseen yksityiskohtaan ja suhtautuu kaikkeen seurassa intensiivisesti. Pelaajat pit\u00e4v\u00e4t h\u00e4nest\u00e4, koska h\u00e4nell\u00e4 on kaikkeen selke\u00e4 suunnitelma: mit\u00e4 h\u00e4n haluaa jokaiselta yksitt\u00e4iselt\u00e4 pelaajalta, mik\u00e4 heid\u00e4n roolinsa on ja niin edelleen. Glasnerin ei tarvitse mouhota pelin aikana sivurajalla. Pelaajat tiet\u00e4v\u00e4t tasan tarkkaan, mit\u00e4 heid\u00e4n on teht\u00e4v\u00e4 ja miten\u201d, Aarons kuvailee.<\/p>\n<p class=\"article-body mb-nof-24 px-nof-16\">Tarkka roolitus ja selke\u00e4 pelitapa auttavat joukkuetta ylisuorittamaan tasaisesti. Pian se ei en\u00e4\u00e4 ole ollut ylisuorittamista, vaan joukkueen suoritustaso.<\/p>\n<p class=\"article-body mb-nof-24 px-nof-16\">Valmentaja itse tiivisti kovan vaatimustasonsa selke\u00e4sti, kun h\u00e4n vastasi toimituksen kysymykseen valmistautumisesta KuPS-otteluun.<\/p>\n<p class=\"article-body mb-nof-24 px-nof-16\">Vapaudet kent\u00e4ll\u00e4 ansaitaan ainoastaan t\u00e4ydellisell\u00e4 sitoutumisella.<\/p>\n<p class=\"article-body mb-nof-24 px-nof-16\">\u201dHaluamme aina voittaa, ja meid\u00e4n peruskivemme on aina kova vaatimustaso. Odotamme itselt\u00e4mme korkeaa tasoa joka tilanteessa, ja pelaajat tiet\u00e4v\u00e4t sen. Emme aina onnistu t\u00e4ydellisesti, mutta joka ottelussa on annettava aina kaikkensa. Vaadimme sit\u00e4 toinen toisiltamme.\u201d<\/p>\n<p class=\"article-body mb-nof-24 px-nof-16\">\u201dT\u00e4m\u00e4 on ainoa asia, josta olen ehdoton joka ikisess\u00e4 ottelussa. Koskaan ei ole mit\u00e4\u00e4n syyt\u00e4 antaa itsest\u00e4\u00e4n 95 prosenttia.\u201d<\/p>\n<p class=\"article-body mb-nof-24 px-nof-16\">Glasner h\u00e4mm\u00e4steli voimakkaasti toimittajien kysymyksi\u00e4 siit\u00e4, kokevatko nuoret pelaajat paineita tai vaikeuksia joutumisesta kovaan paikkaan europeliss\u00e4.<\/p>\n<p class=\"article-body mb-nof-24 px-nof-16\">Samalla h\u00e4n paljasti keskeisen seikan omasta filosofiastaan. H\u00e4n ei kavahda nuorten peluuttamista, aseta rajoituksia tai painota virheiden v\u00e4ltt\u00e4mist\u00e4. Menesty\u00e4 voi vain olemalla oma itsens\u00e4.<\/p>\n<p class=\"article-body mb-nof-24 px-nof-16\">\u201dOnko t\u00e4m\u00e4 vaikeaa? Kun tilaisuus tulee, pit\u00e4\u00e4 vain olla valmis k\u00e4ytt\u00e4m\u00e4\u00e4n se. Min\u00e4 odottaisin, ett\u00e4 jos nuori pelaaja saa tiet\u00e4\u00e4 olevansa ensimm\u00e4ist\u00e4 kertaa suuressa europeliss\u00e4 avauskokoonpanossa, h\u00e4n juoksee riemuiten kotiin ja huutaa ilosta matkalla. Unelmastasi tulee totta. Jos t\u00e4m\u00e4 on vaikeaa, niin olen pahoillani, mutta silloin et ole oikeissa hommissa\u201d, Glasner pamautti.<\/p>\n<p class=\"article-body mb-nof-24 px-nof-16\">Vaikka Glasner on valmentajana \u00e4\u00e4rimm\u00e4isen vaativa, on pelaajilta oltava kyky nauttia pelist\u00e4 ja hetkest\u00e4. Se n\u00e4kyy my\u00f6s joukkueen pelaamisessa.<\/p>\n<p class=\"article-body mb-nof-24 px-nof-16\">Ottelu KuPSia vastaan sattuu keskelle rajua otteluruuhkaa. Crystal Palace pelaa kuuden p\u00e4iv\u00e4n aikana per\u00e4ti kolme ottelua. Kolmen pelin letkassa KuPSin kohtaaminen on prioriteettilistan h\u00e4nnill\u00e4.<\/p>\n<p class=\"article-body mb-nof-24 px-nof-16\">T\u00e4m\u00e4 tarkoittaa sit\u00e4, ett\u00e4 kent\u00e4ll\u00e4 n\u00e4hd\u00e4\u00e4n koko joukko Palacen nuoria kasvatteja, jotka eiv\u00e4t ole viel\u00e4 saaneet tulikastettaan Valioliigassa.<\/p>\n<p class=\"article-body mb-nof-24 px-nof-16\">Ottelu p\u00e4\u00e4ttyy 2\u20132. Huipputulos KuPSille. Palacelle ja Glasnerille riitt\u00e4\u00e4 ruuhkassa, ett\u00e4 joukkue selvi\u00e4\u00e4 Konferenssiliigassa jatkoon.<\/p>\n<p class=\"article-body mb-nof-24 px-nof-16\">KuPSia vastaan ykk\u00f6smiehist\u00f6ss\u00e4 debytoivat 16-vuotias <a class=\"article-personlink\" href=\"https:\/\/www.hs.fi\/haku\/?query=Joel%20Drakes-Thomas\" rel=\"nofollow noopener\" target=\"_blank\">Joel Drakes-Thomas<\/a>, 17-vuotias <a class=\"article-personlink\" href=\"https:\/\/www.hs.fi\/haku\/?query=Dean%20Benamar\" rel=\"nofollow noopener\" target=\"_blank\">Dean Benamar<\/a> sek\u00e4 18-vuotias toppari <a class=\"article-personlink\" href=\"https:\/\/www.hs.fi\/haku\/?query=George%20King\" rel=\"nofollow noopener\" target=\"_blank\">George King<\/a>. Jokainen selvi\u00e4\u00e4 debyytist\u00e4\u00e4n puhtain paperein.<\/p>\n<p><img decoding=\"async\" src=\"https:\/\/www.europesays.com\/fi\/wp-content\/uploads\/2025\/12\/1766679011_515_468.jpg\" alt=\"Dean Benamar taisteli kovasti KuPSia vastaan ja esitti pari tyylik\u00e4st\u00e4 ohitusta vasemmalla laidalla.\" class=\"_Img_1rerz_1\" style=\"aspect-ratio:1.0429114611624117\" loading=\"eager\"\/><\/p>\n<p class=\"article-picture-caption\">Dean Benamar taisteli kovasti KuPSia vastaan ja esitti pari tyylik\u00e4st\u00e4 ohitusta vasemmalla laidalla. Kuva:\u00a0Malcolm Fell\/Focus Images Ltd\/Shutterstock<\/p>\n<p class=\"article-body mb-nof-24 px-nof-16\">Kierr\u00e4tyksest\u00e4 huolimatta vain 46 tuntia my\u00f6hemmin Leeds m\u00f6yhent\u00e4\u00e4 Palacen 4\u20131. Kapea rinki ja raju otteluruuhka alkavat painaa.<\/p>\n<p class=\"article-body mb-nof-24 px-nof-16\">Spekulaatio Glasnerin tulevaisuuden ymp\u00e4rill\u00e4 kiihtyy kiihtymist\u00e4\u00e4n. Palacelle se tiet\u00e4\u00e4 hikisi\u00e4 aikoja. Seurassa elet\u00e4\u00e4n sen kuumimpia menestyksen aikoja koskaan.<\/p>\n<p class=\"article-body mb-nof-24 px-nof-16\">Sen menestyksen arkkitehti katselee muualle. Tammikuun siirtoikkuna saattaa olla viimeinen tilaisuus k\u00e4\u00e4nt\u00e4\u00e4 kelkka.<\/p>\n<p class=\"article-body mb-nof-24 px-nof-16\">Ennen KuPS-ottelua Aarons ja muutama muu paikallinen, seuran tunteva henkil\u00f6 lausuu kannattajien kannalta harmilliset sanat.<\/p>\n<p class=\"article-body mb-nof-24 px-nof-16\">\u201dEn usko, ett\u00e4 h\u00e4n l\u00e4htee t\u00e4m\u00e4n kauden aikana mihink\u00e4\u00e4n. Mutta olen aika varma, ettei h\u00e4n jatka seurassa en\u00e4\u00e4 sen j\u00e4lkeen.\u201d<\/p>\n","protected":false},"excerpt":{"rendered":"Jalkapallo|Euroopan suurseurat haluavat Oliver Glasnerin. Crystal Palace pelk\u00e4\u00e4 valmentajansa menett\u00e4mist\u00e4. Lontoo Jo kauan ennen kuin h\u00e4n istuu alas&hellip;\n","protected":false},"author":2,"featured_media":125650,"comment_status":"","ping_status":"","sticky":false,"template":"","format":"standard","meta":{"footnotes":""},"categories":[158],"tags":[33,31,30,46,159,32,160],"class_list":{"0":"post-125649","1":"post","2":"type-post","3":"status-publish","4":"format-standard","5":"has-post-thumbnail","7":"category-urheilu","8":"tag-fi","9":"tag-finland","10":"tag-finnish","11":"tag-helsingin-sanomat","12":"tag-sports","13":"tag-suomi","14":"tag-urheilu"},"share_on_mastodon":{"url":"https:\/\/pubeurope.com\/@fi\/115781083441017130","error":""},"_links":{"self":[{"href":"https:\/\/www.europesays.com\/fi\/wp-json\/wp\/v2\/posts\/125649","targetHints":{"allow":["GET"]}}],"collection":[{"href":"https:\/\/www.europesays.com\/fi\/wp-json\/wp\/v2\/posts"}],"about":[{"href":"https:\/\/www.europesays.com\/fi\/wp-json\/wp\/v2\/types\/post"}],"author":[{"embeddable":true,"href":"https:\/\/www.europesays.com\/fi\/wp-json\/wp\/v2\/users\/2"}],"replies":[{"embeddable":true,"href":"https:\/\/www.europesays.com\/fi\/wp-json\/wp\/v2\/comments?post=125649"}],"version-history":[{"count":0,"href":"https:\/\/www.europesays.com\/fi\/wp-json\/wp\/v2\/posts\/125649\/revisions"}],"wp:featuredmedia":[{"embeddable":true,"href":"https:\/\/www.europesays.com\/fi\/wp-json\/wp\/v2\/media\/125650"}],"wp:attachment":[{"href":"https:\/\/www.europesays.com\/fi\/wp-json\/wp\/v2\/media?parent=125649"}],"wp:term":[{"taxonomy":"category","embeddable":true,"href":"https:\/\/www.europesays.com\/fi\/wp-json\/wp\/v2\/categories?post=125649"},{"taxonomy":"post_tag","embeddable":true,"href":"https:\/\/www.europesays.com\/fi\/wp-json\/wp\/v2\/tags?post=125649"}],"curies":[{"name":"wp","href":"https:\/\/api.w.org\/{rel}","templated":true}]}}