{"id":125657,"date":"2025-12-25T16:16:12","date_gmt":"2025-12-25T16:16:12","guid":{"rendered":"https:\/\/www.europesays.com\/fi\/125657\/"},"modified":"2025-12-25T16:16:12","modified_gmt":"2025-12-25T16:16:12","slug":"rovaniemen-alakorkalon-laavu-tuhoutui-tulipalossa","status":"publish","type":"post","link":"https:\/\/www.europesays.com\/fi\/125657\/","title":{"rendered":"Rovaniemen Alakorkalon laavu tuhoutui tulipalossa"},"content":{"rendered":"<p class=\"article__paragraph\">\n      Rovaniemell\u00e4 sijaitseva Alakorkalon laavu on palanut.\n    <\/p>\n<p class=\"article__paragraph\">\n      Pelastuslaitos sai asiasta teht\u00e4v\u00e4n joulup\u00e4iv\u00e4n\u00e4 puolen p\u00e4iv\u00e4n aikoihin. Pelastuslaitoksen saavuttua paikalle laavu oli jo t\u00e4ysin tuhoutunut palossa. J\u00e4ljell\u00e4 oli vain kasa hiili\u00e4, eli mit\u00e4\u00e4n ei ollut en\u00e4\u00e4 teht\u00e4viss\u00e4.\n    <\/p>\n<p class=\"article__paragraph\">\n      Poliisi selvitt\u00e4\u00e4 asiaa.\n    <\/p>\n","protected":false},"excerpt":{"rendered":"Rovaniemell\u00e4 sijaitseva Alakorkalon laavu on palanut. Pelastuslaitos sai asiasta teht\u00e4v\u00e4n joulup\u00e4iv\u00e4n\u00e4 puolen p\u00e4iv\u00e4n aikoihin. Pelastuslaitoksen saavuttua paikalle laavu&hellip;\n","protected":false},"author":2,"featured_media":125658,"comment_status":"","ping_status":"","sticky":false,"template":"","format":"standard","meta":{"footnotes":""},"categories":[12],"tags":[22,23,26,27,33,31,30,17,24,25,28,29,15,18,21,32,19,20,16],"class_list":{"0":"post-125657","1":"post","2":"type-post","3":"status-publish","4":"format-standard","5":"has-post-thumbnail","7":"category-suomi","8":"tag-breaking-news","9":"tag-breakingnews","10":"tag-featured-news","11":"tag-featurednews","12":"tag-fi","13":"tag-finland","14":"tag-finnish","15":"tag-headlines","16":"tag-latest-news","17":"tag-latestnews","18":"tag-main-news","19":"tag-mainnews","20":"tag-news","21":"tag-otsikot","22":"tag-paauutiset","23":"tag-suomi","24":"tag-top-stories","25":"tag-topstories","26":"tag-uutiset"},"share_on_mastodon":{"url":"https:\/\/pubeurope.com\/@fi\/115781106669923957","error":""},"_links":{"self":[{"href":"https:\/\/www.europesays.com\/fi\/wp-json\/wp\/v2\/posts\/125657","targetHints":{"allow":["GET"]}}],"collection":[{"href":"https:\/\/www.europesays.com\/fi\/wp-json\/wp\/v2\/posts"}],"about":[{"href":"https:\/\/www.europesays.com\/fi\/wp-json\/wp\/v2\/types\/post"}],"author":[{"embeddable":true,"href":"https:\/\/www.europesays.com\/fi\/wp-json\/wp\/v2\/users\/2"}],"replies":[{"embeddable":true,"href":"https:\/\/www.europesays.com\/fi\/wp-json\/wp\/v2\/comments?post=125657"}],"version-history":[{"count":0,"href":"https:\/\/www.europesays.com\/fi\/wp-json\/wp\/v2\/posts\/125657\/revisions"}],"wp:featuredmedia":[{"embeddable":true,"href":"https:\/\/www.europesays.com\/fi\/wp-json\/wp\/v2\/media\/125658"}],"wp:attachment":[{"href":"https:\/\/www.europesays.com\/fi\/wp-json\/wp\/v2\/media?parent=125657"}],"wp:term":[{"taxonomy":"category","embeddable":true,"href":"https:\/\/www.europesays.com\/fi\/wp-json\/wp\/v2\/categories?post=125657"},{"taxonomy":"post_tag","embeddable":true,"href":"https:\/\/www.europesays.com\/fi\/wp-json\/wp\/v2\/tags?post=125657"}],"curies":[{"name":"wp","href":"https:\/\/api.w.org\/{rel}","templated":true}]}}