{"id":125659,"date":"2025-12-25T16:17:11","date_gmt":"2025-12-25T16:17:11","guid":{"rendered":"https:\/\/www.europesays.com\/fi\/125659\/"},"modified":"2025-12-25T16:17:11","modified_gmt":"2025-12-25T16:17:11","slug":"lansi-porin-koulun-musiikinopettaja-vilma-kuusilehto-nayttaa-esimerkillaan-etta-koulussa-voi-olla-hauskaa","status":"publish","type":"post","link":"https:\/\/www.europesays.com\/fi\/125659\/","title":{"rendered":"L\u00e4nsi-Porin koulun musiikinopettaja Vilma Kuusilehto n\u00e4ytt\u00e4\u00e4 esimerkill\u00e4\u00e4n, ett\u00e4 koulussa voi olla hauskaa."},"content":{"rendered":"<p>Nuorena Vilma Kuusilehto k\u00e4vi salaa Idolsin koelauluissa ja j\u00e4i tempauksestaan erikoisella tavalla kiinni. \u201d\u00c4iti soitti ja kysyi, ett\u00e4 mik\u00e4 homma?\u201d<\/p>\n<p class=\"article-body mb-nof-24 px-nof-16\">Pori<\/p>\n<p class=\"article-body mb-nof-24 px-nof-16\">\u201dJos on prinsessaa p\u00e4\u00e4ll\u00e4, p\u00e4iv\u00e4 on aina parempi.\u201d<\/p>\n<p class=\"article-body mb-nof-24 px-nof-16\"><a class=\"article-personlink\" href=\"https:\/\/www.satakunnankansa.fi\/haku\/?query=Vilma%20Kuusilehto\" rel=\"nofollow noopener\" target=\"_blank\">Vilma Kuusilehto<\/a> ei usko arki- ja juhlavaatteiden erotteluun, vaan rakastaa vaatteita ja persoonallista pukeutumista yli kaiken. L\u00e4nsi-Porin koulun musiikinopettaja pyyh\u00e4lt\u00e4\u00e4 luokkaan upeassa violetissa r\u00f6yhel\u00f6hameessa ja polvimittaisissa saappaissa. Koska voi ja haluaa.<\/p>\n","protected":false},"excerpt":{"rendered":"Nuorena Vilma Kuusilehto k\u00e4vi salaa Idolsin koelauluissa ja j\u00e4i tempauksestaan erikoisella tavalla kiinni. \u201d\u00c4iti soitti ja kysyi, ett\u00e4&hellip;\n","protected":false},"author":2,"featured_media":125660,"comment_status":"","ping_status":"","sticky":false,"template":"","format":"standard","meta":{"footnotes":""},"categories":[5],"tags":[22,23,26,27,33,31,30,17,24,25,28,29,15,18,21,80,32,19,20,16],"class_list":{"0":"post-125659","1":"post","2":"type-post","3":"status-publish","4":"format-standard","5":"has-post-thumbnail","7":"category-otsikot","8":"tag-breaking-news","9":"tag-breakingnews","10":"tag-featured-news","11":"tag-featurednews","12":"tag-fi","13":"tag-finland","14":"tag-finnish","15":"tag-headlines","16":"tag-latest-news","17":"tag-latestnews","18":"tag-main-news","19":"tag-mainnews","20":"tag-news","21":"tag-otsikot","22":"tag-paauutiset","23":"tag-satakunnan-kansa","24":"tag-suomi","25":"tag-top-stories","26":"tag-topstories","27":"tag-uutiset"},"share_on_mastodon":{"url":"https:\/\/pubeurope.com\/@fi\/115781110532386146","error":""},"_links":{"self":[{"href":"https:\/\/www.europesays.com\/fi\/wp-json\/wp\/v2\/posts\/125659","targetHints":{"allow":["GET"]}}],"collection":[{"href":"https:\/\/www.europesays.com\/fi\/wp-json\/wp\/v2\/posts"}],"about":[{"href":"https:\/\/www.europesays.com\/fi\/wp-json\/wp\/v2\/types\/post"}],"author":[{"embeddable":true,"href":"https:\/\/www.europesays.com\/fi\/wp-json\/wp\/v2\/users\/2"}],"replies":[{"embeddable":true,"href":"https:\/\/www.europesays.com\/fi\/wp-json\/wp\/v2\/comments?post=125659"}],"version-history":[{"count":0,"href":"https:\/\/www.europesays.com\/fi\/wp-json\/wp\/v2\/posts\/125659\/revisions"}],"wp:featuredmedia":[{"embeddable":true,"href":"https:\/\/www.europesays.com\/fi\/wp-json\/wp\/v2\/media\/125660"}],"wp:attachment":[{"href":"https:\/\/www.europesays.com\/fi\/wp-json\/wp\/v2\/media?parent=125659"}],"wp:term":[{"taxonomy":"category","embeddable":true,"href":"https:\/\/www.europesays.com\/fi\/wp-json\/wp\/v2\/categories?post=125659"},{"taxonomy":"post_tag","embeddable":true,"href":"https:\/\/www.europesays.com\/fi\/wp-json\/wp\/v2\/tags?post=125659"}],"curies":[{"name":"wp","href":"https:\/\/api.w.org\/{rel}","templated":true}]}}