{"id":125661,"date":"2025-12-25T16:29:08","date_gmt":"2025-12-25T16:29:08","guid":{"rendered":"https:\/\/www.europesays.com\/fi\/125661\/"},"modified":"2025-12-25T16:29:08","modified_gmt":"2025-12-25T16:29:08","slug":"channing-tatum-julkaisi-muistokirjoituksen-kuolleelle-nayttelijakollegalleen","status":"publish","type":"post","link":"https:\/\/www.europesays.com\/fi\/125661\/","title":{"rendered":"Channing Tatum julkaisi muistokirjoituksen kuolleelle n\u00e4yttelij\u00e4kollegalleen"},"content":{"rendered":"<p>N\u00e4yttelij\u00e4<strong> Channing Tatum <\/strong>on julkaissut koskettavan muistokirjoituksen <strong>James Ransonelle<\/strong>, joka kuoli 19.12., oman k\u00e4den kautta.<\/p>\n<p>\u201dN\u00e4ihin tilanteisiin ei ole sanoja. Yst\u00e4v\u00e4ni, olit aidoin ihminen mit\u00e4 voi olla. Muistan, kun k\u00e4vimme keskustelua ja mietin jatkuvasti, mit\u00e4 aiot sanoa. Rakastan sinua, PJ. N\u00e4hd\u00e4\u00e4n seuraavassa el\u00e4m\u00e4ss\u00e4\u201d, Tatum kirjoitti.<\/p>\n<p>Lue my\u00f6s: <a href=\"https:\/\/www.episodi.fi\/uutiset\/the-wiren-ja-it-chapter-2n-james-ransone-on-kuollut-46-vuotiaana\/\" title=\"The Wiren ja It: Chapter 2:n James Ransone on kuollut 46-vuotiaana\" class=\"underline-custom !font-montserrat !font-bold !underline-offset-4 !decoration-4 !decoration-episodi-blue !text-md\" rel=\"nofollow noopener\" target=\"_blank\">The Wiren ja It: Chapter 2:n James Ransone on kuollut 46-vuotiaana<\/a><\/p>\n<p>Lue my\u00f6s: <a href=\"https:\/\/www.episodi.fi\/uutiset\/tanaan-tvssa-vuoden-2019-kauhuelokuva-keskittyy-hahmoihin-eika-saikyttelyyn-ja-siksi-onnistuu\/\" title=\"T\u00e4n\u00e4\u00e4n tv:ss\u00e4: Vuoden 2019\u00a0kauhuelokuva keskittyy hahmoihin eik\u00e4 s\u00e4ikyttelyyn, ja siksi onnistuu\" class=\"underline-custom !font-montserrat !font-bold !underline-offset-4 !decoration-4 !decoration-episodi-blue !text-md\" rel=\"nofollow noopener\" target=\"_blank\">T\u00e4n\u00e4\u00e4n tv:ss\u00e4: Vuoden 2019\u00a0kauhuelokuva keskittyy hahmoihin eik\u00e4 s\u00e4ikyttelyyn, ja siksi onnistuu<\/a><\/p>\n<p>Tatum ja Ransone ty\u00f6skenteliv\u00e4t yhdess\u00e4 The Son of No One (2011) -rikostrilleriss\u00e4, jossa he esittiv\u00e4t NYPD-poliiseja.<\/p>\n<p>Ransone tunnettiin erityisesti The Wire \u2011sarjasta, sek\u00e4 Se: Toinen luku (2019 -elokuvan roolistaan.<\/p>\n<p>H\u00e4n oli 46\u2011vuotias.<\/p>\n<p>L\u00e4hde: <a href=\"https:\/\/deadline.com\/2025\/12\/channing-tatum-pays-tribute-james-ransone-1236656783\/\" rel=\"nofollow noopener\" target=\"_blank\">Deadline<\/a><\/p>\n<p>Lue my\u00f6s: <a href=\"https:\/\/www.episodi.fi\/uutiskirje\/?uutiskirjemainos=tekstilinkkimainos\" title=\"Tilaa Episodin uutiskirje ja voit voittaa leffalippuja! Nappaa tv-vinkit suoraan s\u00e4hk\u00f6postiin t\u00e4st\u00e4.\" class=\"underline-custom !font-montserrat !font-bold !underline-offset-4 !decoration-4 !decoration-episodi-blue !text-md\" rel=\"nofollow noopener\" target=\"_blank\">Tilaa Episodin uutiskirje ja voit voittaa leffalippuja! Nappaa katseluvinkit suoraan s\u00e4hk\u00f6postiin t\u00e4st\u00e4.<\/a><\/p>\n","protected":false},"excerpt":{"rendered":"N\u00e4yttelij\u00e4 Channing Tatum on julkaissut koskettavan muistokirjoituksen James Ransonelle, joka kuoli 19.12., oman k\u00e4den kautta. \u201dN\u00e4ihin tilanteisiin ei&hellip;\n","protected":false},"author":2,"featured_media":125662,"comment_status":"","ping_status":"","sticky":false,"template":"","format":"standard","meta":{"footnotes":""},"categories":[136],"tags":[407,7796,137,33,31,30,22404,408,32,109],"class_list":{"0":"post-125661","1":"post","2":"type-post","3":"status-publish","4":"format-standard","5":"has-post-thumbnail","7":"category-julkkikset","8":"tag-celebrities","9":"tag-channing-tatum","10":"tag-entertainment","11":"tag-fi","12":"tag-finland","13":"tag-finnish","14":"tag-james-ransone","15":"tag-julkkikset","16":"tag-suomi","17":"tag-viihde"},"share_on_mastodon":{"url":"https:\/\/pubeurope.com\/@fi\/115781157734348638","error":""},"_links":{"self":[{"href":"https:\/\/www.europesays.com\/fi\/wp-json\/wp\/v2\/posts\/125661","targetHints":{"allow":["GET"]}}],"collection":[{"href":"https:\/\/www.europesays.com\/fi\/wp-json\/wp\/v2\/posts"}],"about":[{"href":"https:\/\/www.europesays.com\/fi\/wp-json\/wp\/v2\/types\/post"}],"author":[{"embeddable":true,"href":"https:\/\/www.europesays.com\/fi\/wp-json\/wp\/v2\/users\/2"}],"replies":[{"embeddable":true,"href":"https:\/\/www.europesays.com\/fi\/wp-json\/wp\/v2\/comments?post=125661"}],"version-history":[{"count":0,"href":"https:\/\/www.europesays.com\/fi\/wp-json\/wp\/v2\/posts\/125661\/revisions"}],"wp:featuredmedia":[{"embeddable":true,"href":"https:\/\/www.europesays.com\/fi\/wp-json\/wp\/v2\/media\/125662"}],"wp:attachment":[{"href":"https:\/\/www.europesays.com\/fi\/wp-json\/wp\/v2\/media?parent=125661"}],"wp:term":[{"taxonomy":"category","embeddable":true,"href":"https:\/\/www.europesays.com\/fi\/wp-json\/wp\/v2\/categories?post=125661"},{"taxonomy":"post_tag","embeddable":true,"href":"https:\/\/www.europesays.com\/fi\/wp-json\/wp\/v2\/tags?post=125661"}],"curies":[{"name":"wp","href":"https:\/\/api.w.org\/{rel}","templated":true}]}}