{"id":125663,"date":"2025-12-25T16:36:15","date_gmt":"2025-12-25T16:36:15","guid":{"rendered":"https:\/\/www.europesays.com\/fi\/125663\/"},"modified":"2025-12-25T16:36:15","modified_gmt":"2025-12-25T16:36:15","slug":"kimi-raikkosen-kiukuttelu-kulisseissa-sai-suositun-tv-ohjelman-tuottajan-suunniltaan","status":"publish","type":"post","link":"https:\/\/www.europesays.com\/fi\/125663\/","title":{"rendered":"Kimi R\u00e4ikk\u00f6sen kiukuttelu kulisseissa sai suositun tv-ohjelman tuottajan suunniltaan"},"content":{"rendered":"<p>Andy Wilman muisteli Kimi R\u00e4ikk\u00f6st\u00e4.<\/p>\n<p><img decoding=\"async\" class=\"image image-show image-preview\" src=\"https:\/\/www.europesays.com\/fi\/wp-content\/uploads\/2025\/12\/af62b710bd021fe23a43bbfa95b82051f44533e1a526fb6606035b193fe94702.jpg\" alt=\"\"\/><img decoding=\"async\" class=\"image image-show\" src=\"https:\/\/www.europesays.com\/fi\/wp-content\/uploads\/2025\/12\/1766680575_978_af62b710bd021fe23a43bbfa95b82051f44533e1a526fb6606035b193fe94702.jpg\" alt=\"\"\/><\/p>\n<p>Sateinen keli ja Honda eiv\u00e4t tainneet sytytt\u00e4\u00e4 Kimi R\u00e4ikk\u00f6st\u00e4. AOP<\/p>\n<p class=\"paragraph\">Suomalainen F1-legenda <strong>Kimi R\u00e4ikk\u00f6nen<\/strong> on j\u00e4tt\u00e4nyt l\u00e4htem\u00e4tt\u00f6m\u00e4n vaikutuksen lukuisiin F1-faneihin ja -vaikuttajiin sek\u00e4 lajin parissa ty\u00f6skenteleviin ymp\u00e4ri maailman.<\/p>\n<p class=\"paragraph\">Yksi heist\u00e4 on suositun Top Gear -ohjelman entinen tuottaja <strong>Andy Wilman<\/strong>, joka kertoi hykerrytt\u00e4v\u00e4n muiston R\u00e4ikk\u00f6sest\u00e4 <a href=\"https:\/\/www.youtube.com\/watch?v=gz24fqHaiuU\" rel=\"noopener nofollow\" target=\"_blank\">Midweek F1 -podcastissa<\/a>.<\/p>\n<p class=\"paragraph\">Suomalainen vieraili Wilmanin tuottaman suosikkiohjelman Star in a Reasonably Priced Car -osiossa, jossa ammattilaiskuljettajat ajavat tavallisilla autoilla aikaa vastaan.<\/p>\n<p class=\"paragraph\">Kun R\u00e4ikk\u00f6sen ajop\u00e4iv\u00e4 koitti, keli oli sateinen. H\u00e4nen ajamansa Suzuki Liana ei Wilmanin mukaan varsinaisesti liit\u00e4nyt radalla.<\/p>\n<p class=\"paragraph\">R\u00e4ikk\u00f6nen sai ajamisesta tarpeekseen, ilmoitti ajaneensa tarpeeksi, ajoi autonsa sivuun ja poistui omaan matkailuautoonsa.<\/p>\n<p class=\"paragraph\">Wilman seurasi per\u00e4ss\u00e4 ja yritti patistaa suomalaista takaisin radalle. Tuottaja tarvitsi F1-legendalta, joka oli tapahtuma-aikana palannut kuninkuusluokkaan Lotuksen kuljettajana, lis\u00e4\u00e4 kierroksia.<\/p>\n<p class=\"paragraph\">Wilman sanoi, ett\u00e4 olosuhteet ovat paranemaan p\u00e4in ja rata kuivumassa.<\/p>\n<p class=\"paragraph\">\u2013 Kimi, rata on kuivumassa. En voi paljastaa aikaasi, mutta se ei ollut kovin hyv\u00e4. Tied\u00e4mme, ett\u00e4 kykenet ajamaan tuota nopeammin, Wilman kertoi podcastissa ilmoittaneensa R\u00e4ikk\u00f6selle.<\/p>\n<p class=\"paragraph\">R\u00e4ikk\u00f6nen istui Wilmanin mukaan rete\u00e4sti nojatuolissaan ja vastasi t\u00e4lle tyylilleen lakonisesti.<\/p>\n<p class=\"paragraph\">\u2013 En pysty, R\u00e4ikk\u00f6nen totesi.<\/p>\n<p class=\"paragraph\">\u2013 Jos katsot ikkunasta ulos, n\u00e4et, ett\u00e4 rata on kuivumassa, Wilman jatkoi.<\/p>\n<p class=\"paragraph\">T\u00e4m\u00e4n j\u00e4lkeen R\u00e4ikk\u00f6nen olisi Wilmanin mukaan noussut sohvalta, katsonut ikkunasta ulos ja vastannut lyhyesti ja ytimekk\u00e4\u00e4sti.<\/p>\n<p class=\"paragraph\">\u2013 Ei ole.<\/p>\n<p class=\"paragraph\">Wilman kertoi podcastissa, ett\u00e4 R\u00e4ikk\u00f6sen v\u00e4linpit\u00e4m\u00e4tt\u00f6m\u00e4n suhtautumisen vuoksi h\u00e4n menetti hermonsa. Tuottaja kertoi pit\u00e4neens\u00e4 suomalaiselle kunnon puhuttelun.<\/p>\n<p class=\"paragraph\">Se toimi, ja R\u00e4ikk\u00f6nen palasi ajamaan muutaman kierroksen \u2013 vaisulla menestyksell\u00e4.<\/p>\n<p class=\"paragraph\">R\u00e4ikk\u00f6nen oli julkkiskuskeista vasta 12:nneksi nopein.<\/p>\n<p class=\"paragraph\">Wilman kertoi tarinaa hymyillen ja naureskellen, joten pahaa verta h\u00e4nen ja R\u00e4ikk\u00f6sen v\u00e4lille tuskin on j\u00e4\u00e4nyt.<\/p>\n","protected":false},"excerpt":{"rendered":"Andy Wilman muisteli Kimi R\u00e4ikk\u00f6st\u00e4. Sateinen keli ja Honda eiv\u00e4t tainneet sytytt\u00e4\u00e4 Kimi R\u00e4ikk\u00f6st\u00e4. AOP Suomalainen F1-legenda Kimi&hellip;\n","protected":false},"author":2,"featured_media":125664,"comment_status":"","ping_status":"","sticky":false,"template":"","format":"standard","meta":{"footnotes":""},"categories":[158],"tags":[35,648,2810,33,31,30,3437,83,159,32,128,160],"class_list":{"0":"post-125663","1":"post","2":"type-post","3":"status-publish","4":"format-standard","5":"has-post-thumbnail","7":"category-urheilu","8":"tag-24h","9":"tag-autot","10":"tag-autourheilu-ja-urheiluautot","11":"tag-fi","12":"tag-finland","13":"tag-finnish","14":"tag-formula-1","15":"tag-moottoriurheilu","16":"tag-sports","17":"tag-suomi","18":"tag-tieliikenne","19":"tag-urheilu"},"share_on_mastodon":{"url":"https:\/\/pubeurope.com\/@fi\/115781185743588362","error":""},"_links":{"self":[{"href":"https:\/\/www.europesays.com\/fi\/wp-json\/wp\/v2\/posts\/125663","targetHints":{"allow":["GET"]}}],"collection":[{"href":"https:\/\/www.europesays.com\/fi\/wp-json\/wp\/v2\/posts"}],"about":[{"href":"https:\/\/www.europesays.com\/fi\/wp-json\/wp\/v2\/types\/post"}],"author":[{"embeddable":true,"href":"https:\/\/www.europesays.com\/fi\/wp-json\/wp\/v2\/users\/2"}],"replies":[{"embeddable":true,"href":"https:\/\/www.europesays.com\/fi\/wp-json\/wp\/v2\/comments?post=125663"}],"version-history":[{"count":0,"href":"https:\/\/www.europesays.com\/fi\/wp-json\/wp\/v2\/posts\/125663\/revisions"}],"wp:featuredmedia":[{"embeddable":true,"href":"https:\/\/www.europesays.com\/fi\/wp-json\/wp\/v2\/media\/125664"}],"wp:attachment":[{"href":"https:\/\/www.europesays.com\/fi\/wp-json\/wp\/v2\/media?parent=125663"}],"wp:term":[{"taxonomy":"category","embeddable":true,"href":"https:\/\/www.europesays.com\/fi\/wp-json\/wp\/v2\/categories?post=125663"},{"taxonomy":"post_tag","embeddable":true,"href":"https:\/\/www.europesays.com\/fi\/wp-json\/wp\/v2\/tags?post=125663"}],"curies":[{"name":"wp","href":"https:\/\/api.w.org\/{rel}","templated":true}]}}