{"id":125668,"date":"2025-12-25T16:41:12","date_gmt":"2025-12-25T16:41:12","guid":{"rendered":"https:\/\/www.europesays.com\/fi\/125668\/"},"modified":"2025-12-25T16:41:12","modified_gmt":"2025-12-25T16:41:12","slug":"venajan-tiedustelukone-itamerella-mtv-uutiset","status":"publish","type":"post","link":"https:\/\/www.europesays.com\/fi\/125668\/","title":{"rendered":"Ven\u00e4j\u00e4n tiedustelukone It\u00e4merell\u00e4 | MTV Uutiset"},"content":{"rendered":"<p><strong class=\"typography-bold\">Ven\u00e4j\u00e4n lentokone ei loukannut Puolan ilmatilaa.<\/strong><\/p>\n<p>Puolan ilmavoimien h\u00e4vitt\u00e4j\u00e4t ovat saattaneet ven\u00e4l\u00e4ist\u00e4 tiedustelukonetta It\u00e4merell\u00e4 jouluaamuna.<\/p>\n<p>Asiasta kertoo Puolan asevoimat <a class=\"underline\" data-testid=\"external-link\" href=\"https:\/\/x.com\/DowOperSZ\/status\/2004126951024292056\" rel=\"noopener noreferrer nofollow\" target=\"_blank\" data-sentry-component=\"ExternalLink\" data-sentry-source-file=\"ExternalLink.tsx\">viestipalvelu X<\/a>:ss\u00e4.<\/p>\n<p>Ven\u00e4j\u00e4n tiedustelukone lensi l\u00e4hell\u00e4 Puolan ilmatilaa. Ven\u00e4j\u00e4n koneen ei kerrottu loukanneen Puolan ilmatilaa.<\/p>\n<p>Puola my\u00f6s sanoo lent\u00e4vien esineiden tunkeutuneen Puolan ilmatilaan Valko-Ven\u00e4j\u00e4n suunnasta.<\/p>\n<p>Lent\u00e4v\u00e4t esineet olivat todenn\u00e4k\u00f6isesti salakuljettajien ilmapalloja, joista on <a class=\"underline\" data-testid=\"external-link\" href=\"https:\/\/www.mtvuutiset.fi\/artikkeli\/vilnan-ilmapallot-viittaavat-venajaan-kaksi-selitysta-molemmat-huonoja\/9246270\" rel=\"noopener noreferrer nofollow\" data-sentry-component=\"ExternalLink\" data-sentry-source-file=\"ExternalLink.tsx\" target=\"_blank\">uutisoitu<\/a> pitkin kuluvaa vuotta.<\/p>\n<p>Aiemmin t\u00e4n\u00e4\u00e4n uutisoitiin Ven\u00e4j\u00e4n sanoneen, ett\u00e4 ulkomaiset h\u00e4vitt\u00e4j\u00e4t valvoivat Barentsinmerell\u00e4 ja Norjanmerell\u00e4 lent\u00e4neit\u00e4 Ven\u00e4j\u00e4n pitk\u00e4n kantaman strategisia Tu-95-pommikoneita.\u00a0<\/p>\n<p><strong class=\"typography-bold\">Useita ilmatilaloukkauksia<\/strong><\/p>\n<p>Ven\u00e4j\u00e4 on Ukrainaan helmikuussa 2022 aloittamansa suurhy\u00f6kk\u00e4yksen aikana loukannut useiden valtioiden ilmatilaa. Vakavin tapaus sattui syyskuussa Puolassa, jolloin puolustusliitto Naton koneet ampuivat alas ven\u00e4l\u00e4isi\u00e4 drooneja.<\/p>\n<p>Syyskuussa Ven\u00e4j\u00e4n h\u00e4vitt\u00e4j\u00e4t my\u00f6s loukkasivat Viron ilmatilaa 12 minuutin ajan. Toukokuussa Ven\u00e4j\u00e4n sotilaslentokoneet loukkasivat Suomen ilmatilaa kahden minuutin ajan.<\/p>\n<p>Aiemmin t\u00e4ss\u00e4 kuussa Etel\u00e4-Korea ja Japani arvostelivat l\u00e4hell\u00e4 niiden alueita tehtyj\u00e4 Ven\u00e4j\u00e4n ja Kiinan sotilaskonelentoja. My\u00f6s tuolloin paikalle l\u00e4hetettiin h\u00e4vitt\u00e4ji\u00e4.<\/p>\n<p>Japanin mukaan kaksi ven\u00e4l\u00e4ist\u00e4 pommikonetta lensi Japaninmerelt\u00e4 kohtaamaan kaksi kiinalaista pommikonetta It\u00e4-Kiinan merell\u00e4. Sen j\u00e4lkeen koneet lensiv\u00e4t yhdess\u00e4 maan ymp\u00e4ri.<\/p>\n<p><strong class=\"typography-bold\">Lue my\u00f6s: <\/strong><a class=\"cursor-pointer underline\" data-testid=\"internal-link\" role=\"link\" data-sentry-element=\"Link\" data-sentry-component=\"InternalLink\" data-sentry-source-file=\"InternalLink.tsx\" href=\"https:\/\/www.mtvuutiset.fi\/artikkeli\/venaja-ulkomaiset-havittajat-saattaneet-venalaisia-pommikoneita\/9274800\" rel=\"nofollow noopener\" target=\"_blank\"><strong class=\"typography-bold\">Ven\u00e4j\u00e4: Ulkomaiset h\u00e4vitt\u00e4j\u00e4t saattaneet ven\u00e4l\u00e4isi\u00e4 pommikoneita<\/strong><\/a><\/p>\n","protected":false},"excerpt":{"rendered":"Ven\u00e4j\u00e4n lentokone ei loukannut Puolan ilmatilaa. Puolan ilmavoimien h\u00e4vitt\u00e4j\u00e4t ovat saattaneet ven\u00e4l\u00e4ist\u00e4 tiedustelukonetta It\u00e4merell\u00e4 jouluaamuna. Asiasta kertoo Puolan&hellip;\n","protected":false},"author":2,"featured_media":125669,"comment_status":"","ping_status":"","sticky":false,"template":"","format":"standard","meta":{"footnotes":""},"categories":[14],"tags":[22,23,26,27,33,31,30,17,24,25,28,29,15,18,21,32,19,20,56,16,59,60,61],"class_list":{"0":"post-125668","1":"post","2":"type-post","3":"status-publish","4":"format-standard","5":"has-post-thumbnail","7":"category-ulkomaat","8":"tag-breaking-news","9":"tag-breakingnews","10":"tag-featured-news","11":"tag-featurednews","12":"tag-fi","13":"tag-finland","14":"tag-finnish","15":"tag-headlines","16":"tag-latest-news","17":"tag-latestnews","18":"tag-main-news","19":"tag-mainnews","20":"tag-news","21":"tag-otsikot","22":"tag-paauutiset","23":"tag-suomi","24":"tag-top-stories","25":"tag-topstories","26":"tag-ulkomaat","27":"tag-uutiset","28":"tag-world","29":"tag-world-news","30":"tag-worldnews"},"share_on_mastodon":{"url":"https:\/\/pubeurope.com\/@fi\/115781205132676920","error":""},"_links":{"self":[{"href":"https:\/\/www.europesays.com\/fi\/wp-json\/wp\/v2\/posts\/125668","targetHints":{"allow":["GET"]}}],"collection":[{"href":"https:\/\/www.europesays.com\/fi\/wp-json\/wp\/v2\/posts"}],"about":[{"href":"https:\/\/www.europesays.com\/fi\/wp-json\/wp\/v2\/types\/post"}],"author":[{"embeddable":true,"href":"https:\/\/www.europesays.com\/fi\/wp-json\/wp\/v2\/users\/2"}],"replies":[{"embeddable":true,"href":"https:\/\/www.europesays.com\/fi\/wp-json\/wp\/v2\/comments?post=125668"}],"version-history":[{"count":0,"href":"https:\/\/www.europesays.com\/fi\/wp-json\/wp\/v2\/posts\/125668\/revisions"}],"wp:featuredmedia":[{"embeddable":true,"href":"https:\/\/www.europesays.com\/fi\/wp-json\/wp\/v2\/media\/125669"}],"wp:attachment":[{"href":"https:\/\/www.europesays.com\/fi\/wp-json\/wp\/v2\/media?parent=125668"}],"wp:term":[{"taxonomy":"category","embeddable":true,"href":"https:\/\/www.europesays.com\/fi\/wp-json\/wp\/v2\/categories?post=125668"},{"taxonomy":"post_tag","embeddable":true,"href":"https:\/\/www.europesays.com\/fi\/wp-json\/wp\/v2\/tags?post=125668"}],"curies":[{"name":"wp","href":"https:\/\/api.w.org\/{rel}","templated":true}]}}