{"id":125674,"date":"2025-12-25T16:55:19","date_gmt":"2025-12-25T16:55:19","guid":{"rendered":"https:\/\/www.europesays.com\/fi\/125674\/"},"modified":"2025-12-25T16:55:19","modified_gmt":"2025-12-25T16:55:19","slug":"leskeksi-jaaneen-jorma-pulkkisen-ensimmainen-joulu-ilman-anna-liisaa-on-haikea-en-halua-jaada-tanne-muistojen-keskelle","status":"publish","type":"post","link":"https:\/\/www.europesays.com\/fi\/125674\/","title":{"rendered":"Leskeksi j\u00e4\u00e4neen Jorma Pulkkisen ensimm\u00e4inen joulu ilman Anna-Liisaa on haikea \u2013 \u201dEn halua j\u00e4\u00e4d\u00e4 t\u00e4nne muistojen keskelle\u201d"},"content":{"rendered":"<p><img decoding=\"async\" class=\"image image-show image-preview\" src=\"https:\/\/www.europesays.com\/fi\/wp-content\/uploads\/2025\/12\/20bcd993ca25b091367d1883857af3018778d88191136d112833534b906d5aa9.jpg\" alt=\"\"\/><img decoding=\"async\" class=\"image image-show\" src=\"https:\/\/www.europesays.com\/fi\/wp-content\/uploads\/2025\/12\/1766681719_642_20bcd993ca25b091367d1883857af3018778d88191136d112833534b906d5aa9.jpg\" alt=\"\"\/><\/p>\n<p>Jorma Pulkkisen vaimo Anna-Liisa kuoli lokakuussa. Anna Jousilahti<\/p>\n<p class=\"paragraph\">Leskeksi j\u00e4\u00e4nyt juontaja <a href=\"https:\/\/www.iltalehti.fi\/henkilot\/Jorma Pulkkinen\" class=\"article-link-person-page\" rel=\"nofollow noopener\" target=\"_blank\">Jorma Pulkkinen<\/a> kertoo <a href=\"https:\/\/www.is.fi\/viihde\/art-2000011682669.html\" target=\"_blank\" rel=\"noopener nofollow\">Ilta-Sanomille<\/a> ensimm\u00e4isest\u00e4 joulustaan ilman vaimoaan <strong>Anna-Liisaa<\/strong>.<\/p>\n<p class=\"paragraph\">Anna-Liisa Pulkkinen kuoli lokakuun alussa hoitokodissa sairastettuaan pitk\u00e4\u00e4n Parkinsonin tautia.<\/p>\n<p class=\"paragraph\">T\u00e4n\u00e4 vuonna joulu on Jormalle aiempaa surullisempi ja haikeampi. Tyhj\u00e4 vuode ja koti, jossa pariskunta asui yhdess\u00e4 20 vuotta, muistuttavat menetyksest\u00e4.<\/p>\n<p class=\"paragraph\">\u2013 Kaikkein parhaiten muistuvat mieleen menneet, kun tulee jouluaatto ja huomaan jouluaattoaamuna, ettei t\u00e4\u00e4ll\u00e4 ole ket\u00e4\u00e4n. Muistelen joululounasta, kun olimme t\u00e4\u00e4ll\u00e4 koko perhe, h\u00e4n kertoo.<\/p>\n<p class=\"paragraph\">Pulkkinen toimi vaimonsa omaishoitajana kuuden vuoden ajan. Anna-Liisa muutti hoitokotiin nelj\u00e4 kuukautta ennen kuolemaansa.<\/p>\n<p class=\"paragraph\">Anna-Liisa oli ennen sairastumistaan suuri jouluihminen. Joulut vietettiin usein sukulaisten luona, ja h\u00e4n teki vuosittain perinteiset joululaatikot, mutta sairauden edetess\u00e4 perinteet hiipuivat.<\/p>\n<p class=\"paragraph\">T\u00e4n\u00e4 vuonna perheen miehet viett\u00e4v\u00e4t yhdess\u00e4 \u201dkolmen poikamiehen\u201d joulua. Molemmat Jorman pojat ovat eronneet.<\/p>\n<p class=\"paragraph\">Anna-Liisa ja Jorma olivat yhdess\u00e4 l\u00e4hes 70 vuotta. Jouluna is\u00e4 ja pojat k\u00e4yv\u00e4t l\u00e4pi vanhoja valokuvia ja kellarin tavaroita, sill\u00e4 Jorma suunnittelee muuttoa.<\/p>\n<p class=\"paragraph\">\u2013 Haluan muuttaa, sill\u00e4 en halua j\u00e4\u00e4d\u00e4 t\u00e4nne muistojen keskelle.<\/p>\n<p>Anna-Liisa ja Jorma Pulkkinen eliv\u00e4t yhdess\u00e4 70 vuotta. JORMA PULKKISEN KOTIALBUMI<\/p>\n<p class=\"paragraph\">Jorma Pulkkisen edesmennyt Anna-Liisa-vaimo siunattiin marraskuussa ja vainajan tuhkat sirotellaan h\u00e4nen omasta toivomuksestaan mereen. Pulkkiset olivat yhdess\u00e4 70 vuotta, aviossa 64 vuotta.<\/p>\n<p class=\"paragraph\">\u2013 Rakkaani tuhkat sirotellaan Suomenlinnan l\u00e4hist\u00f6lle. Meit\u00e4 on kymmenkunta l\u00e4heist\u00e4 toivottamassa hyv\u00e4\u00e4 matkaa. J\u00e4rjestin oikein turistipaatin, joka toimii kes\u00e4isin liikenteess\u00e4. Ik\u00e4v\u00e4 on kova, ik\u00e4v\u00f6in Anna-Liisaa joka p\u00e4iv\u00e4, Jorma kertoi marraskuussa Iltalehdelle.<\/p>\n<p class=\"paragraph\">\u2013 Loppuun asti k\u00e4vin h\u00e4nen vierell\u00e4\u00e4n parikin kertaa p\u00e4iv\u00e4ss\u00e4, mutta en ollut l\u00e4hd\u00f6n hetkell\u00e4 pit\u00e4m\u00e4ss\u00e4 k\u00e4dest\u00e4 kiinni. N\u00e4in h\u00e4net illalla ja vaimoni kuoli aamuy\u00f6ll\u00e4. H\u00e4n sanoi viimeisiksi sanoikseen minulle, ett\u00e4 &#8221;miksi mulle k\u00e4vi n\u00e4in ja haluan kotiin &#8221;, ne lauseet muistan, Jorma muisteli.<\/p>\n","protected":false},"excerpt":{"rendered":"Jorma Pulkkisen vaimo Anna-Liisa kuoli lokakuussa. Anna Jousilahti Leskeksi j\u00e4\u00e4nyt juontaja Jorma Pulkkinen kertoo Ilta-Sanomille ensimm\u00e4isest\u00e4 joulustaan ilman&hellip;\n","protected":false},"author":2,"featured_media":125675,"comment_status":"","ping_status":"","sticky":false,"template":"","format":"standard","meta":{"footnotes":""},"categories":[136],"tags":[35,407,137,33,31,30,101,3674,408,99,100,98,32,109],"class_list":{"0":"post-125674","1":"post","2":"type-post","3":"status-publish","4":"format-standard","5":"has-post-thumbnail","7":"category-julkkikset","8":"tag-24h","9":"tag-celebrities","10":"tag-entertainment","11":"tag-fi","12":"tag-finland","13":"tag-finnish","14":"tag-ihmissuhteet","15":"tag-juhla-ja-vapaapaivat","16":"tag-julkkikset","17":"tag-lapset","18":"tag-lapset-ja-nuoret","19":"tag-perhe","20":"tag-suomi","21":"tag-viihde"},"share_on_mastodon":{"url":"https:\/\/pubeurope.com\/@fi\/115781260180409941","error":""},"_links":{"self":[{"href":"https:\/\/www.europesays.com\/fi\/wp-json\/wp\/v2\/posts\/125674","targetHints":{"allow":["GET"]}}],"collection":[{"href":"https:\/\/www.europesays.com\/fi\/wp-json\/wp\/v2\/posts"}],"about":[{"href":"https:\/\/www.europesays.com\/fi\/wp-json\/wp\/v2\/types\/post"}],"author":[{"embeddable":true,"href":"https:\/\/www.europesays.com\/fi\/wp-json\/wp\/v2\/users\/2"}],"replies":[{"embeddable":true,"href":"https:\/\/www.europesays.com\/fi\/wp-json\/wp\/v2\/comments?post=125674"}],"version-history":[{"count":0,"href":"https:\/\/www.europesays.com\/fi\/wp-json\/wp\/v2\/posts\/125674\/revisions"}],"wp:featuredmedia":[{"embeddable":true,"href":"https:\/\/www.europesays.com\/fi\/wp-json\/wp\/v2\/media\/125675"}],"wp:attachment":[{"href":"https:\/\/www.europesays.com\/fi\/wp-json\/wp\/v2\/media?parent=125674"}],"wp:term":[{"taxonomy":"category","embeddable":true,"href":"https:\/\/www.europesays.com\/fi\/wp-json\/wp\/v2\/categories?post=125674"},{"taxonomy":"post_tag","embeddable":true,"href":"https:\/\/www.europesays.com\/fi\/wp-json\/wp\/v2\/tags?post=125674"}],"curies":[{"name":"wp","href":"https:\/\/api.w.org\/{rel}","templated":true}]}}