{"id":125676,"date":"2025-12-25T17:02:09","date_gmt":"2025-12-25T17:02:09","guid":{"rendered":"https:\/\/www.europesays.com\/fi\/125676\/"},"modified":"2025-12-25T17:02:09","modified_gmt":"2025-12-25T17:02:09","slug":"luukas-vaananen-voitti-keilailun-maailmanmestaruuden","status":"publish","type":"post","link":"https:\/\/www.europesays.com\/fi\/125676\/","title":{"rendered":"Luukas V\u00e4\u00e4n\u00e4nen voitti keilailun maailmanmestaruuden"},"content":{"rendered":"<p><strong class=\"typography-bold\">Luukas V\u00e4\u00e4n\u00e4nen seuraa valmentaja-mentorinsa Mika Koivuniemen j\u00e4lki\u00e4 tarunhohtoiselle Pohjois-Amerikan ammattilaiskiertueelle.<\/strong><\/p>\n<p>Joulu on ollut keilailun maailmanmestarille <strong class=\"typography-bold\">Luukas V\u00e4\u00e4n\u00e4selle <\/strong>rauhoittumisen aikaa. Vaikka keilamestarilla on ik\u00e4\u00e4 vasta 20 vuotta, heng\u00e4hdystauko on tullut nuorelle miehellekin tarpeeseen.<\/p>\n<p>V\u00e4\u00e4n\u00e4sell\u00e4 on ollut marraskuun lopussa hellinneen miesten maailmanmestaruuden j\u00e4lkeen vienti\u00e4. Viimeksi kotikaupunki Joensuu j\u00e4rjesti kultapojalleen juhlat pari viikkoa sitten.<\/p>\n<p>\u2013\u2009Lis\u00e4ksi medialta on tullut paljon haastattelupyynt\u00f6j\u00e4. Aika kiireist\u00e4 on ollut, V\u00e4\u00e4n\u00e4nen huokaa.<\/p>\n<p><strong class=\"typography-bold\">Lajilegendan neuvot auttoivat<\/strong><\/p>\n<p>V\u00e4\u00e4n\u00e4nen on lunastanut lupauksensa lajissa tuloksellisesti t\u00e4n\u00e4 vuonna. Ennen MM-t\u00e4ysosumaa kehityksest\u00e4 kieliv\u00e4t Tanskassa heitetty aikuisten EM-pronssi ja nuorten maailmancupin kolmas sija.<\/p>\n<p>V\u00e4\u00e4n\u00e4sell\u00e4 on ollut vaikeampaakin. Silloin h\u00e4nelle on ollut suureksi avuksi yhteisty\u00f6 lajilegenda <strong class=\"typography-bold\">Mika Koivuniemen<\/strong> kanssa.<\/p>\n<p>Maailmanmestaruuden vuonna 1991 voittanut ja ammattilaisena Pohjois-Amerikan tarunhohtoisella PBA-kiertueella kolme arvoturnausta voittanut Koivuniemi on mentoroinut V\u00e4\u00e4n\u00e4st\u00e4 pari vuotta.<\/p>\n<p>\u2013\u2009Tapasin Luukaksen ensi kerran nelisen vuotta sitten. Kiinnitin huomiota lahjakkuuteen, Yhdysvalloissa asuva, Michiganista tavoitettu Koivuniemi sanoo.<\/p>\n<p>V\u00e4\u00e4n\u00e4sen heitto ei h\u00e4nen omien sanojensa mukaan kulkenut syys-lokakuussa.<\/p>\n<p>\u2013\u2009Mikalta tuli lohduttavaa palautetta, etten ollut pelannut sin\u00e4ll\u00e4\u00e4n huonosti, vaan ett\u00e4 tulokset eiv\u00e4t vain olleet hyvi\u00e4. Keskityin enemm\u00e4n harjoitteluun, V\u00e4\u00e4n\u00e4nen muistelee.<\/p>\n<p><strong class=\"typography-bold\">MM-kisoissa p\u00e4\u00e4tyyn saakka<\/strong><\/p>\n<p>Koivuniemi n\u00e4kee muun muassa Osku Palermaan tavoin kahden k\u00e4den tekniikalla keilaavassa V\u00e4\u00e4n\u00e4sess\u00e4 itsens\u00e4 nuorempana vuosikymmeni\u00e4 sitten.<\/p>\n<p>\u2013\u2009Luukaksella on voittamisen halu, samanlainen ajattelutapa kuin minulla. Puhun h\u00e4nelle asioista, joita olisin kokeneemman laji-ihmisen suusta halunnut nuorempana kuulla, Koivuniemi kuvailee.<\/p>\n<p>Maailmanmestaruus l\u00f6i lahjakkaaksi tiedetyn V\u00e4\u00e4n\u00e4senkin \u00e4llik\u00e4ll\u00e4. H\u00e4n ei olisi villeimmill\u00e4\u00e4nk\u00e4\u00e4n uskaltanut unelmoida, ett\u00e4 MM-kisat huipentuvat single-finaaleihin niin ik\u00e4\u00e4n pohjoiskarjalaisen seurakaverin <strong class=\"typography-bold\">Tomas K\u00e4yhk\u00f6n<\/strong> kanssa.<\/p>\n<p>\u2013\u2009Alun perin tavoitteeni oli ylt\u00e4\u00e4 32 parhaan joukkoon eli ensimm\u00e4iseen finaalivaiheeseen. Pelit l\u00e4htiv\u00e4t sujumaan niin rennosti, ett\u00e4 mentiin MM-kisoissa p\u00e4\u00e4tyyn saakka.<\/p>\n<p><img alt=\"LK2512 Luukas V\u00e4\u00e4n\u00e4nen\" data-testid=\"crops-image\" class=\"h-full w-full object-cover transition duration-700 ease-in-out hover:scale-[1.05]\" fetchpriority=\"low\" loading=\"lazy\" width=\"1024\" height=\"576\" decoding=\"async\" style=\"color:transparent;background-size:cover;background-position:50% 50%;background-repeat:no-repeat;background-image:url(&quot;data:image\/svg+xml;base64,Cjxzdmcgd2lkdGg9IjEwMjQiIGhlaWdodD0iNTc2IiB2ZXJzaW9uPSIxLjEiIHhtbG5zPSJodHRwOi8vd3d3LnczLm9yZy8yMDAwL3N2ZyIgeG1sbnM6eGxpbms9Imh0dHA6Ly93d3cudzMub3JnLzE5OTkveGxpbmsiPgogIDxkZWZzPgogICAgPGxpbmVhckdyYWRpZW50IGlkPSJnIj4KICAgICAgPHN0b3Agc3RvcC1jb2xvcj0iIzBCMTgyMyIgb2Zmc2V0PSIyMCUiIC8+CiAgICAgIDxzdG9wIHN0b3AtY29sb3I9IiMxQTI3MzIiIG9mZnNldD0iNTAlIiAvPgogICAgICA8c3RvcCBzdG9wLWNvbG9yPSIjMEIxODIzIiBvZmZzZXQ9IjcwJSIgLz4KICAgIDwvbGluZWFyR3JhZGllbnQ+CiAgPC9kZWZzPgogIDxyZWN0IHdpZHRoPSIxMDI0IiBoZWlnaHQ9IjU3NiIgZmlsbD0iIzBCMTgyMyIgLz4KICA8cmVjdCBpZD0iciIgd2lkdGg9IjEwMjQiIGhlaWdodD0iNTc2IiBmaWxsPSJ1cmwoI2cpIiAvPgogIDxhbmltYXRlIHhsaW5rOmhyZWY9IiNyIiBhdHRyaWJ1dGVOYW1lPSJ4IiBmcm9tPSItMTAyNCIgdG89IjEwMjQiIGR1cj0iMXMiIHJlcGVhdENvdW50PSJpbmRlZmluaXRlIiAgLz4KPC9zdmc+&quot;)\" src=\"https:\/\/www.europesays.com\/fi\/wp-content\/uploads\/2025\/12\/1766682129_640_image\"\/><\/p>\n<p><strong class=\"typography-bold\">PBA-kiertue suunnitelmissa\u00a0<\/strong><\/p>\n<p>V\u00e4\u00e4n\u00e4nen aikoo seurata valmentajansa Koivuniemen esimerkki\u00e4 ja suunnata l\u00e4hivuosina Pohjois-Amerikan PBA-kietueelle. H\u00e4n ottaa mahtikiertueen kisoihin tuntumaa jo ensi kev\u00e4\u00e4n\u00e4.<\/p>\n<p>\u2013\u2009Joulun j\u00e4lkeen k\u00e4yn vuoden alussa pelaamassa Tukholmassa, ja sen j\u00e4lkeen ohjelmassa on Helsingiss\u00e4 perinteinen Ballmasters-turnaus, jossa olin viime vuonna nelj\u00e4s, tammikuussa 21 vuotta t\u00e4ytt\u00e4v\u00e4 V\u00e4\u00e4n\u00e4nen kertoo.<\/p>\n<p>Lajissa kaiken n\u00e4hnyt Koivuniemi n\u00e4kee suojattinsa tulevaisuuden valoisana.<\/p>\n<p>\u2013\u2009Kun voittaa maailmanmestaruuden kaksikymppisen\u00e4, on kyse erityislahjakkuudesta. Luukaksen pit\u00e4\u00e4 edelleen kehitt\u00e4\u00e4 taitojaan, mutta esimerkiksi pallon py\u00f6ritt\u00e4misess\u00e4 sopivalla kierteell\u00e4 h\u00e4n on edistynyt, Koivuniemi kehuu.<\/p>\n<p><strong class=\"typography-bold\">Lue my\u00f6s: <\/strong><a class=\"cursor-pointer underline\" data-testid=\"internal-link\" role=\"link\" data-sentry-element=\"Link\" data-sentry-component=\"InternalLink\" data-sentry-source-file=\"InternalLink.tsx\" href=\"https:\/\/www.mtvuutiset.fi\/artikkeli\/kaksi-mm-kultaa-suomeen-sinivalkoinen-finaali-ratkaisi-toisen\/9261990\" rel=\"nofollow noopener\" target=\"_blank\"><strong class=\"typography-bold\">Kaksi MM-kultaa Suomeen! Sinivalkoinen finaali ratkaisi toisen<\/strong><\/a><strong class=\"typography-bold\">Lis\u00e4arvostus ei pahitteeksi<\/strong><\/p>\n<p>Suomalaisten keilaajien saalis Hongkongin MM-kisoissa oli viisi kultamitalia ja yksi hopea. Se on kaikkien aikojen suomalaismenestys MM-radoilla.<\/p>\n<p>Henkil\u00f6kohtaisen naisten maailmanmestaruuden lis\u00e4ksi huimat kolme MM-kultaa voittanut <strong class=\"typography-bold\">Essi Pakarinen<\/strong> on ehdolla Vuoden urheilijaksi.<\/p>\n<p>\u2013\u2009Joskus toivoisi suomalaisessa mediassa keilailulle enemm\u00e4n arvostusta. T\u00e4m\u00e4 on maailmanlaajuinen, vaativa taitolaji, Keilailuliiton toiminnanjohtaja <strong class=\"typography-bold\">Sami J\u00e4rvil\u00e4<\/strong> huomauttaa.<\/p>\n","protected":false},"excerpt":{"rendered":"Luukas V\u00e4\u00e4n\u00e4nen seuraa valmentaja-mentorinsa Mika Koivuniemen j\u00e4lki\u00e4 tarunhohtoiselle Pohjois-Amerikan ammattilaiskiertueelle. Joulu on ollut keilailun maailmanmestarille Luukas V\u00e4\u00e4n\u00e4selle rauhoittumisen&hellip;\n","protected":false},"author":2,"featured_media":125677,"comment_status":"","ping_status":"","sticky":false,"template":"","format":"standard","meta":{"footnotes":""},"categories":[158],"tags":[33,31,30,159,32,160],"class_list":{"0":"post-125676","1":"post","2":"type-post","3":"status-publish","4":"format-standard","5":"has-post-thumbnail","7":"category-urheilu","8":"tag-fi","9":"tag-finland","10":"tag-finnish","11":"tag-sports","12":"tag-suomi","13":"tag-urheilu"},"share_on_mastodon":{"url":"https:\/\/pubeurope.com\/@fi\/115781287908198242","error":""},"_links":{"self":[{"href":"https:\/\/www.europesays.com\/fi\/wp-json\/wp\/v2\/posts\/125676","targetHints":{"allow":["GET"]}}],"collection":[{"href":"https:\/\/www.europesays.com\/fi\/wp-json\/wp\/v2\/posts"}],"about":[{"href":"https:\/\/www.europesays.com\/fi\/wp-json\/wp\/v2\/types\/post"}],"author":[{"embeddable":true,"href":"https:\/\/www.europesays.com\/fi\/wp-json\/wp\/v2\/users\/2"}],"replies":[{"embeddable":true,"href":"https:\/\/www.europesays.com\/fi\/wp-json\/wp\/v2\/comments?post=125676"}],"version-history":[{"count":0,"href":"https:\/\/www.europesays.com\/fi\/wp-json\/wp\/v2\/posts\/125676\/revisions"}],"wp:featuredmedia":[{"embeddable":true,"href":"https:\/\/www.europesays.com\/fi\/wp-json\/wp\/v2\/media\/125677"}],"wp:attachment":[{"href":"https:\/\/www.europesays.com\/fi\/wp-json\/wp\/v2\/media?parent=125676"}],"wp:term":[{"taxonomy":"category","embeddable":true,"href":"https:\/\/www.europesays.com\/fi\/wp-json\/wp\/v2\/categories?post=125676"},{"taxonomy":"post_tag","embeddable":true,"href":"https:\/\/www.europesays.com\/fi\/wp-json\/wp\/v2\/tags?post=125676"}],"curies":[{"name":"wp","href":"https:\/\/api.w.org\/{rel}","templated":true}]}}