{"id":125678,"date":"2025-12-25T17:03:08","date_gmt":"2025-12-25T17:03:08","guid":{"rendered":"https:\/\/www.europesays.com\/fi\/125678\/"},"modified":"2025-12-25T17:03:08","modified_gmt":"2025-12-25T17:03:08","slug":"netflixin-hittisarja-stranger-things-paattyy-yhdeksan-vuoden-jalkeen","status":"publish","type":"post","link":"https:\/\/www.europesays.com\/fi\/125678\/","title":{"rendered":"Netflixin hittisarja Stranger Things p\u00e4\u00e4ttyy yhdeks\u00e4n vuoden j\u00e4lkeen"},"content":{"rendered":"<p>Kolumni|Vuonna 2016 alkanut nostalgiasarja on ollut Netflixin suosituimpia. Viimeinen kausi lupaa hyv\u00e4\u00e4 lopetusta yhdelle aikansa tv-ilmi\u00f6lle.<\/p>\n<p>Lue tiivistelm\u00e4<\/p>\n<p class=\"article-body mb-nof-24 px-nof-16 sndp-summary-bullet-point-font\">Stranger Thingsin viimeinen kausi lupaa hyv\u00e4\u00e4 lopetusta, kirjoittaa toimittaja Jussi Ahlroth.<\/p>\n<p class=\"article-body mb-nof-24 px-nof-16 sndp-summary-bullet-point-font\">Ensimm\u00e4inen kausi on edelleen paras, koska se on selke\u00e4 ja tiiviisti kerrottu tarina.<\/p>\n<p class=\"article-body mb-nof-24 px-nof-16 sndp-summary-bullet-point-font\">Sarjan suosio perustuu p\u00e4\u00e4henkil\u00f6porukan vetovoimaan.<\/p>\n<p class=\"article-body mb-nof-24 px-nof-16 sndp-summary-bullet-point-font\">Viides kausi on luvannut hyv\u00e4\u00e4 lopetusta, Ahlroth kirjoittaa.<\/p>\n<p class=\"article-body mb-nof-24 px-nof-16\">Yksi viime vuosien isoimmista tv-ilmi\u00f6ist\u00e4 on loppumassa. Stranger Thingsin viimeisest\u00e4 kaudesta n\u00e4htiin puolet marraskuun lopussa ja puolet on viel\u00e4 tulossa. Kolme jaksoa ilmestyy varhain tapaninp\u00e4iv\u00e4n\u00e4 ja koko sarjan finaali uudenvuoden p\u00e4iv\u00e4n\u00e4.<\/p>\n<p class=\"article-body mb-nof-24 px-nof-16\">Katsoin kaikki sarjan menneet jaksot uudestaan ennen viidennen alkua. Milt\u00e4 katsojaenn\u00e4tyksi\u00e4 rikkonut sarja nyt n\u00e4ytt\u00e4\u00e4?<\/p>\n<p class=\"article-body mb-nof-24 px-nof-16\">Tyls\u00e4\u00e4, mutta joudun sanomaan, ett\u00e4 melkein kymmenen vuotta sitten ilmestynyt ensimm\u00e4inen kausi on edelleen paras. Se on kausista ehyin kokonaisuus, selke\u00e4 ja tiiviisti kerrottu tarina.<\/p>\n<p class=\"article-body mb-nof-24 px-nof-16\">Dufferin veljeksin\u00e4 tunnettujen tekij\u00f6iden, vuonna 1984 syntyneiden identtisten kaksosten <a class=\"article-personlink\" href=\"https:\/\/www.hs.fi\/haku\/?query=Matt\" rel=\"nofollow noopener\" target=\"_blank\">Matt <\/a>ja <a class=\"article-personlink\" href=\"https:\/\/www.hs.fi\/haku\/?query=Ross%20Dufferin\" rel=\"nofollow noopener\" target=\"_blank\">Ross Dufferin<\/a> sarja oli alusta asti erikoinen yhdistelm\u00e4. Sen jokainen kuva valui nostalgista rakkautta <a class=\"article-personlink\" href=\"https:\/\/www.hs.fi\/haku\/?query=Stephen%20Kingille\" rel=\"nofollow noopener\" target=\"_blank\">Stephen Kingille<\/a>,<a class=\"article-personlink\" href=\"https:\/\/www.hs.fi\/haku\/?query=%20Steven%20Spielbergille\" rel=\"nofollow noopener\" target=\"_blank\"> Steven Spielbergille<\/a> ja muulle 1980-luvun viihteelle. Silti se tuntui tuoreelta.<\/p>\n<p class=\"article-body mb-nof-24 px-nof-16\">Stranger Thingsist\u00e4 tuli nopeasti kulttisuosikki. Katsojalukujen kasvaessa sille kuitenkin k\u00e4vi niin kuin monelle menestyssarjalle. Kausi kaudelta se paisui ja fokus v\u00e4h\u00e4n hukkui kaiken maailman Ven\u00e4j\u00e4n seikkailuihin. Viihdytt\u00e4v\u00e4\u00e4 touhu on silti ollut.<\/p>\n<p class=\"article-body mb-nof-24 px-nof-16\">Uusia jaksoja on saatu odottaa turhan pitk\u00e4\u00e4n. Tuotantosykli hidastui sit\u00e4 mukaa, kun tehostebudjetti kasvoi. Alun lapsin\u00e4yttelij\u00e4t ovat jo nuoria aikuisia.<\/p>\n<p class=\"article-body mb-nof-24 px-nof-16\">Viimeiseen kauteen kohdistuu valtavia odotuksia. Tekij\u00e4t ovatkin isoja nimi\u00e4. Dufferien lis\u00e4ksi viimeisen kauden jaksoja on ohjannut <a class=\"article-personlink\" href=\"https:\/\/www.hs.fi\/haku\/?query=Frank%20Darabont\" rel=\"nofollow noopener\" target=\"_blank\">Frank Darabont<\/a>, aikansa parhaaksi amerikkalaiseksi elokuvaksi usein kutsutun Shawshank Redemptionin ohjaaja. Alusta asti mukana on ollut <a class=\"article-personlink\" href=\"https:\/\/www.hs.fi\/haku\/?query=%20Shawn%20Levy\" rel=\"nofollow noopener\" target=\"_blank\"> Shawn Levy<\/a>, jonka ty\u00f6t Night at the Museum \u2013 y\u00f6 museossa -elokuvista Deadpool &amp; Wolverineen ovat tuottaneet miljardeja.<\/p>\n<p class=\"article-body mb-nof-24 px-nof-16\">Ytimess\u00e4\u00e4n sarja on aika yksinkertainen tieteiskauhutarina. Portti on auennut Yl\u00f6salaiseen, synkk\u00e4\u00e4n versioon meid\u00e4n maailmastamme, ja se pit\u00e4\u00e4 sulkea, ennen kuin kosmiset ilki\u00f6t nielaisevat maailman pimeyteen. Avain on yliluonnollisia voimia omaava El-tytt\u00f6, joka on valtion julmien paranormaalikokeiden uhri.<\/p>\n<p class=\"article-body mb-nof-24 px-nof-16\">Stranger Things on varsinkin edetess\u00e4\u00e4n perustunut yh\u00e4 enemm\u00e4n tarinan sijaan tunnelmalle. Juonesta tuli viimeist\u00e4\u00e4n kolmannella kaudella l\u00e4hinn\u00e4 vain kehikko. P\u00e4\u00e4asia, ett\u00e4 meininki rullaa kohtauksesta toiseen.<\/p>\n<p class=\"article-body mb-nof-24 px-nof-16\">Kuvien v\u00e4risommitelmat ja siirtym\u00e4t seuraaviin ovat t\u00e4sm\u00e4llisi\u00e4. Musiikki mukaan, ja tunnelma on taianomainen. Nelj\u00e4nnell\u00e4 kaudella 80-lukunostalgiassa pistettiin p\u00e4\u00e4lle turbovaihde. Kauden kaksi huippukohtausta oli rakennettu kasarihittien varaan. <a class=\"article-personlink\" href=\"https:\/\/www.hs.fi\/haku\/?query=Kate%20Bushin\" rel=\"nofollow noopener\" target=\"_blank\">Kate Bushin<\/a> Running Up That Hill nousi sarjan my\u00f6t\u00e4 listoille ja Metallican Master of Puppetsia ep\u00e4ilem\u00e4tt\u00e4 tapailtiin kitaroiden kauloilla ymp\u00e4ri maailmaa.<\/p>\n<p class=\"article-body mb-nof-24 px-nof-16\">T\u00e4rkein syy sarjan suosiolle on kuitenkin se sama, joka teki Arkajalat (Goonies) -elokuvasta 1980-luvun nuorisoelokuvien klassikon, p\u00f6hk\u00f6st\u00e4 tarinasta huolimatta: p\u00e4\u00e4henkil\u00f6porukka.<\/p>\n<p class=\"article-body mb-nof-24 px-nof-16\">Ryhm\u00e4n syd\u00e4n on nuori pari El (<a class=\"article-personlink\" href=\"https:\/\/www.hs.fi\/haku\/?query=Millie%20Bobby%20Brown\" rel=\"nofollow noopener\" target=\"_blank\">Millie Bobby Brown<\/a>), yliluonnollisen maailman s\u00e4rkynyt edustaja, ja Mike (<a class=\"article-personlink\" href=\"https:\/\/www.hs.fi\/haku\/?query=Finn%20Wolfhard\" rel=\"nofollow noopener\" target=\"_blank\">Finn Wolfhard<\/a>), amerikkalainen n\u00f6rttipoika, joka vet\u00e4\u00e4 kavereilleen Dungeons &amp; Dragons -roolipeli\u00e4.<\/p>\n<p class=\"article-body mb-nof-24 px-nof-16\">Sarja alkoi Will-pojan (<a class=\"article-personlink\" href=\"https:\/\/www.hs.fi\/haku\/?query=Noah%20Schnapp\" rel=\"nofollow noopener\" target=\"_blank\">Noah Schnapp<\/a>) katoamisesta. Yl\u00f6salaisen maailman pahuus on koskettanut h\u00e4nt\u00e4. Marraskuussa n\u00e4hdyt jaksot p\u00e4\u00e4ttyiv\u00e4t odotettuun paljastukseen \u2013 paljon k\u00e4rsineell\u00e4 Willill\u00e4 on voima, jolla paha varmaan lopulta nujerretaan, Elin kanssa.<\/p>\n<p class=\"article-body mb-nof-24 px-nof-16\">T\u00e4h\u00e4n menness\u00e4 viides kausi on luvannut hyv\u00e4\u00e4 lopetusta.<\/p>\n<p class=\"article-body mb-nof-24 px-nof-16\">Mihin kasarihittiin sarja p\u00e4\u00e4ttyy? Dufferin veljesten mukaan sarjan finaalissa kuullaan kappale, joka on yhtyeen esitt\u00e4m\u00e4 ja joka ei aiemmin ole soinut miss\u00e4\u00e4n sarjassa.<\/p>\n<p class=\"article-body mb-nof-24 px-nof-16\">Mik\u00e4 se voisi olla?<\/p>\n<p class=\"article-body mb-nof-24 px-nof-16\">Yksi vaihtoehto on Queenin Who Wants to Live Forever. Se soi jo viimeisen kauden trailerissa, joten siin\u00e4 tapauksessa yll\u00e4tys olisi jo paljastunut. Ehk\u00e4 Pink Floydin Learning to Fly tai Heartin What About Love?<\/p>\n<p class=\"article-body mb-nof-24 px-nof-16\">Jotain nostattavaa ja haikeaa sen pit\u00e4isi olla. Sellaiseen tunnelmaan Stranger Thingsin soisi p\u00e4\u00e4ttyv\u00e4n.<\/p>\n<p class=\"article-body nof-ui-body-medium mb-nof-24 px-nof-16\">Stranger Thingsin viidennen kauden jaksot 1-4 nyt Netflixiss\u00e4, jaksot 5-7 tapaninp\u00e4iv\u00e4n\u00e4, p\u00e4\u00e4t\u00f6sjakso uudenvuodenp\u00e4iv\u00e4n\u00e4.<\/p>\n","protected":false},"excerpt":{"rendered":"Kolumni|Vuonna 2016 alkanut nostalgiasarja on ollut Netflixin suosituimpia. Viimeinen kausi lupaa hyv\u00e4\u00e4 lopetusta yhdelle aikansa tv-ilmi\u00f6lle. Lue tiivistelm\u00e4&hellip;\n","protected":false},"author":2,"featured_media":125679,"comment_status":"","ping_status":"","sticky":false,"template":"","format":"standard","meta":{"footnotes":""},"categories":[130],"tags":[137,33,31,30,46,32,109],"class_list":{"0":"post-125678","1":"post","2":"type-post","3":"status-publish","4":"format-standard","5":"has-post-thumbnail","7":"category-viihde","8":"tag-entertainment","9":"tag-fi","10":"tag-finland","11":"tag-finnish","12":"tag-helsingin-sanomat","13":"tag-suomi","14":"tag-viihde"},"share_on_mastodon":{"url":"https:\/\/pubeurope.com\/@fi\/115781291391655000","error":""},"_links":{"self":[{"href":"https:\/\/www.europesays.com\/fi\/wp-json\/wp\/v2\/posts\/125678","targetHints":{"allow":["GET"]}}],"collection":[{"href":"https:\/\/www.europesays.com\/fi\/wp-json\/wp\/v2\/posts"}],"about":[{"href":"https:\/\/www.europesays.com\/fi\/wp-json\/wp\/v2\/types\/post"}],"author":[{"embeddable":true,"href":"https:\/\/www.europesays.com\/fi\/wp-json\/wp\/v2\/users\/2"}],"replies":[{"embeddable":true,"href":"https:\/\/www.europesays.com\/fi\/wp-json\/wp\/v2\/comments?post=125678"}],"version-history":[{"count":0,"href":"https:\/\/www.europesays.com\/fi\/wp-json\/wp\/v2\/posts\/125678\/revisions"}],"wp:featuredmedia":[{"embeddable":true,"href":"https:\/\/www.europesays.com\/fi\/wp-json\/wp\/v2\/media\/125679"}],"wp:attachment":[{"href":"https:\/\/www.europesays.com\/fi\/wp-json\/wp\/v2\/media?parent=125678"}],"wp:term":[{"taxonomy":"category","embeddable":true,"href":"https:\/\/www.europesays.com\/fi\/wp-json\/wp\/v2\/categories?post=125678"},{"taxonomy":"post_tag","embeddable":true,"href":"https:\/\/www.europesays.com\/fi\/wp-json\/wp\/v2\/tags?post=125678"}],"curies":[{"name":"wp","href":"https:\/\/api.w.org\/{rel}","templated":true}]}}