{"id":125687,"date":"2025-12-25T17:21:17","date_gmt":"2025-12-25T17:21:17","guid":{"rendered":"https:\/\/www.europesays.com\/fi\/125687\/"},"modified":"2025-12-25T17:21:17","modified_gmt":"2025-12-25T17:21:17","slug":"janni-hussi-paljasti-seiskalle-sinkkujoulunsa-salaisuudet","status":"publish","type":"post","link":"https:\/\/www.europesays.com\/fi\/125687\/","title":{"rendered":"Janni Hussi paljasti Seiskalle sinkkujoulunsa salaisuudet"},"content":{"rendered":"<p>Kes\u00e4ll\u00e4 eronnut <strong>Janni Hussi<\/strong> viett\u00e4\u00e4 sinkkujoulua. H\u00e4n on julkaissut joulustaan ja kaksi kuvaa. Toisessa kuvassa h\u00e4n makaa koiransa <strong>Harrin <\/strong>kanssa sohvalla. Toisessa kuvassa on riisipuurolautanen.<\/p>\n<p>Lue my\u00f6s: <a href=\"https:\/\/www.como.fi\/uutiset\/janni-hussin-paljastus-podcastissa-uusivuosi-tulee-olemaan-vaikea\/\" title=\"Janni Hussin paljastus podcastissa: Uusivuosi tulee olemaan vaikea\" class=\"underline-custom !font-montserrat !font-bold !underline-offset-4 !decoration-4 !decoration-red-600 !text-md\" rel=\"nofollow noopener\" target=\"_blank\">Janni Hussin paljastus podcastissa: Uusivuosi tulee olemaan vaikea<\/a><\/p>\n<p>\u2013 Me ollaan Harppuunan kanssa valmiina levytt\u00e4m\u00e4\u00e4n pari p\u00e4iv\u00e4\u00e4! Verskat niskaan ja sohvalle r\u00f6tv\u00e4\u00e4m\u00e4\u00e4n. Best! Kivaa joulua! Toivottavasti saat viett\u00e4\u00e4 sen just omann\u00e4k\u00f6isesti. Ps! Mun joulukaurapuurosta l\u00f6yty manteli! Lotto sis\u00e4\u00e4n! kirjoittaa Hussi.<\/p>\n<p>Jannin julkaisusta saa sellaisen kuvan, ett\u00e4 h\u00e4n viett\u00e4\u00e4 joulua yksin koiransa kanssa. Se ei ole totta, koska Seiskassa kerrotaan h\u00e4nen joulustaan Kouvolassa.<\/p>\n<p>Seiskan mukaan Janni on suunnannut viett\u00e4m\u00e4\u00e4n joulua Kymenlaaksoon sukunsa luokse. Paikkana on tarkalleen ottaen Kouvola ja siihen vuonna 2009 liitetty Kuusankoski.<\/p>\n<p>\u2013 Juu, siell\u00e4 olen perheen parissa. En tosin ole mik\u00e4\u00e4n hirve\u00e4 jouluttaja. En ole koskaan ollut. Meid\u00e4n perheemme joulut ovat muutenkin sellaisia, ett\u00e4 vedet\u00e4\u00e4n verkkarit niskaan ja sy\u00f6d\u00e4\u00e4n sohvalla suklaata, kertoi Hussi joulustaan Seiskalle.<\/p>\n<p>Hussi paljasti lehdelle sy\u00f6v\u00e4ns\u00e4 jouluna kalaa ja ettei h\u00e4n v\u00e4lit\u00e4 juurikaan kinkusta. H\u00e4nelle maistuu my\u00f6s perunalaatikko. H\u00e4n kertoi aikovansa harrastaa liikuntaa my\u00f6s jouluna, jotta jaksaa sy\u00f6d\u00e4 enemm\u00e4n. H\u00e4n n\u00e4kee samalla tuttuja paikkoja, kuten Kuusankosken kivikirkon.<\/p>\n<p>Hussi on k\u00e4ynyt my\u00f6s ajelemassa ja katselemassa vanhoja asuinalueita, joissa h\u00e4n on viett\u00e4nyt lapsuutensa. H\u00e4nen jouluun kuuluu my\u00f6s saunominen.<\/p>\n<p>N\u00e4et Jannin joulujulkaisun kuvat my\u00f6s <a href=\"https:\/\/www.instagram.com\/p\/DSo6j0PiHsV\/?utm_source=ig_web_copy_link&amp;igsh=MzRlODBiNWFlZA==\" target=\"_blank\" rel=\"noreferrer noopener nofollow\">t\u00e4\u00e4lt\u00e4<\/a>.<\/p>\n<p>L\u00e4hde: <a href=\"https:\/\/www.seiska.fi\/kotimaa\/intiimeja-paljastuksia-tallainen-on-janni-hussin-sinkkujoulu-taitaa-menna-iltahommiksi\/2030158\" target=\"_blank\" rel=\"noreferrer noopener nofollow\">Seiska<\/a> <\/p>\n<p>Lue my\u00f6s: <a href=\"https:\/\/www.como.fi\/tilaa-comon-uutiskirje\/\" title=\"Tilaa Comon uutiskirje ja tied\u00e4t mist\u00e4 kahvitauolla puhutaan! Nappaa kotimaan tv-vinkit ja puheenaiheet suoraan s\u00e4hk\u00f6postiin t\u00e4st\u00e4.\" class=\"underline-custom !font-montserrat !font-bold !underline-offset-4 !decoration-4 !decoration-red-600 !text-md\" rel=\"nofollow noopener\" target=\"_blank\">Tilaa Comon uutiskirje ja tied\u00e4t mist\u00e4 kahvitauolla puhutaan! Nappaa kotimaan tv-vinkit ja puheenaiheet suoraan s\u00e4hk\u00f6postiin t\u00e4st\u00e4.<\/a><\/p>\n<p>\t\t\t<script async src=\"\/\/www.instagram.com\/embed.js\"><\/script><\/p>\n","protected":false},"excerpt":{"rendered":"Kes\u00e4ll\u00e4 eronnut Janni Hussi viett\u00e4\u00e4 sinkkujoulua. H\u00e4n on julkaissut joulustaan ja kaksi kuvaa. Toisessa kuvassa h\u00e4n makaa koiransa&hellip;\n","protected":false},"author":2,"featured_media":125688,"comment_status":"","ping_status":"","sticky":false,"template":"","format":"standard","meta":{"footnotes":""},"categories":[136],"tags":[407,137,33,31,30,2597,408,32,109],"class_list":{"0":"post-125687","1":"post","2":"type-post","3":"status-publish","4":"format-standard","5":"has-post-thumbnail","7":"category-julkkikset","8":"tag-celebrities","9":"tag-entertainment","10":"tag-fi","11":"tag-finland","12":"tag-finnish","13":"tag-janni-hussi","14":"tag-julkkikset","15":"tag-suomi","16":"tag-viihde"},"share_on_mastodon":{"url":"https:\/\/pubeurope.com\/@fi\/115781362168196417","error":""},"_links":{"self":[{"href":"https:\/\/www.europesays.com\/fi\/wp-json\/wp\/v2\/posts\/125687","targetHints":{"allow":["GET"]}}],"collection":[{"href":"https:\/\/www.europesays.com\/fi\/wp-json\/wp\/v2\/posts"}],"about":[{"href":"https:\/\/www.europesays.com\/fi\/wp-json\/wp\/v2\/types\/post"}],"author":[{"embeddable":true,"href":"https:\/\/www.europesays.com\/fi\/wp-json\/wp\/v2\/users\/2"}],"replies":[{"embeddable":true,"href":"https:\/\/www.europesays.com\/fi\/wp-json\/wp\/v2\/comments?post=125687"}],"version-history":[{"count":0,"href":"https:\/\/www.europesays.com\/fi\/wp-json\/wp\/v2\/posts\/125687\/revisions"}],"wp:featuredmedia":[{"embeddable":true,"href":"https:\/\/www.europesays.com\/fi\/wp-json\/wp\/v2\/media\/125688"}],"wp:attachment":[{"href":"https:\/\/www.europesays.com\/fi\/wp-json\/wp\/v2\/media?parent=125687"}],"wp:term":[{"taxonomy":"category","embeddable":true,"href":"https:\/\/www.europesays.com\/fi\/wp-json\/wp\/v2\/categories?post=125687"},{"taxonomy":"post_tag","embeddable":true,"href":"https:\/\/www.europesays.com\/fi\/wp-json\/wp\/v2\/tags?post=125687"}],"curies":[{"name":"wp","href":"https:\/\/api.w.org\/{rel}","templated":true}]}}