{"id":12569,"date":"2025-08-21T23:11:10","date_gmt":"2025-08-21T23:11:10","guid":{"rendered":"https:\/\/www.europesays.com\/fi\/12569\/"},"modified":"2025-08-21T23:11:10","modified_gmt":"2025-08-21T23:11:10","slug":"trumpin-mukaan-seuraavat-kaksi-viikkoa-nayttavat-suunnan-venajan-ja-ukrainan-neuvotteluissa-uutissuomalainen","status":"publish","type":"post","link":"https:\/\/www.europesays.com\/fi\/12569\/","title":{"rendered":"Trumpin mukaan seuraavat kaksi viikkoa n\u00e4ytt\u00e4v\u00e4t suunnan Ven\u00e4j\u00e4n ja Ukrainan neuvotteluissa | Uutissuomalainen"},"content":{"rendered":"<p>Yhdysvaltain presidentin Donald Trumpin mukaan seuraavat kaksi viikkoa n\u00e4ytt\u00e4v\u00e4t, mihin suuntaan Ven\u00e4j\u00e4n ja Ukrainan v\u00e4liset neuvottelut etenev\u00e4t.<\/p>\n<p>Trump puhui asiasta konservatiivikanava Newsmaxin haastattelussa.<\/p>\n<p>\u2013\u2009Sen j\u00e4lkeen meid\u00e4n on ehk\u00e4 otettava toisenlainen taktiikka, Trump sanoi kertomatta yksityiskohtia.<\/p>\n<p>Trumpin ponnistelut Ven\u00e4j\u00e4n hy\u00f6kk\u00e4yssodan lopettamiseksi eiv\u00e4t toistaiseksi ole tuottaneet suuria l\u00e4pimurtoja. Viime perjantaina h\u00e4n tapasi Ven\u00e4j\u00e4n presidentin Vladimir Putinin Alaskassa, ja maanantaina Trump is\u00e4nn\u00f6i Valkoisessa talossa Ukrainan presidentti\u00e4 Volodymyr Zelenskyi\u00e4 ja eurooppalaisia johtajia. Viime p\u00e4ivien diplomatiasta huolimatta Ven\u00e4j\u00e4 on jatkanut Ukrainan moukarointia.<\/p>\n<p>Trump sanoi viime vuoden presidentinvaalien aikana toistuvasti, ett\u00e4 h\u00e4n lopettaisi Ukrainan sodan p\u00e4iv\u00e4ss\u00e4, mik\u00e4li nousisi j\u00e4lleen presidentiksi.<\/p>\n<p>Zelenskyi: Ven\u00e4j\u00e4 yritt\u00e4\u00e4 v\u00e4ltell\u00e4 tapaamista<\/p>\n<p>Ukrainan presidentti Zelenskyi puolestaan sanoi torstai-iltana, ett\u00e4 Ven\u00e4j\u00e4 yritt\u00e4\u00e4 v\u00e4ltell\u00e4 Ven\u00e4j\u00e4n ja Ukrainan johtajien tapaamisen j\u00e4rjest\u00e4mist\u00e4. Zelenskyi kommentoi asiaa viestipalvelu <a href=\"https:\/\/x.com\/ZelenskyyUa\/status\/1958603271104590187\" rel=\"nofollow\">X:ss\u00e4<\/a>.<\/p>\n<p>Zelenskyin mukaan Ven\u00e4j\u00e4 ei halua lopettaa hy\u00f6kk\u00e4yssotaansa Ukrainassa.<\/p>\n<p>Aiemmin torstaina Zelenskyi sanoi, ett\u00e4 Ven\u00e4j\u00e4n presidentti Putinin tapaaminen olisi mahdollista sen j\u00e4lkeen, kun turvatakuista on sovittu.<\/p>\n<p>\u2013\u2009Haluamme, ett\u00e4 turvatakuista syntyy yhteisymm\u00e4rrys 7\u201310 p\u00e4iv\u00e4n aikana. T\u00e4m\u00e4n yhteisymm\u00e4rryksen pohjalta pyrimme pit\u00e4m\u00e4\u00e4n kolmikantakokouksen, jossa on mukana Yhdysvaltain presidentti Donald Trump, Zelenskyi sanoi.<\/p>\n","protected":false},"excerpt":{"rendered":"Yhdysvaltain presidentin Donald Trumpin mukaan seuraavat kaksi viikkoa n\u00e4ytt\u00e4v\u00e4t, mihin suuntaan Ven\u00e4j\u00e4n ja Ukrainan v\u00e4liset neuvottelut etenev\u00e4t. Trump&hellip;\n","protected":false},"author":2,"featured_media":12570,"comment_status":"","ping_status":"","sticky":false,"template":"","format":"standard","meta":{"footnotes":""},"categories":[14],"tags":[22,23,585,26,27,33,31,30,17,24,25,28,29,15,18,21,142,637,144,32,19,20,549,56,16,638,2257,59,60,61],"class_list":{"0":"post-12569","1":"post","2":"type-post","3":"status-publish","4":"format-standard","5":"has-post-thumbnail","7":"category-ulkomaat","8":"tag-breaking-news","9":"tag-breakingnews","10":"tag-donald-trump","11":"tag-featured-news","12":"tag-featurednews","13":"tag-fi","14":"tag-finland","15":"tag-finnish","16":"tag-headlines","17":"tag-latest-news","18":"tag-latestnews","19":"tag-main-news","20":"tag-mainnews","21":"tag-news","22":"tag-otsikot","23":"tag-paauutiset","24":"tag-poliitikot","25":"tag-politiikka","26":"tag-presidentti","27":"tag-suomi","28":"tag-top-stories","29":"tag-topstories","30":"tag-ukrainan-sota","31":"tag-ulkomaat","32":"tag-uutiset","33":"tag-valtiovalta","34":"tag-vladimir-putin","35":"tag-world","36":"tag-world-news","37":"tag-worldnews"},"share_on_mastodon":{"url":"","error":""},"_links":{"self":[{"href":"https:\/\/www.europesays.com\/fi\/wp-json\/wp\/v2\/posts\/12569","targetHints":{"allow":["GET"]}}],"collection":[{"href":"https:\/\/www.europesays.com\/fi\/wp-json\/wp\/v2\/posts"}],"about":[{"href":"https:\/\/www.europesays.com\/fi\/wp-json\/wp\/v2\/types\/post"}],"author":[{"embeddable":true,"href":"https:\/\/www.europesays.com\/fi\/wp-json\/wp\/v2\/users\/2"}],"replies":[{"embeddable":true,"href":"https:\/\/www.europesays.com\/fi\/wp-json\/wp\/v2\/comments?post=12569"}],"version-history":[{"count":0,"href":"https:\/\/www.europesays.com\/fi\/wp-json\/wp\/v2\/posts\/12569\/revisions"}],"wp:featuredmedia":[{"embeddable":true,"href":"https:\/\/www.europesays.com\/fi\/wp-json\/wp\/v2\/media\/12570"}],"wp:attachment":[{"href":"https:\/\/www.europesays.com\/fi\/wp-json\/wp\/v2\/media?parent=12569"}],"wp:term":[{"taxonomy":"category","embeddable":true,"href":"https:\/\/www.europesays.com\/fi\/wp-json\/wp\/v2\/categories?post=12569"},{"taxonomy":"post_tag","embeddable":true,"href":"https:\/\/www.europesays.com\/fi\/wp-json\/wp\/v2\/tags?post=12569"}],"curies":[{"name":"wp","href":"https:\/\/api.w.org\/{rel}","templated":true}]}}