{"id":125691,"date":"2025-12-25T17:26:10","date_gmt":"2025-12-25T17:26:10","guid":{"rendered":"https:\/\/www.europesays.com\/fi\/125691\/"},"modified":"2025-12-25T17:26:10","modified_gmt":"2025-12-25T17:26:10","slug":"peaky-blinders-elokuvan-traileri-julkaistu-cillian-murphy-heti-ruudussa","status":"publish","type":"post","link":"https:\/\/www.europesays.com\/fi\/125691\/","title":{"rendered":"Peaky Blinders -elokuvan traileri julkaistu &#8211; Cillian Murphy heti ruudussa"},"content":{"rendered":"<p><strong>Cillian Murphy<\/strong> palaa Tommy Shelbyn rooliin Peaky Blinders: The Immortal Man -elokuvassa, josta Netflix julkaisi ensimm\u00e4isen trailerin.<\/p>\n<p>P\u00e4tk\u00e4ss\u00e4 Shelby harhailee mets\u00e4ss\u00e4, hautausmaalla ja kotona. Samalla kertoja\u00e4\u00e4ni kysyy: \u201dMit\u00e4 Tommylle tapahtui?\u201d<\/p>\n<p>Lue my\u00f6s: <a href=\"https:\/\/www.episodi.fi\/uutiset\/cillian-murphy-palaa-gangsterirooliinsa-tuleva-peaky-blinders-elokuva-sai-ensi-iltapaivan-ja-synkan-julisteen\/\" title=\"Cillian Murphy palaa gangsterirooliinsa \u2013 tuleva Peaky Blinders -elokuva sai ensi-iltap\u00e4iv\u00e4n ja synk\u00e4n julisteen\" class=\"underline-custom !font-montserrat !font-bold !underline-offset-4 !decoration-4 !decoration-episodi-blue !text-md\" rel=\"nofollow noopener\" target=\"_blank\">Cillian Murphy palaa gangsterirooliinsa \u2013 tuleva Peaky Blinders -elokuva sai ensi-iltap\u00e4iv\u00e4n ja synk\u00e4n julisteen<\/a><\/p>\n<p>Lue my\u00f6s: <a href=\"https:\/\/www.episodi.fi\/uutiset\/onko-oscar-voittajan-ura-ohi-peaky-blindersissa-mies-kertoi-asian-itse\/\" title=\"Onko Oscar-voittajan ura ohi Peaky Blindersissa? Mies kertoi asian itse\" class=\"underline-custom !font-montserrat !font-bold !underline-offset-4 !decoration-4 !decoration-episodi-blue !text-md\" rel=\"nofollow noopener\" target=\"_blank\">Onko Oscar-voittajan ura ohi Peaky Blindersissa? Mies kertoi asian itse<\/a><\/p>\n<p>Trailerissa n\u00e4hd\u00e4\u00e4n natsiviittauksia, r\u00e4j\u00e4hdyksi\u00e4, konekiv\u00e4\u00e4ritulta, punainen huivi ja <strong>Barry Keoghanin <\/strong>hahmo. <\/p>\n<p>Elokuva sijoittuu vuoden 1940 Birminghamiin. Maanpaossa oleva Shelby on vaarassa joutua takaisin toisen maailmansodan taisteluihin.<\/p>\n<p>Peaky Blinders: The Immortal Man julkaistaan Netflixiss\u00e4 20.3.2026.<\/p>\n<p><img loading=\"lazy\" decoding=\"async\" alt=\"YouTube video\" width=\"480\" height=\"360\" data-pin-nopin=\"true\" nopin=\"nopin\" class=\"perfmatters-lazy\" src=\"https:\/\/www.europesays.com\/fi\/wp-content\/uploads\/2025\/12\/1766683570_839_hqdefault.jpg\"\/><\/p>\n<p>\u200b<\/p>\n<p>Lue my\u00f6s: <a href=\"https:\/\/www.episodi.fi\/uutiskirje\/?uutiskirjemainos=tekstilinkkimainos\" title=\"Tilaa Episodin uutiskirje ja voit voittaa leffalippuja! Nappaa tv-vinkit suoraan s\u00e4hk\u00f6postiin t\u00e4st\u00e4.\" class=\"underline-custom !font-montserrat !font-bold !underline-offset-4 !decoration-4 !decoration-episodi-blue !text-md\" rel=\"nofollow noopener\" target=\"_blank\">Tilaa Episodin uutiskirje ja voit voittaa leffalippuja! Nappaa katseluvinkit suoraan s\u00e4hk\u00f6postiin t\u00e4st\u00e4.<\/a><\/p>\n<p>\t\t\t<a href=\"https:\/\/www.facebook.com\/sharer\/sharer.php?u=https:\/\/www.episodi.fi\/uutiset\/peaky-blinders-elokuvan-traileri-julkaistu-cillian-murphy-heti-ruudussa\/\" target=\"_blank\" class=\"block px-4 py-2 text-sm text-gray-800 border-b hover:bg-gray-200\" rel=\"nofollow noopener\"><\/p>\n<p>\t\t\t\tFacebook<br \/>\n\t\t\t<\/a><br \/>\n\t\t\t<a href=\"https:\/\/twitter.com\/intent\/tweet?text=https:\/\/www.episodi.fi\/uutiset\/peaky-blinders-elokuvan-traileri-julkaistu-cillian-murphy-heti-ruudussa\/\" target=\"_blank\" class=\"block px-4 py-2 text-sm text-gray-800 border-b hover:bg-gray-200\" rel=\"nofollow noopener\"><\/p>\n<p>\t\t\t\tTwitter<br \/>\n\t\t\t<\/a><br \/>\n\t\t\t<a href=\"mailto:?subject=Peaky Blinders -elokuvan traileri julkaistu \u2013 Cillian Murphy heti ruudussa&amp;body=https:\/\/www.episodi.fi\/uutiset\/peaky-blinders-elokuvan-traileri-julkaistu-cillian-murphy-heti-ruudussa\/\" target=\"_blank\" class=\"block px-4 py-2 text-sm text-gray-800 border-b hover:bg-gray-200\"><\/p>\n<p>\t\t\t\tS\u00e4hk\u00f6posti<\/a><\/p>\n<p>\t\t\t\t<script async src=\"https:\/\/platform.twitter.com\/widgets.js\" charset=\"utf-8\"><\/script><\/p>\n","protected":false},"excerpt":{"rendered":"Cillian Murphy palaa Tommy Shelbyn rooliin Peaky Blinders: The Immortal Man -elokuvassa, josta Netflix julkaisi ensimm\u00e4isen trailerin. P\u00e4tk\u00e4ss\u00e4&hellip;\n","protected":false},"author":2,"featured_media":125692,"comment_status":"","ping_status":"","sticky":false,"template":"","format":"standard","meta":{"footnotes":""},"categories":[131],"tags":[155,137,33,173,31,30,172,22405,32,109],"class_list":{"0":"post-125691","1":"post","2":"type-post","3":"status-publish","4":"format-standard","5":"has-post-thumbnail","7":"category-elokuvat","8":"tag-elokuvat","9":"tag-entertainment","10":"tag-fi","11":"tag-film","12":"tag-finland","13":"tag-finnish","14":"tag-movies","15":"tag-peaky-blinders-the-immortal-man","16":"tag-suomi","17":"tag-viihde"},"share_on_mastodon":{"url":"https:\/\/pubeurope.com\/@fi\/115781382050665236","error":""},"_links":{"self":[{"href":"https:\/\/www.europesays.com\/fi\/wp-json\/wp\/v2\/posts\/125691","targetHints":{"allow":["GET"]}}],"collection":[{"href":"https:\/\/www.europesays.com\/fi\/wp-json\/wp\/v2\/posts"}],"about":[{"href":"https:\/\/www.europesays.com\/fi\/wp-json\/wp\/v2\/types\/post"}],"author":[{"embeddable":true,"href":"https:\/\/www.europesays.com\/fi\/wp-json\/wp\/v2\/users\/2"}],"replies":[{"embeddable":true,"href":"https:\/\/www.europesays.com\/fi\/wp-json\/wp\/v2\/comments?post=125691"}],"version-history":[{"count":0,"href":"https:\/\/www.europesays.com\/fi\/wp-json\/wp\/v2\/posts\/125691\/revisions"}],"wp:featuredmedia":[{"embeddable":true,"href":"https:\/\/www.europesays.com\/fi\/wp-json\/wp\/v2\/media\/125692"}],"wp:attachment":[{"href":"https:\/\/www.europesays.com\/fi\/wp-json\/wp\/v2\/media?parent=125691"}],"wp:term":[{"taxonomy":"category","embeddable":true,"href":"https:\/\/www.europesays.com\/fi\/wp-json\/wp\/v2\/categories?post=125691"},{"taxonomy":"post_tag","embeddable":true,"href":"https:\/\/www.europesays.com\/fi\/wp-json\/wp\/v2\/tags?post=125691"}],"curies":[{"name":"wp","href":"https:\/\/api.w.org\/{rel}","templated":true}]}}