{"id":125695,"date":"2025-12-25T17:29:08","date_gmt":"2025-12-25T17:29:08","guid":{"rendered":"https:\/\/www.europesays.com\/fi\/125695\/"},"modified":"2025-12-25T17:29:08","modified_gmt":"2025-12-25T17:29:08","slug":"nain-suloinen-on-ruotsin-hovin-tulokas","status":"publish","type":"post","link":"https:\/\/www.europesays.com\/fi\/125695\/","title":{"rendered":"N\u00e4in suloinen on Ruotsin hovin tulokas"},"content":{"rendered":"<p>Kuningas Kaarle Kustaa ja kuningatar Silvia ovat hankkineet koiran. <\/p>\n<p><img decoding=\"async\" class=\"image image-show image-preview\" src=\"https:\/\/www.europesays.com\/fi\/wp-content\/uploads\/2025\/12\/a57dd4ff9febe724b6a44841503f040b93025953436990cca764c7b78f6438d2.jpg\" alt=\"\"\/><img decoding=\"async\" class=\"image image-show\" src=\"https:\/\/www.europesays.com\/fi\/wp-content\/uploads\/2025\/12\/1766683748_689_a57dd4ff9febe724b6a44841503f040b93025953436990cca764c7b78f6438d2.jpg\" alt=\"\"\/><\/p>\n<p>Kaarle Kustaa ja Bonnie.  Sara Friberg\/Kungl. Hovstaterna<\/p>\n<p class=\"paragraph\">Ruotsin kuningas Kaarle Kustaan ja kuningatar Silvian kotiin on muuttanut uusi asukki. Kuninkaalliset ovat nimitt\u00e4in hankkineet koiran.<\/p>\n<p class=\"paragraph\">Koira on nimelt\u00e4\u00e4n Bonnie, ja se <a href=\"https:\/\/www.expressen.se\/nyheter\/kungligt\/kungen-och-silvia-har-skaffat-ny-hund\/\" rel=\"noopener nofollow\" target=\"_blank\">muutti kuningasperheeseen<\/a> viime kes\u00e4n\u00e4. Bonnie-nimen se sai Kaarle Kustaan ja Silvian suosikkiartisti Bonnie Tylerin mukaan.<\/p>\n<p class=\"paragraph\">Bonnie on baijerinvuoristovihikoira, ja se tulee samalta kasvattajalta kuin kuningasperheess\u00e4 liki 11 vuotta el\u00e4nyt Brandie.<\/p>\n<p class=\"paragraph\">Hovi kertoi Expressenille, ettei Brandie ole en\u00e4\u00e4 elossa, mutta se ei tarkentanut, milloin Brandie on kuollut.<\/p>\n<p class=\"paragraph\">My\u00f6s kruununprinsessa Victorialla on koira. Cavapoo-rotuisen Rio-koiran Victorian perhe esitteli Instagramissa vuonna 2020.<\/p>\n<p class=\"paragraph\">Prinsessa Madeleine puolestaan <a href=\"https:\/\/www.iltalehti.fi\/kuninkaalliset\/985c05a0-d1ea-4965-a4e8-02c868801bd3\" rel=\"nofollow noopener\" target=\"_blank\">hankki<\/a> l\u00f6yt\u00f6el\u00e4inkodista vuonna 2022 havannakoira Oreon labradoodle Teddyn seuraksi.<\/p>\n<p>Bonnie sai joulun kunniaksi komean rusetin kaulaan.  Sara Friberg\/Kungl. Hovstaterna<\/p>\n<p class=\"paragraph\">Kuningasperhe viett\u00e4\u00e4 t\u00e4n\u00e4 vuonna joulua Drottningholmissa. Jouluaattoaamuna kruununprinsessa Victoria vieraili perheens\u00e4 kanssa S\u00f6derin sairaalassa kiitt\u00e4m\u00e4ss\u00e4 jouluna t\u00f6iss\u00e4 olevaa henkil\u00f6kuntaa.<\/p>\n<p class=\"paragraph\">Jo ennen jouluaattoa kuningasperheell\u00e4 oli syyt\u00e4 juhlaan, sill\u00e4 kuningatar Silvia t\u00e4ytti aatonaattona 82 vuotta.<\/p>\n<p>Silvia, Bonnie ja Kaarle Kustaa Drottningholmin linnassa.<br \/>\n Sara Friberg\/Kungl. Hovstaterna<\/p>\n","protected":false},"excerpt":{"rendered":"Kuningas Kaarle Kustaa ja kuningatar Silvia ovat hankkineet koiran. Kaarle Kustaa ja Bonnie. Sara Friberg\/Kungl. Hovstaterna Ruotsin kuningas&hellip;\n","protected":false},"author":2,"featured_media":125696,"comment_status":"","ping_status":"","sticky":false,"template":"","format":"standard","meta":{"footnotes":""},"categories":[130],"tags":[35,404,137,33,31,30,3434,4885,931,785,32,109],"class_list":{"0":"post-125695","1":"post","2":"type-post","3":"status-publish","4":"format-standard","5":"has-post-thumbnail","7":"category-viihde","8":"tag-24h","9":"tag-elaimet","10":"tag-entertainment","11":"tag-fi","12":"tag-finland","13":"tag-finnish","14":"tag-koira","15":"tag-koti-ja-lemmikkielaimet","16":"tag-lemmikkielaimet","17":"tag-nisakkaat","18":"tag-suomi","19":"tag-viihde"},"share_on_mastodon":{"url":"https:\/\/pubeurope.com\/@fi\/115781394354445666","error":""},"_links":{"self":[{"href":"https:\/\/www.europesays.com\/fi\/wp-json\/wp\/v2\/posts\/125695","targetHints":{"allow":["GET"]}}],"collection":[{"href":"https:\/\/www.europesays.com\/fi\/wp-json\/wp\/v2\/posts"}],"about":[{"href":"https:\/\/www.europesays.com\/fi\/wp-json\/wp\/v2\/types\/post"}],"author":[{"embeddable":true,"href":"https:\/\/www.europesays.com\/fi\/wp-json\/wp\/v2\/users\/2"}],"replies":[{"embeddable":true,"href":"https:\/\/www.europesays.com\/fi\/wp-json\/wp\/v2\/comments?post=125695"}],"version-history":[{"count":0,"href":"https:\/\/www.europesays.com\/fi\/wp-json\/wp\/v2\/posts\/125695\/revisions"}],"wp:featuredmedia":[{"embeddable":true,"href":"https:\/\/www.europesays.com\/fi\/wp-json\/wp\/v2\/media\/125696"}],"wp:attachment":[{"href":"https:\/\/www.europesays.com\/fi\/wp-json\/wp\/v2\/media?parent=125695"}],"wp:term":[{"taxonomy":"category","embeddable":true,"href":"https:\/\/www.europesays.com\/fi\/wp-json\/wp\/v2\/categories?post=125695"},{"taxonomy":"post_tag","embeddable":true,"href":"https:\/\/www.europesays.com\/fi\/wp-json\/wp\/v2\/tags?post=125695"}],"curies":[{"name":"wp","href":"https:\/\/api.w.org\/{rel}","templated":true}]}}