{"id":125714,"date":"2025-12-25T17:54:09","date_gmt":"2025-12-25T17:54:09","guid":{"rendered":"https:\/\/www.europesays.com\/fi\/125714\/"},"modified":"2025-12-25T17:54:09","modified_gmt":"2025-12-25T17:54:09","slug":"tapaninpaivan-klassikko-hippoksella-vastassa-karpat","status":"publish","type":"post","link":"https:\/\/www.europesays.com\/fi\/125714\/","title":{"rendered":"Tapaninp\u00e4iv\u00e4n klassikko Hippoksella \u2013 vastassa K\u00e4rp\u00e4t!"},"content":{"rendered":"<p class=\" p1\"><b>JYP is\u00e4nn\u00f6i Oulun K\u00e4rppi\u00e4 L\u00e4hiTapiola Areenalla perjantaina 26. joulukuuta <\/b><b>klo 18.30 alkaen.<\/b><\/p>\n<p><img fetchpriority=\"high\" decoding=\"async\" class=\"alignleft size-large wp-image-185928\" src=\"https:\/\/www.europesays.com\/fi\/wp-content\/uploads\/2025\/12\/syntymapaivat-2025-12-23t091615599-1024x687.png\" alt=\"Otteluennakko JYP-K\u00e4rp\u00e4t\" width=\"1024\" height=\"687\"  \/><\/p>\n<p class=\"p1\">Joulutauon j\u00e4lkeen JYPin Liiga-kausi jatkuu tiuhaan tahtiin. Kinkkujen ja muiden jouluherkkujen sulattelut alkavat jo perjantaina tapaninp\u00e4iv\u00e4n\u00e4, kun Hippokselle vieraaksi saapuu perinteiseen tapaan Oulun K\u00e4rp\u00e4t. Back-to-back hengess\u00e4 joukkueet kohtaavat toisensa uudestaan seuraavana p\u00e4iv\u00e4n\u00e4 Raksilassa.<\/p>\n<p class=\"p1\">Taukoa edelt\u00e4v\u00e4 viikko oli hurrikaaniryhm\u00e4lt\u00e4 vahva. Kolmesta ottelusta pisteit\u00e4 kertyi kuusi ainoan tappion tullessa huippuvireist\u00e4 SaiPaa vastaan.<\/p>\n<p class=\"p1\">JYP on viikkoon l\u00e4hdett\u00e4ess\u00e4 sarjakolmonen, ja erot molempiin suuntiin ovat todella pieni\u00e4. K\u00e4rkipaikalla porskuttava Tappara on hurrikaaneja viisi pistett\u00e4 edell\u00e4, kun taas sijalla kuusi oleva \u00c4ss\u00e4t on JYPi\u00e4 per\u00e4ss\u00e4 vain pisteen verran.<\/p>\n<p class=\"p1\">JYP-fanit saivat maanantaina aikaisen joululahjan, kun hy\u00f6kk\u00e4\u00e4j\u00e4 <b>Viljami Niemisen<\/b>, 23, loppukauden mittainen pelaajasopimus julkistettiin. Nieminen saapuu vahvistamaan JYPi\u00e4 Vaasan Sportista, jossa h\u00e4n on kiekkoillut kaudesta 22\u201323 l\u00e4htien.<\/p>\n<p class=\"p1\">Kuluvalla kaudella Nieminen on kirjauttanut 12 (7+5) tehopistett\u00e4 ja kuulunut vaasalaisjoukkueen avainpelaajiin. Vasemmalta laukova hy\u00f6kk\u00e4\u00e4j\u00e4 on JYPin k\u00e4ytett\u00e4viss\u00e4 jo t\u00e4ll\u00e4 viikolla.<\/p>\n<p class=\"p1\">Puolustaja <b>Trent Bourque<\/b> on sivussa K\u00e4rp\u00e4t-otteluista, sill\u00e4 h\u00e4net valittu edustamaan Kanadan maajoukkuetta perinteikk\u00e4\u00e4seen Spengler Cupiin. Turnaus pelataan Sveitsin Davosissa 26. \u201331. joulukuuta.<\/p>\n<p><b>Oulun K\u00e4rp\u00e4t<\/b><\/p>\n<p class=\"p1\">K\u00e4rppien alkukausi on sis\u00e4lt\u00e4nyt haasteita, ja oululaisryhm\u00e4 on Liigassa vasta 14:nten\u00e4. Viime viikko oli kuitenkin K\u00e4rpille positiivinen, kun Kiekko-Espoota ja Jukureita vastaan pisteit\u00e4 kertyi yhteens\u00e4 viisi kappaletta. Matkaa pudotuspeliviivaan on t\u00e4ll\u00e4 hetkell\u00e4 viisi pistett\u00e4.<\/p>\n<p class=\"p1\">Sarjasijoituksista huolimatta K\u00e4rp\u00e4t on ollut \u00e4\u00e4rimm\u00e4isen vaikea vastustaja JYPille niin t\u00e4ll\u00e4 kuin useille muillakin kausilla. Kauden kaksi aiempaa kohtaamista ovat k\u00e4\u00e4ntyneet K\u00e4rppien voittoihin. Lokakuun lopussa oululaiset olivat Hippoksella vahvempia voittolaukauskilpailun j\u00e4lkeen maalein 4\u20135.<\/p>\n<p class=\"p1\">K\u00e4rppien ykk\u00f6st\u00e4hti on syyskaudella ollut paluumuuttaja <b>Aku R\u00e4ty<\/b>, joka on Liigan pistep\u00f6rssiss\u00e4 yhdeks\u00e4nten\u00e4 tehoin 14+14=28. Yli 25 pisteeseen ovat ylt\u00e4neet lis\u00e4ksi <b>Roni <\/b><b>Hirvonen<\/b> (7+18) ja <b>Patrik Virta<\/b> (5+20).<\/p>\n<p class=\"p1\">Maalinsuulla <b>Niklas Rubin<\/b> kantaa valtavaa vastuuta, sill\u00e4 h\u00e4n on urakoinut yhdeks\u00e4n viimeisint\u00e4 ottelua. 15 peliss\u00e4 ruotsalaisen torjuntaprosentti on karvan p\u00e4\u00e4lle 90.Lipunmyynti tapaninp\u00e4iv\u00e4n j\u00e4nnitysn\u00e4ytelm\u00e4\u00e4n on k\u00e4ynyt vilkkaana, joten varmista paikkasi nopeasti osoitteesta https:\/\/jyp.tmtickets.fi\/.<\/p>\n<p class=\"p1\">JYP\u2013K\u00e4rp\u00e4t L\u00e4hiTapiola Areenalla 26.12. klo 18.30 alkaen.<\/p>\n<p class=\"p1\">Toimittaja: Elias Jolanki<\/p>\n<p>\t\t\t\t\t\t\t\t\t\t\t\t\t\t\t<a href=\"https:\/\/jyp.tmtickets.fi\/EDP\/Event\/Index\/31?position=18\" class=\"btn huge red-btn filled\" rel=\"nofollow noopener\" target=\"_blank\">Osta lippusi peliin t\u00e4st\u00e4!<\/a><\/p>\n","protected":false},"excerpt":{"rendered":"JYP is\u00e4nn\u00f6i Oulun K\u00e4rppi\u00e4 L\u00e4hiTapiola Areenalla perjantaina 26. joulukuuta klo 18.30 alkaen. Joulutauon j\u00e4lkeen JYPin Liiga-kausi jatkuu tiuhaan&hellip;\n","protected":false},"author":2,"featured_media":125715,"comment_status":"","ping_status":"","sticky":false,"template":"","format":"standard","meta":{"footnotes":""},"categories":[158],"tags":[33,31,30,159,32,160],"class_list":{"0":"post-125714","1":"post","2":"type-post","3":"status-publish","4":"format-standard","5":"has-post-thumbnail","7":"category-urheilu","8":"tag-fi","9":"tag-finland","10":"tag-finnish","11":"tag-sports","12":"tag-suomi","13":"tag-urheilu"},"share_on_mastodon":{"url":"https:\/\/pubeurope.com\/@fi\/115781492363546214","error":""},"_links":{"self":[{"href":"https:\/\/www.europesays.com\/fi\/wp-json\/wp\/v2\/posts\/125714","targetHints":{"allow":["GET"]}}],"collection":[{"href":"https:\/\/www.europesays.com\/fi\/wp-json\/wp\/v2\/posts"}],"about":[{"href":"https:\/\/www.europesays.com\/fi\/wp-json\/wp\/v2\/types\/post"}],"author":[{"embeddable":true,"href":"https:\/\/www.europesays.com\/fi\/wp-json\/wp\/v2\/users\/2"}],"replies":[{"embeddable":true,"href":"https:\/\/www.europesays.com\/fi\/wp-json\/wp\/v2\/comments?post=125714"}],"version-history":[{"count":0,"href":"https:\/\/www.europesays.com\/fi\/wp-json\/wp\/v2\/posts\/125714\/revisions"}],"wp:featuredmedia":[{"embeddable":true,"href":"https:\/\/www.europesays.com\/fi\/wp-json\/wp\/v2\/media\/125715"}],"wp:attachment":[{"href":"https:\/\/www.europesays.com\/fi\/wp-json\/wp\/v2\/media?parent=125714"}],"wp:term":[{"taxonomy":"category","embeddable":true,"href":"https:\/\/www.europesays.com\/fi\/wp-json\/wp\/v2\/categories?post=125714"},{"taxonomy":"post_tag","embeddable":true,"href":"https:\/\/www.europesays.com\/fi\/wp-json\/wp\/v2\/tags?post=125714"}],"curies":[{"name":"wp","href":"https:\/\/api.w.org\/{rel}","templated":true}]}}