{"id":125716,"date":"2025-12-25T17:55:07","date_gmt":"2025-12-25T17:55:07","guid":{"rendered":"https:\/\/www.europesays.com\/fi\/125716\/"},"modified":"2025-12-25T17:55:07","modified_gmt":"2025-12-25T17:55:07","slug":"tallaisia-erityisia-lemmikkeja-maailmantahdilla-on-ollut","status":"publish","type":"post","link":"https:\/\/www.europesays.com\/fi\/125716\/","title":{"rendered":"t\u00e4llaisia erityisi\u00e4 lemmikkej\u00e4 maailmant\u00e4hdill\u00e4 on ollut"},"content":{"rendered":"<p><strong class=\"typography-bold\">Maailmant\u00e4hdill\u00e4 on ollut mit\u00e4 erityisempi\u00e4 lemmikkiel\u00e4imi\u00e4.<\/strong><\/p>\n<p>Yhdysvaltalaist\u00e4hdill\u00e4 on ollut mit\u00e4 erikoisimpia lemmikkiel\u00e4imi\u00e4, mit\u00e4 tulee <a class=\"underline\" data-testid=\"external-link\" href=\"https:\/\/www.eonline.com\/photos\/19660\/unusual-celebrity-pets\" rel=\"noopener noreferrer nofollow\" target=\"_blank\" data-sentry-component=\"ExternalLink\" data-sentry-source-file=\"ExternalLink.tsx\">E! Newsin<\/a> listaukseen. Monilla on edelleen perinteisten koirien ja kissojen lis\u00e4ksi hiukan harvinaisempia lemmikkej\u00e4.<\/p>\n<p>Hollywood-t\u00e4hti <a class=\"cursor-pointer underline\" data-testid=\"internal-link\" role=\"link\" data-sentry-element=\"Link\" data-sentry-component=\"InternalLink\" data-sentry-source-file=\"InternalLink.tsx\" href=\"https:\/\/www.mtvuutiset.fi\/aihe\/reese-witherspoon\/2890080\" rel=\"nofollow noopener\" target=\"_blank\"><strong class=\"typography-bold\">Reese Witherspoon<\/strong> <\/a>omistaa aasin nimelt\u00e4 Honkey the Donkey. Witherspoon on kertonut talk show -haastattelussa, ett\u00e4 aasit ovat h\u00e4nen mielest\u00e4\u00e4n s\u00f6p\u00f6j\u00e4. N\u00e4yttelij\u00e4 hankki lemmikkins\u00e4, koska h\u00e4nen yst\u00e4v\u00e4ll\u00e4\u00e4nkin oli samanlainen.<\/p>\n<p>Takavuosien rap-artisti <strong class=\"typography-bold\">Vanilla Icen<\/strong> on kerrottu omistaneen kengurun, sek\u00e4 vuohen. R\u00e4pp\u00e4ri on kertonut, ett\u00e4 kaksikko viihtyi niin tiiviisti toistensa seurassa, ett\u00e4 ne jopa karkasivat joskus yhdess\u00e4.<\/p>\n<p>Elokuvan kultavuosien supert\u00e4hti <strong class=\"typography-bold\">Audrey Hepburn<\/strong> omisti saksanhirven vasan, josta huhujen mukaan tuli t\u00e4hdelle niin l\u00e4heinen, ett\u00e4 h\u00e4n nukkuikin el\u00e4imen kanssa.<\/p>\n","protected":false},"excerpt":{"rendered":"Maailmant\u00e4hdill\u00e4 on ollut mit\u00e4 erityisempi\u00e4 lemmikkiel\u00e4imi\u00e4. Yhdysvaltalaist\u00e4hdill\u00e4 on ollut mit\u00e4 erikoisimpia lemmikkiel\u00e4imi\u00e4, mit\u00e4 tulee E! Newsin listaukseen. Monilla&hellip;\n","protected":false},"author":2,"featured_media":125717,"comment_status":"","ping_status":"","sticky":false,"template":"","format":"standard","meta":{"footnotes":""},"categories":[130],"tags":[137,33,31,30,32,109],"class_list":{"0":"post-125716","1":"post","2":"type-post","3":"status-publish","4":"format-standard","5":"has-post-thumbnail","7":"category-viihde","8":"tag-entertainment","9":"tag-fi","10":"tag-finland","11":"tag-finnish","12":"tag-suomi","13":"tag-viihde"},"share_on_mastodon":{"url":"https:\/\/pubeurope.com\/@fi\/115781495849484735","error":""},"_links":{"self":[{"href":"https:\/\/www.europesays.com\/fi\/wp-json\/wp\/v2\/posts\/125716","targetHints":{"allow":["GET"]}}],"collection":[{"href":"https:\/\/www.europesays.com\/fi\/wp-json\/wp\/v2\/posts"}],"about":[{"href":"https:\/\/www.europesays.com\/fi\/wp-json\/wp\/v2\/types\/post"}],"author":[{"embeddable":true,"href":"https:\/\/www.europesays.com\/fi\/wp-json\/wp\/v2\/users\/2"}],"replies":[{"embeddable":true,"href":"https:\/\/www.europesays.com\/fi\/wp-json\/wp\/v2\/comments?post=125716"}],"version-history":[{"count":0,"href":"https:\/\/www.europesays.com\/fi\/wp-json\/wp\/v2\/posts\/125716\/revisions"}],"wp:featuredmedia":[{"embeddable":true,"href":"https:\/\/www.europesays.com\/fi\/wp-json\/wp\/v2\/media\/125717"}],"wp:attachment":[{"href":"https:\/\/www.europesays.com\/fi\/wp-json\/wp\/v2\/media?parent=125716"}],"wp:term":[{"taxonomy":"category","embeddable":true,"href":"https:\/\/www.europesays.com\/fi\/wp-json\/wp\/v2\/categories?post=125716"},{"taxonomy":"post_tag","embeddable":true,"href":"https:\/\/www.europesays.com\/fi\/wp-json\/wp\/v2\/tags?post=125716"}],"curies":[{"name":"wp","href":"https:\/\/api.w.org\/{rel}","templated":true}]}}