{"id":125719,"date":"2025-12-25T17:59:08","date_gmt":"2025-12-25T17:59:08","guid":{"rendered":"https:\/\/www.europesays.com\/fi\/125719\/"},"modified":"2025-12-25T17:59:08","modified_gmt":"2025-12-25T17:59:08","slug":"norjan-kruununprinsessa-kommentoi-ensimmaista-kertaa-syytteita-esikoistaan-vastaan-otamme-tilanteen-vakavasti-uutisia-lyhyesti","status":"publish","type":"post","link":"https:\/\/www.europesays.com\/fi\/125719\/","title":{"rendered":"Norjan kruununprinsessa kommentoi ensimm\u00e4ist\u00e4 kertaa syytteit\u00e4 esikoistaan vastaan: Otamme tilanteen vakavasti | Uutisia lyhyesti"},"content":{"rendered":"<p class=\"aw-1gybjub aw-5vja16 kEtdKx kmuxyA yle__article__paragraph\">Marius Borg H\u00f8ibyn oikeudenk\u00e4ynti alkaa 3. helmikuuta Oslon k\u00e4r\u00e4j\u00e4oikeudessa. <\/p>\n<p><img decoding=\"async\" alt=\"Mette-Marit ja Haakon istuvat p\u00f6yd\u00e4ss\u00e4.\" src=\"https:\/\/www.europesays.com\/fi\/wp-content\/uploads\/2025\/12\/39-1574494694d4f2a44ed9.jpeg\" class=\"aw-1l9m598 hKVVvP\"\/><\/p>\n<p>Avaa kuvien katselu<\/p>\n<p>Kruununprinsessa Mette-Marit ja kruununprinssi Haakon vierailivat vanhainkodissa Olossa viime viikolla. Kuva: AOP<\/p>\n<p class=\"aw-1gybjub aw-1p7kakr kEtdKx cEmitX yle__article__paragraph\">Norjan kruununprinsessan esikoispojan <strong class=\"aw-ak79eh KyCXm yle__article__strong\">Marius Borg H\u00f8ibyn<\/strong> oikeudenk\u00e4ynti alkaa reilun kuukauden kuluttua. H\u00e4nt\u00e4 syytet\u00e4\u00e4n nelj\u00e4st\u00e4 raiskauksesta ja useista muista rikoksista.<\/p>\n<p class=\"aw-1gybjub aw-1p7kakr kEtdKx cEmitX yle__article__paragraph\">Kruununprinsessa <strong class=\"aw-ak79eh KyCXm yle__article__strong\">Mette-Marit<\/strong> kommentoi nyt ensimm\u00e4ist\u00e4 kertaa poikaansa vastaan esitettyj\u00e4 syytteit\u00e4. Kuningasperhe on antanut vuoden p\u00e4\u00e4ttyess\u00e4 laajan haastattelun <a class=\"aw-iao6s4 iHOxEa yle__article__link\" href=\"https:\/\/www.nrk.no\/norge\/xl\/kong-harald_-_-haper-de-berorte-far-det-bedre-etter-rettssaken-1.17696238\" role=\"link\" rel=\"nofollow noopener\" target=\"_blank\">yleisradioyhti\u00f6 NRK:lle.<\/a><\/p>\n<p class=\"aw-1gybjub aw-1p7kakr kEtdKx cEmitX yle__article__paragraph\">\u2013 Se mist\u00e4 tulen ehk\u00e4 surullisimmaksi, on se, ett\u00e4 meit\u00e4 kritisoidaan siit\u00e4, miten olemme hoitaneet t\u00e4t\u00e4 vanhempina. Ett\u00e4 emme ole ottaneet sit\u00e4 vakavasti, Mette-Marit sanoo.<\/p>\n<p><img decoding=\"async\" alt=\"Marius Borg H\u00f8iby ottaa moottoripy\u00f6r\u00e4kyp\u00e4r\u00e4\u00e4 p\u00e4\u00e4st\u00e4\u00e4n moottoripy\u00f6r\u00e4n vieress\u00e4.\" src=\"https:\/\/www.europesays.com\/fi\/wp-content\/uploads\/2025\/12\/39-1574491694d4db1eda80.jpeg\" loading=\"lazy\" class=\"aw-1l9m598 hKVVvP\"\/><\/p>\n<p>Avaa kuvien katselu<\/p>\n<p>Marius Borg H\u00f8iby saapui kruununprinsessa Mette-Maritin yksityisille syntym\u00e4p\u00e4iv\u00e4juhlille moottoripy\u00f6r\u00e4ll\u00e4 elokuussa 2023. Kuva: AOP<\/p>\n<p class=\"aw-1gybjub aw-1p7kakr kEtdKx cEmitX yle__article__paragraph\">Kruununprinsessa huomauttaa, ett\u00e4 vanhempana ihminen on haavoittumimmillaan.<\/p>\n<p class=\"aw-1gybjub aw-1p7kakr kEtdKx cEmitX yle__article__paragraph\">H\u00e4n kertoo, ett\u00e4 syytteet esikoista vastaan ovat aiheuttaneet h\u00e4nelle paljon itsesyyt\u00f6ksi\u00e4.<\/p>\n<p class=\"aw-1gybjub aw-1p7kakr kEtdKx cEmitX yle__article__paragraph\">\u2013 Meit\u00e4 arvostellaan ankarasti tilanteessa, jossa olemme yritt\u00e4neet tehd\u00e4 parhaamme ja hakeneet ammattiapua&#8230; Se tuntuu hieman ep\u00e4oikeudenmukaiselta.<\/p>\n<p class=\"aw-1gybjub aw-1p7kakr kEtdKx cEmitX yle__article__paragraph\">H\u00f8iby on selitt\u00e4nyt ep\u00e4iltyj\u00e4 rikoksiaan alkoholin ja huumeiden k\u00e4yt\u00f6ll\u00e4. H\u00e4n on my\u00f6s kertonut k\u00e4rsiv\u00e4ns\u00e4 mielenterveysongelmista.<\/p>\n<p class=\"aw-1gybjub aw-1p7kakr kEtdKx cEmitX yle__article__paragraph\">\u2013 Meit\u00e4 on arvosteltu siit\u00e4, ettemme olisi ottaneet tilannetta vakavasti. Mielest\u00e4ni olemme ottaneet.<\/p>\n<p><img decoding=\"async\" alt=\"Mustiin pukeutuneet nainen ja mies. Naisen syliss\u00e4 vauva ja pariskunnan v\u00e4liss\u00e4 sohvalla v\u00e4h\u00e4n isompi poika.\" src=\"https:\/\/www.europesays.com\/fi\/wp-content\/uploads\/2025\/12\/39-1574497694d548154285.jpeg\" loading=\"lazy\" class=\"aw-1l9m598 hKVVvP\"\/><\/p>\n<p>Avaa kuvien katselu<\/p>\n<p>Kruununprinsessa Mette-Marit ja kruununprinssi Haakon kuvaustuokiossa helmikuussa 2004. Mette-Maritin syliss\u00e4 on parin ensimm\u00e4inen yhteinen lapsi prinsessa Ingrid Alexander. Aiemmasta suhteesta syntynyt Marius istuu sohvalla. Kuva: EPA<img decoding=\"async\" alt=\"Marius Borg H\u00f8iby katsoo \u00e4iti\u00e4\u00e4n Mette-Maritia. Molemmat ovat pukeutuneet juhlallisesti.\" src=\"https:\/\/www.europesays.com\/fi\/wp-content\/uploads\/2025\/08\/39-1486811685e8c5f8c47b.jpeg\" loading=\"lazy\" class=\"aw-1l9m598 hKVVvP\"\/><\/p>\n<p>Avaa kuvien katselu<\/p>\n<p>Marius Borg H\u00f8iby ka Norjan kruununprinsessa Mette-Marit osallistuvat hallituksen juhlatapahtumaan Oslossa kes\u00e4kuussa 2022. Kuva: Lise Aserud \/ EPA<\/p>\n<p class=\"aw-1gybjub aw-1p7kakr kEtdKx cEmitX yle__article__paragraph\">Kruununprinssipari ei halua kertoa, aikovatko he osallistua oikeudenk\u00e4yntiin. Mette-Marit kuitenkin korostaa, ett\u00e4 asia pit\u00e4\u00e4 k\u00e4sitell\u00e4 oikeusj\u00e4rjestelm\u00e4ss\u00e4.<\/p>\n<p class=\"aw-1gybjub aw-1p7kakr kEtdKx cEmitX yle__article__paragraph\">\u2013 Sinne se kuuluu. Emme halua puuttua itse tapaukseen tai yksityisasioihin ennen kuin se on k\u00e4sitelty oikeusj\u00e4rjestelm\u00e4ss\u00e4.<\/p>\n<p>Kuningas: Otamme vastaan sen, mit\u00e4 tulee<\/p>\n<p class=\"aw-1gybjub aw-1p7kakr kEtdKx cEmitX yle__article__paragraph\">My\u00f6s kuningas <strong class=\"aw-ak79eh KyCXm yle__article__strong\">Harald<\/strong> kommentoi NRK:n haastattelussa tulevaa oikeudenk\u00e4ynti\u00e4.<\/p>\n<p class=\"aw-1gybjub aw-1p7kakr kEtdKx cEmitX yle__article__paragraph\">\u2013 Siihen ei ole mahdollista valmistautua, kuningas Harald sanoo.<\/p>\n<p class=\"aw-1gybjub aw-1p7kakr kEtdKx cEmitX yle__article__paragraph\">\u2013 Mutta nyt t\u00e4m\u00e4 on tuomioistuimen k\u00e4siss\u00e4, ja oikeudenk\u00e4ynti on m\u00e4\u00e4r\u00e4tty. Se tulee etenem\u00e4\u00e4n omaa tahtiaan. Otamme vastaan sen, mit\u00e4 tulee.<\/p>\n<p><img decoding=\"async\" alt=\"Kuningas Harald istuu p\u00f6yd\u00e4n \u00e4\u00e4ress\u00e4. Taustalla ikkuna.\" src=\"https:\/\/www.europesays.com\/fi\/wp-content\/uploads\/2025\/12\/39-1574499694d5625c890b.jpeg\" loading=\"lazy\" class=\"aw-1l9m598 hKVVvP\"\/><\/p>\n<p>Avaa kuvien katselu<\/p>\n<p>Norjan kuningas Harald Norjan merimieskirkossa Lontoossa  marraskuussa. Kuva: Stella Pictures<\/p>\n<p class=\"aw-1gybjub aw-1p7kakr kEtdKx cEmitX yle__article__paragraph\">Kuningas Harald sanoo my\u00f6s, ett\u00e4 kuningasperhe tuntee my\u00f6t\u00e4tuntoa kaikki asianosaisia kohtaan. H\u00e4n toivoo, ett\u00e4 he voivat paremmin oikeudenk\u00e4ynnin j\u00e4lkeen.<\/p>\n<p class=\"aw-1gybjub aw-1p7kakr kEtdKx cEmitX yle__article__paragraph\">Marius Borg H\u00f8ibyn oikeudenk\u00e4ynti alkaa 3. helmikuuta Oslon k\u00e4r\u00e4j\u00e4oikeudessa. Tapauksen k\u00e4sittelylle on varattu seitsem\u00e4n viikkoa.<\/p>\n<p class=\"aw-1gybjub aw-1p7kakr kEtdKx cEmitX yle__article__paragraph\">H\u00f8iby on syntynyt Mette-Maritin aikaisemmasta suhteesta. H\u00e4n on kasvanut osana Norjan kuninkaallista perhett\u00e4 lapsesta l\u00e4htien, mutta h\u00e4nell\u00e4 ei ole titteli\u00e4 tai virallista asemaa.<\/p>\n","protected":false},"excerpt":{"rendered":"Marius Borg H\u00f8ibyn oikeudenk\u00e4ynti alkaa 3. helmikuuta Oslon k\u00e4r\u00e4j\u00e4oikeudessa. Avaa kuvien katselu Kruununprinsessa Mette-Marit ja kruununprinssi Haakon vierailivat&hellip;\n","protected":false},"author":2,"featured_media":125720,"comment_status":"","ping_status":"","sticky":false,"template":"","format":"standard","meta":{"footnotes":""},"categories":[14],"tags":[22,23,26,27,33,31,30,17,24,25,28,29,925,10788,15,5586,2098,18,21,1263,32,19,20,56,16,59,60,61],"class_list":{"0":"post-125719","1":"post","2":"type-post","3":"status-publish","4":"format-standard","5":"has-post-thumbnail","7":"category-ulkomaat","8":"tag-breaking-news","9":"tag-breakingnews","10":"tag-featured-news","11":"tag-featurednews","12":"tag-fi","13":"tag-finland","14":"tag-finnish","15":"tag-headlines","16":"tag-latest-news","17":"tag-latestnews","18":"tag-main-news","19":"tag-mainnews","20":"tag-marius-borg-hoiby","21":"tag-mette-marit","22":"tag-news","23":"tag-norjan-kuninkaalliset","24":"tag-oikeudenkaynnit","25":"tag-otsikot","26":"tag-paauutiset","27":"tag-rikosepailyt","28":"tag-suomi","29":"tag-top-stories","30":"tag-topstories","31":"tag-ulkomaat","32":"tag-uutiset","33":"tag-world","34":"tag-world-news","35":"tag-worldnews"},"share_on_mastodon":{"url":"https:\/\/pubeurope.com\/@fi\/115781512267524372","error":""},"_links":{"self":[{"href":"https:\/\/www.europesays.com\/fi\/wp-json\/wp\/v2\/posts\/125719","targetHints":{"allow":["GET"]}}],"collection":[{"href":"https:\/\/www.europesays.com\/fi\/wp-json\/wp\/v2\/posts"}],"about":[{"href":"https:\/\/www.europesays.com\/fi\/wp-json\/wp\/v2\/types\/post"}],"author":[{"embeddable":true,"href":"https:\/\/www.europesays.com\/fi\/wp-json\/wp\/v2\/users\/2"}],"replies":[{"embeddable":true,"href":"https:\/\/www.europesays.com\/fi\/wp-json\/wp\/v2\/comments?post=125719"}],"version-history":[{"count":0,"href":"https:\/\/www.europesays.com\/fi\/wp-json\/wp\/v2\/posts\/125719\/revisions"}],"wp:featuredmedia":[{"embeddable":true,"href":"https:\/\/www.europesays.com\/fi\/wp-json\/wp\/v2\/media\/125720"}],"wp:attachment":[{"href":"https:\/\/www.europesays.com\/fi\/wp-json\/wp\/v2\/media?parent=125719"}],"wp:term":[{"taxonomy":"category","embeddable":true,"href":"https:\/\/www.europesays.com\/fi\/wp-json\/wp\/v2\/categories?post=125719"},{"taxonomy":"post_tag","embeddable":true,"href":"https:\/\/www.europesays.com\/fi\/wp-json\/wp\/v2\/tags?post=125719"}],"curies":[{"name":"wp","href":"https:\/\/api.w.org\/{rel}","templated":true}]}}