{"id":125721,"date":"2025-12-25T18:00:14","date_gmt":"2025-12-25T18:00:14","guid":{"rendered":"https:\/\/www.europesays.com\/fi\/125721\/"},"modified":"2025-12-25T18:00:14","modified_gmt":"2025-12-25T18:00:14","slug":"joulumatkailijat-tayttivat-leirintaalueen-rovaniemella-puolalainen-karavaanari-emme-edes-harkinneet-hotellia-lappi","status":"publish","type":"post","link":"https:\/\/www.europesays.com\/fi\/125721\/","title":{"rendered":"Joulumatkailijat t\u00e4yttiv\u00e4t leirint\u00e4alueen Rovaniemell\u00e4 \u2013 puolalainen karavaanari: Emme edes harkinneet hotellia | Lappi"},"content":{"rendered":"<p class=\"aw-1gybjub aw-5vja16 kEtdKx kmuxyA yle__article__paragraph\">Rovaniemell\u00e4 Kemijoen rannalla on tilaa karavaanareille ensimm\u00e4ist\u00e4 kertaa my\u00f6s talvikaudella.<\/p>\n<p><img decoding=\"async\" alt=\"Mies ja nainen seisovat talvivaatteissa kameralle hymyillen. Etualalla joulukuusi, taustalla m\u00f6kkivaunu ja asuntoauto.\" src=\"https:\/\/www.europesays.com\/fi\/wp-content\/uploads\/2025\/12\/39-1574462694d34047c797.jpeg\" class=\"aw-1l9m598 hKVVvP\"\/><\/p>\n<p>Avaa kuvien katselu<\/p>\n<p>Ounaskoski Campingin yritt\u00e4j\u00e4t Topias ja Katri Puljula ovat tyytyv\u00e4isi\u00e4 joulukauden varausm\u00e4\u00e4r\u00e4\u00e4n. Alkuvuodesta saunoja vuokrataan my\u00f6s paikallisille. Kuva: Emilia Saukkonen \/ Yle<\/p>\n<ul class=\"aw-1jjocuh iJTSwP yle__article__list yle__article__list--ul\">\n<li class=\"aw-1j7gwms gNYKfi\">Rovaniemel\u00e4inen leirint\u00e4alue on ensimm\u00e4ist\u00e4 kertaa auki my\u00f6s talvella.<\/li>\n<li class=\"aw-1j7gwms gNYKfi\">Se tarjoaa hotelleja edullisemman majoituksen ja houkuttelee etenkin ulkomaisia matkailuautoturisteja.<\/li>\n<li class=\"aw-1j7gwms gNYKfi\">Toiminnan jatko on ep\u00e4varmaa, sill\u00e4 Rovaniemen kaupunki irtisanoi yritt\u00e4j\u00e4n vuokrasopimuksen syksyll\u00e4.<\/li>\n<li class=\"aw-1j7gwms gNYKfi\">Leirint\u00e4alueella on ollut talvimatkailijoita muun muassa Saksasta ja Espanjasta.<\/li>\n<\/ul>\n<p class=\"aw-1gybjub aw-1p7kakr kEtdKx cEmitX yle__article__paragraph\">Joulupaitaan pukeutunut norjalaismies tyhjent\u00e4\u00e4 valtavan matkailuauton vessas\u00e4ili\u00f6t\u00e4. Vieress\u00e4 oman autonsa vesivarantoja t\u00e4ytt\u00e4\u00e4 saksalainen pariskunta tonttulakeissa.<\/p>\n<p class=\"aw-1gybjub aw-1p7kakr kEtdKx cEmitX yle__article__paragraph\">Rovaniemell\u00e4 talvimatkailuun on tarjolla t\u00e4n\u00e4 vuonna erikoisempi majoitusvaihtoehto.<\/p>\n<p class=\"aw-1gybjub aw-1p7kakr kEtdKx cEmitX yle__article__paragraph\">Keskustan kupeessa, Kemijoen varrella sijaitseva Ounaskoski Camping on avoinna ensimm\u00e4ist\u00e4 kertaa my\u00f6s talven ajan. Saatavilla on niin karavaanipaikkoja kuin vuokrattavia m\u00f6kkivaunuja. Mukana on my\u00f6s seitsem\u00e4n kuukauden mittaisia kausipaikkoja.<\/p>\n<p class=\"aw-1gybjub aw-1p7kakr kEtdKx cEmitX yle__article__paragraph\">\u2013 Meille on tullut jo useamman vuoden ajan talvipaikkojen kyselyit\u00e4 ulkomailta. Turisteja tulee yh\u00e4 enemm\u00e4n matkailuautolla Lappiin, kertoo Ounaskoski Campingin yritt\u00e4j\u00e4 <strong class=\"aw-ak79eh KyCXm yle__article__strong\">Katri Puljula<\/strong>.<\/p>\n<p class=\"aw-1gybjub aw-1p7kakr kEtdKx cEmitX yle__article__paragraph\">Asiakaskunta on ehtinyt alkaneet talvikauden aikana olla jo kirjava: matkaajia on tullut omilla autoillaan muun muassa Saksasta, Espanjasta ja Pohjoismaista. Suomalaisilla ja ruotsalaisilla vuokra-autoilla karavaanareita on my\u00f6s Intiasta, Marokosta ja Yhdysvalloista.<\/p>\n<p>Hotellia halvempi ja eksoottisempi<\/p>\n<p class=\"aw-1gybjub aw-1p7kakr kEtdKx cEmitX yle__article__paragraph\">Talvikaudella toimivia leirint\u00e4alueita on muuallakin Suomessa. Lapissa niit\u00e4 on esimerkiksi Ivalojoen varrella sek\u00e4 tunturikeskuksissa Levill\u00e4 ja Yll\u00e4ksell\u00e4.<\/p>\n<p class=\"aw-1gybjub aw-1p7kakr kEtdKx cEmitX yle__article__paragraph\">Rovaniemen majoitustilanne on muuttunut viime vuosina rajusti. <a class=\"aw-iao6s4 iHOxEa yle__article__link\" href=\"https:\/\/yle.fi\/a\/74-20147561\" role=\"link\" rel=\"nofollow noopener\" target=\"_blank\">Lyhytvuokraus on nostanut suosiotaan<\/a> ja samalla my\u00f6s <a class=\"aw-iao6s4 iHOxEa yle__article__link\" href=\"https:\/\/yle.fi\/a\/74-20180651\" role=\"link\" rel=\"nofollow noopener\" target=\"_blank\">korottanut hotellien hintoja<\/a>.<\/p>\n<p class=\"aw-1gybjub aw-1p7kakr kEtdKx cEmitX yle__article__paragraph\">T\u00e4m\u00e4 n\u00e4kyy my\u00f6s Ounaskosken leirint\u00e4alueella. <strong class=\"aw-ak79eh KyCXm yle__article__strong\">Topias Puljulan<\/strong> mukaan moni asiakas kertoo valinneensa matkailuauton juuri hintasyyst\u00e4.<\/p>\n<p class=\"aw-1gybjub aw-1p7kakr kEtdKx cEmitX yle__article__paragraph\">\u2013 Olemme mekin joutuneet korottamaan joulun ajalle hintoja, mutta silti leiriytyminen on Rovaniemen hotelleja halvempaa.<\/p>\n<p class=\"aw-1gybjub aw-1p7kakr kEtdKx cEmitX yle__article__paragraph\">H\u00e4nen mukaansa asiakkailta on tullut my\u00f6s kiitosta leirint\u00e4alueen sijainnista: keskusta on Kemijoen toisella puolella.<\/p>\n<p class=\"aw-1gybjub aw-1p7kakr kEtdKx cEmitX yle__article__paragraph\">\u2013 Kokemus voi olla eksoottinen: olet kaupungin l\u00e4hell\u00e4 mutta melko luonnon \u00e4\u00e4rell\u00e4. T\u00e4ll\u00e4 puolella jokea revontuletkin n\u00e4kyv\u00e4t paremmin, Puljula sanoo.<\/p>\n<p>Rovaniemen Ounaskoski Campingin leirint\u00e4alueella on riitt\u00e4nyt talvikaudella etenkin eurooppalaisia matkailijoita. Video: Emilia Saukkonen \/ Yle, Tuukka Hoikkala \/ Yle<\/p>\n<p class=\"aw-1gybjub aw-1p7kakr kEtdKx cEmitX yle__article__paragraph\">Leirint\u00e4alueen asiakkaat saavat k\u00e4ytt\u00e4\u00e4 l\u00e4mmint\u00e4 huoltorakennusta, josta l\u00f6ytyv\u00e4t muun muassa keitti\u00f6, suihkut ja vessat. Rantaan matkailuyritys rakensi saunat, joista p\u00e4\u00e4see my\u00f6s avantoon. Joulunaikaan tarjolla on ollut my\u00f6s teemaan sopivaa aamiaista.<\/p>\n<p class=\"aw-1gybjub aw-1p7kakr kEtdKx cEmitX yle__article__paragraph\">Yritt\u00e4j\u00e4perhe toivoo voivansa pit\u00e4\u00e4 leirint\u00e4aluetta jatkossakin auki vuoden ymp\u00e4ri. Tilanne on kuitenkin avoin, sill\u00e4 Rovaniemen kaupunki <a class=\"aw-iao6s4 iHOxEa yle__article__link\" href=\"https:\/\/yle.fi\/a\/74-20185859\" role=\"link\" rel=\"nofollow noopener\" target=\"_blank\">irtisanoi yrityksen vuokrasopimuksen syksyll\u00e4<\/a>.<\/p>\n<p>Talvileirinn\u00e4ss\u00e4 on tunnelmaa<\/p>\n<p class=\"aw-1gybjub aw-1p7kakr kEtdKx cEmitX yle__article__paragraph\">Puolalaiset <strong class=\"aw-ak79eh KyCXm yle__article__strong\">Agnieszka Krzywkowska<\/strong> ja <strong class=\"aw-ak79eh KyCXm yle__article__strong\">Daniel Krzywkowski<\/strong> saapuivat Rovaniemelle matkailuautolla Norjasta.<\/p>\n<p class=\"aw-1gybjub aw-1p7kakr kEtdKx cEmitX yle__article__paragraph\">\u2013 Emme halunneet tulla hotellimatkalle. Halusimme olla l\u00e4hemp\u00e4n\u00e4 luontoa, he perustelevat majoitusvalintaansa.<\/p>\n<p class=\"aw-1gybjub aw-1p7kakr kEtdKx cEmitX yle__article__paragraph\">Pariskunta on tottunut talviajan karavaaniretkiin. Autoa koristavat lukuisat tarrat kertovat aiemmista matkoista. Krzywkowska on somistanut autoa sis\u00e4lt\u00e4 jouluvaloilla.<\/p>\n<p><img decoding=\"async\" alt=\"Talvinen leirint\u00e4alue, jossa kaksi matkailuautoa. Etualalla punavalkoisen matkailuauton vieress\u00e4 on pieni joulukuusi. Luminen maa ja taustalla puita.\" src=\"https:\/\/www.europesays.com\/fi\/wp-content\/uploads\/2025\/12\/39-1574463694d35107d734.jpeg\" loading=\"lazy\" class=\"aw-1l9m598 hKVVvP\"\/><\/p>\n<p>Avaa kuvien katselu<\/p>\n<p>Tarkkasilm\u00e4inen l\u00f6yt\u00e4\u00e4 jouluntunnelmaa p\u00e4iv\u00e4ksi tyhjenneelt\u00e4 leirint\u00e4alueelta. Kuva: Emilia Saukkonen \/ Yle<\/p>\n<p class=\"aw-1gybjub aw-1p7kakr kEtdKx cEmitX yle__article__paragraph\">Leirint\u00e4alueen joulup\u00e4iv\u00e4n tunnelma on rauhallisen harras. Espanjaksi puhuva nauravainen perhe ottaa kuvia ulkona samanlaisiin pyjamiin pukeutuneena, mutta muuten on hiljaista.<\/p>\n<p class=\"aw-1gybjub aw-1p7kakr kEtdKx cEmitX yle__article__paragraph\">Moni auto suuntaa p\u00e4iv\u00e4ksi Joulupukkia tapaamaan tai muuten alueesta nauttimaan. Illan tullen autopaikat t\u00e4yttyv\u00e4t j\u00e4lleen.<\/p>\n<p class=\"aw-1gybjub aw-1p7kakr kEtdKx cEmitX yle__article__paragraph\">Matkailuautojen ikkunoista tuikkii jouluvaloja. Yhden vaunun pihaan on pystytetty pieni kuusi, joka kaatuu talvituulessa.<\/p>\n","protected":false},"excerpt":{"rendered":"Rovaniemell\u00e4 Kemijoen rannalla on tilaa karavaanareille ensimm\u00e4ist\u00e4 kertaa my\u00f6s talvikaudella. Avaa kuvien katselu Ounaskoski Campingin yritt\u00e4j\u00e4t Topias ja&hellip;\n","protected":false},"author":2,"featured_media":125722,"comment_status":"","ping_status":"","sticky":false,"template":"","format":"standard","meta":{"footnotes":""},"categories":[12],"tags":[22,23,26,27,33,31,30,17,22408,71,667,24,25,22407,28,29,1478,4724,15,18,21,1057,32,19,20,16],"class_list":{"0":"post-125721","1":"post","2":"type-post","3":"status-publish","4":"format-standard","5":"has-post-thumbnail","7":"category-suomi","8":"tag-breaking-news","9":"tag-breakingnews","10":"tag-featured-news","11":"tag-featurednews","12":"tag-fi","13":"tag-finland","14":"tag-finnish","15":"tag-headlines","16":"tag-karavaanarit","17":"tag-kotimaa","18":"tag-lappi","19":"tag-latest-news","20":"tag-latestnews","21":"tag-leirinta","22":"tag-main-news","23":"tag-mainnews","24":"tag-matkailu","25":"tag-matkailuautot","26":"tag-news","27":"tag-otsikot","28":"tag-paauutiset","29":"tag-rovaniemi","30":"tag-suomi","31":"tag-top-stories","32":"tag-topstories","33":"tag-uutiset"},"share_on_mastodon":{"url":"https:\/\/pubeurope.com\/@fi\/115781515655415813","error":""},"_links":{"self":[{"href":"https:\/\/www.europesays.com\/fi\/wp-json\/wp\/v2\/posts\/125721","targetHints":{"allow":["GET"]}}],"collection":[{"href":"https:\/\/www.europesays.com\/fi\/wp-json\/wp\/v2\/posts"}],"about":[{"href":"https:\/\/www.europesays.com\/fi\/wp-json\/wp\/v2\/types\/post"}],"author":[{"embeddable":true,"href":"https:\/\/www.europesays.com\/fi\/wp-json\/wp\/v2\/users\/2"}],"replies":[{"embeddable":true,"href":"https:\/\/www.europesays.com\/fi\/wp-json\/wp\/v2\/comments?post=125721"}],"version-history":[{"count":0,"href":"https:\/\/www.europesays.com\/fi\/wp-json\/wp\/v2\/posts\/125721\/revisions"}],"wp:featuredmedia":[{"embeddable":true,"href":"https:\/\/www.europesays.com\/fi\/wp-json\/wp\/v2\/media\/125722"}],"wp:attachment":[{"href":"https:\/\/www.europesays.com\/fi\/wp-json\/wp\/v2\/media?parent=125721"}],"wp:term":[{"taxonomy":"category","embeddable":true,"href":"https:\/\/www.europesays.com\/fi\/wp-json\/wp\/v2\/categories?post=125721"},{"taxonomy":"post_tag","embeddable":true,"href":"https:\/\/www.europesays.com\/fi\/wp-json\/wp\/v2\/tags?post=125721"}],"curies":[{"name":"wp","href":"https:\/\/api.w.org\/{rel}","templated":true}]}}