{"id":125725,"date":"2025-12-25T18:13:09","date_gmt":"2025-12-25T18:13:09","guid":{"rendered":"https:\/\/www.europesays.com\/fi\/125725\/"},"modified":"2025-12-25T18:13:09","modified_gmt":"2025-12-25T18:13:09","slug":"grinch-elokuvan-pikkutytto-ja-jim-carrey-tapasivat-ensi-kertaa-25-vuoteen","status":"publish","type":"post","link":"https:\/\/www.europesays.com\/fi\/125725\/","title":{"rendered":"Grinch-elokuvan pikkutytt\u00f6 ja Jim Carrey tapasivat ensi kertaa 25 vuoteen"},"content":{"rendered":"<p>Taylor Momsen ja Jim Carrey eiv\u00e4t olleet tavanneet aikoihin.<\/p>\n<p class=\"article-body mb-nof-24 px-nof-16\">The Grinch -jouluelokuvan t\u00e4hden tapasivat ensimm\u00e4ist\u00e4 kertaa 25 vuoteen.<\/p>\n<p class=\"article-body mb-nof-24 px-nof-16\">Elokuvassa seurataan pikkutytt\u00f6 Cindy Lou Whon ja joulua vihaavan Grinchin yst\u00e4vystymist\u00e4. Cindy Louta n\u00e4ytellyt <a class=\"article-personlink\" href=\"https:\/\/www.is.fi\/haku\/?query=Taylor%20Momsen\" rel=\"nofollow noopener\" target=\"_blank\">Taylor Momsen <\/a>oli elokuvan aikaan vain 7-vuotias. Grinchi\u00e4 puolestaan n\u00e4yttelee <a class=\"article-personlink\" href=\"https:\/\/www.is.fi\/haku\/?query=Jim%20Carrey\" rel=\"nofollow noopener\" target=\"_blank\">Jim Carrey<\/a>.<\/p>\n<p class=\"article-body mb-nof-24 px-nof-16\"><a class=\"underline underline-offset-[0.12em] [text-decoration-thickness:var(--generic-link-underline-thickness)] [text-decoration-color:var(--generic-link-underline-color)] [text-decoration-skip-ink:var(--generic-link-underline-skip-ink)] break-words\" href=\"https:\/\/variety.com\/2025\/film\/news\/jim-carrey-taylor-momsen-the-grinch-1236573662\/\" rel=\"nofollow noopener\" target=\"_blank\">Variety<\/a>-lehden mukaan kaksikko tapasi aivan hiljattain ensimm\u00e4ist\u00e4 kertaa sen j\u00e4lkeen, kun he ty\u00f6skenteliv\u00e4t jouluklassikkoleffassa yhdess\u00e4. Tapaaminen oli ilmeisen l\u00e4mminhenkinen, ja kaksikko poseerasi yhdess\u00e4 iloisesti kameroille Rock and Roll Hall of Fame -j\u00e4senseremoniassa marraskuussa.<\/p>\n<p><img decoding=\"async\" src=\"https:\/\/www.europesays.com\/fi\/wp-content\/uploads\/2025\/12\/1766686389_916_468.jpg\" alt=\"Jim Carrey ja Taylor Momsen poseerasivat yhdess\u00e4 pitk\u00e4st\u00e4 aikaa.\" class=\"_Img_1rerz_1\" style=\"aspect-ratio:0.675\" loading=\"eager\"\/><\/p>\n<p class=\"article-picture-caption\">Jim Carrey ja Taylor Momsen poseerasivat yhdess\u00e4 pitk\u00e4st\u00e4 aikaa. Kuva:\u00a0AdMedia via ZUMA Press Wire<\/p>\n<p class=\"article-body mb-nof-24 px-nof-16\">Variety-lehden mukaan Momsen kehui vuolaasti sit\u00e4, miten Carrey ty\u00f6skenteli h\u00e4nen kanssaan lapsuudessa.<\/p>\n<p class=\"article-body mb-nof-24 px-nof-16\">\u2013 Rakastan sit\u00e4, miten suojeleva h\u00e4n oli. H\u00e4n oli aina mukava. Kuvaukset ja h\u00e4neen tutustuminen oli mahtavaa, vaikkakin h\u00e4nell\u00e4 oli aina hurjat maskeeraukset, Momsen kertoi.<\/p>\n<p class=\"article-body mb-nof-24 px-nof-16\">The Grinch -elokuvan lis\u00e4ksi Taylor Momsen on monille tuttu Gossip Girl -tv-sarjan Jenny Humphreyna. Momsen j\u00e4tti n\u00e4yttelemisen melko pian taakseen ja tekee nyky\u00e4\u00e4n uraa musiikin parissa. H\u00e4n on laulanut ja soittanut kitaraa The Pretty Reckless -yhtyeess\u00e4 vuodesta 2009.<\/p>\n","protected":false},"excerpt":{"rendered":"Taylor Momsen ja Jim Carrey eiv\u00e4t olleet tavanneet aikoihin. The Grinch -jouluelokuvan t\u00e4hden tapasivat ensimm\u00e4ist\u00e4 kertaa 25 vuoteen.&hellip;\n","protected":false},"author":2,"featured_media":125726,"comment_status":"","ping_status":"","sticky":false,"template":"","format":"standard","meta":{"footnotes":""},"categories":[136],"tags":[407,137,33,31,30,34,408,32,109],"class_list":{"0":"post-125725","1":"post","2":"type-post","3":"status-publish","4":"format-standard","5":"has-post-thumbnail","7":"category-julkkikset","8":"tag-celebrities","9":"tag-entertainment","10":"tag-fi","11":"tag-finland","12":"tag-finnish","13":"tag-ilta-sanomat","14":"tag-julkkikset","15":"tag-suomi","16":"tag-viihde"},"share_on_mastodon":{"url":"https:\/\/pubeurope.com\/@fi\/115781567030441572","error":""},"_links":{"self":[{"href":"https:\/\/www.europesays.com\/fi\/wp-json\/wp\/v2\/posts\/125725","targetHints":{"allow":["GET"]}}],"collection":[{"href":"https:\/\/www.europesays.com\/fi\/wp-json\/wp\/v2\/posts"}],"about":[{"href":"https:\/\/www.europesays.com\/fi\/wp-json\/wp\/v2\/types\/post"}],"author":[{"embeddable":true,"href":"https:\/\/www.europesays.com\/fi\/wp-json\/wp\/v2\/users\/2"}],"replies":[{"embeddable":true,"href":"https:\/\/www.europesays.com\/fi\/wp-json\/wp\/v2\/comments?post=125725"}],"version-history":[{"count":0,"href":"https:\/\/www.europesays.com\/fi\/wp-json\/wp\/v2\/posts\/125725\/revisions"}],"wp:featuredmedia":[{"embeddable":true,"href":"https:\/\/www.europesays.com\/fi\/wp-json\/wp\/v2\/media\/125726"}],"wp:attachment":[{"href":"https:\/\/www.europesays.com\/fi\/wp-json\/wp\/v2\/media?parent=125725"}],"wp:term":[{"taxonomy":"category","embeddable":true,"href":"https:\/\/www.europesays.com\/fi\/wp-json\/wp\/v2\/categories?post=125725"},{"taxonomy":"post_tag","embeddable":true,"href":"https:\/\/www.europesays.com\/fi\/wp-json\/wp\/v2\/tags?post=125725"}],"curies":[{"name":"wp","href":"https:\/\/api.w.org\/{rel}","templated":true}]}}