{"id":125727,"date":"2025-12-25T18:16:13","date_gmt":"2025-12-25T18:16:13","guid":{"rendered":"https:\/\/www.europesays.com\/fi\/125727\/"},"modified":"2025-12-25T18:16:13","modified_gmt":"2025-12-25T18:16:13","slug":"huutokauppakeisarista-tuttu-markku-tunnistamattomana-seiska","status":"publish","type":"post","link":"https:\/\/www.europesays.com\/fi\/125727\/","title":{"rendered":"Huutokauppakeisarista tuttu Markku tunnistamattomana | Seiska"},"content":{"rendered":"<p class=\"article-content article-content-width !bg-background\"><a alt=\"Haku\" class=\"text-primary-red font-extrabold\" href=\"https:\/\/www.seiska.fi\/haku?q=Markku Saukko\" rel=\"nofollow noopener\" target=\"_blank\">Markku Saukko<\/a> tunnetaan ennen kaikkea Suomen huutokauppakeisarin hattup\u00e4isen\u00e4 jokapaikanh\u00f6yl\u00e4n\u00e4. K\u00e4sist\u00e4\u00e4n k\u00e4tev\u00e4 nikkaroitsija ja idearikas vanhojen aarteiden tuunaaja vaihtaa kuitenkin tyyli\u00e4\u00e4n tarvittaessa. Asia selvi\u00e4\u00e4 Markun <a href=\"https:\/\/www.instagram.com\/markku.saukko\/?hl=fi\" aria-label=\"Markku Saukon Instagram\" target=\"_blank\" rel=\"nofollow noopener\">Instagram<\/a>-p\u00e4ivityksest\u00e4.<\/p>\n<p class=\"article-content article-content-width !bg-background\">Nostalgisessa otoksessa miehen tavaramerkiksi tullut lierihattu on viett\u00e4m\u00e4ss\u00e4 ansaittua joululomaa. Sen sijaan h\u00e4n on vet\u00e4nyt p\u00e4\u00e4h\u00e4ns\u00e4 paremmin vuodenaikaan sopivan asusteen, nimitt\u00e4in punaisen tonttulakin.<\/p>\n<p class=\"article-content article-content-width !bg-background\">Nietosajan partasuuksi pukeutuneena Markku onkin l\u00e4hes tunnistamaton.<\/p>\n<p>Joulutyyli ihastuttaa\u00a0<\/p>\n<p class=\"article-content article-content-width !bg-background\">Markun joulutyyli on ihastuttanut h\u00e4nen someseuraajiaan siin\u00e4 m\u00e4\u00e4rin, ett\u00e4 parin vuoden takainen joulukuva on ker\u00e4nnyt kommentteja l\u00e4hiaikoinakin.<\/p>\n<p class=\"article-content article-content-width !bg-background\"> \u2013\u00a0Pukin polvelle p\u00e4\u00e4see joku, er\u00e4s totesi keskell\u00e4 kes\u00e4\u00e4.<\/p>\n<p class=\"article-content article-content-width !bg-background\"> \u2013\u00a0Olet edustava Pukki, toinen hyv\u00e4ksyy.<\/p>\n<p class=\"article-content article-content-width !bg-background\"> \u2013 Komia on pukki ja ihanat tontut taustalla! yksi seuraajista kehuu.<\/p>\n<p>Tekee muutakin<\/p>\n<p class=\"article-content article-content-width !bg-background\"> Ohjelmassa\u00a0miehen tavaramerkiksi ovat jo mainitun hattutyylin lis\u00e4ksi muodostuneet h\u00e4nen Design by Markku -tuotteensa. Kyseess\u00e4 ovat Markun tuunaamat versiot vanhoista tavaroista, jotka sitten myyd\u00e4\u00e4n huutokaupassa. <\/p>\n<p class=\"article-content article-content-width !bg-background\">Mutta esiintymisell\u00e4\u00e4n katsojien syd\u00e4met sulattanut Markku tekee muutakin kuin auttelee sarjan p\u00e4\u00e4t\u00e4hti\u00e4 <a alt=\"Haku\" class=\"text-primary-red font-extrabold\" href=\"https:\/\/www.seiska.fi\/haku?q=Aki\" rel=\"nofollow noopener\" target=\"_blank\">Aki<\/a> ja <a alt=\"Haku\" class=\"text-primary-red font-extrabold\" href=\"https:\/\/www.seiska.fi\/haku?q=Heli Palsanm\u00e4ke\u00e4\" rel=\"nofollow noopener\" target=\"_blank\">Heli Palsanm\u00e4ke\u00e4<\/a> Hirvaskankaalla.\u00a0<\/p>\n<p class=\"article-content article-content-width !bg-background\">H\u00e4n on nimitt\u00e4in tehnyt kaivinkoneenkuljettajan hommia jo ainakin parisenkymment\u00e4 vuotta, mist\u00e4 h\u00e4n saikin Akilta lempinimen Mac Kaivuri. Ajan my\u00f6t\u00e4 lis\u00e4nimi taipui tuttuun muotoonsa\u00a0 Hirvaskankaan MacGyveriksi.<\/p>\n<p class=\"article-content article-content-width !bg-background\">Lis\u00e4ksi Markulta on ilmestynyt nikkarointiin liittyvi\u00e4 kirjoja.<\/p>\n<p><script async src=\"\/\/www.instagram.com\/embed.js\"><\/script><\/p>\n","protected":false},"excerpt":{"rendered":"Markku Saukko tunnetaan ennen kaikkea Suomen huutokauppakeisarin hattup\u00e4isen\u00e4 jokapaikanh\u00f6yl\u00e4n\u00e4. K\u00e4sist\u00e4\u00e4n k\u00e4tev\u00e4 nikkaroitsija ja idearikas vanhojen aarteiden tuunaaja vaihtaa&hellip;\n","protected":false},"author":2,"featured_media":125728,"comment_status":"","ping_status":"","sticky":false,"template":"","format":"standard","meta":{"footnotes":""},"categories":[133],"tags":[9516,137,33,31,30,9515,10369,6612,32,206,156,109],"class_list":{"0":"post-125727","1":"post","2":"type-post","3":"status-publish","4":"format-standard","5":"has-post-thumbnail","7":"category-televisiot","8":"tag-aki-palsanmaki","9":"tag-entertainment","10":"tag-fi","11":"tag-finland","12":"tag-finnish","13":"tag-heli-palsanmaki","14":"tag-markku-saukko","15":"tag-suomen-huutokauppakeisari","16":"tag-suomi","17":"tag-televisiot","18":"tag-tv","19":"tag-viihde"},"share_on_mastodon":{"url":"https:\/\/pubeurope.com\/@fi\/115781578572172152","error":""},"_links":{"self":[{"href":"https:\/\/www.europesays.com\/fi\/wp-json\/wp\/v2\/posts\/125727","targetHints":{"allow":["GET"]}}],"collection":[{"href":"https:\/\/www.europesays.com\/fi\/wp-json\/wp\/v2\/posts"}],"about":[{"href":"https:\/\/www.europesays.com\/fi\/wp-json\/wp\/v2\/types\/post"}],"author":[{"embeddable":true,"href":"https:\/\/www.europesays.com\/fi\/wp-json\/wp\/v2\/users\/2"}],"replies":[{"embeddable":true,"href":"https:\/\/www.europesays.com\/fi\/wp-json\/wp\/v2\/comments?post=125727"}],"version-history":[{"count":0,"href":"https:\/\/www.europesays.com\/fi\/wp-json\/wp\/v2\/posts\/125727\/revisions"}],"wp:featuredmedia":[{"embeddable":true,"href":"https:\/\/www.europesays.com\/fi\/wp-json\/wp\/v2\/media\/125728"}],"wp:attachment":[{"href":"https:\/\/www.europesays.com\/fi\/wp-json\/wp\/v2\/media?parent=125727"}],"wp:term":[{"taxonomy":"category","embeddable":true,"href":"https:\/\/www.europesays.com\/fi\/wp-json\/wp\/v2\/categories?post=125727"},{"taxonomy":"post_tag","embeddable":true,"href":"https:\/\/www.europesays.com\/fi\/wp-json\/wp\/v2\/tags?post=125727"}],"curies":[{"name":"wp","href":"https:\/\/api.w.org\/{rel}","templated":true}]}}