{"id":125729,"date":"2025-12-25T18:17:10","date_gmt":"2025-12-25T18:17:10","guid":{"rendered":"https:\/\/www.europesays.com\/fi\/125729\/"},"modified":"2025-12-25T18:17:10","modified_gmt":"2025-12-25T18:17:10","slug":"joulumantelin-xtraluukku-leena-valkoniemi-hyvaa-joulua-aiti","status":"publish","type":"post","link":"https:\/\/www.europesays.com\/fi\/125729\/","title":{"rendered":"Joulumantelin Xtraluukku: Leena Valkoniemi \u2013 Hyv\u00e4\u00e4 joulua \u00e4iti"},"content":{"rendered":"<p><strong>Joulu on tunteiden aikaa, ja monille meist\u00e4 se tuo mukanaan my\u00f6s ik\u00e4v\u00e4n poissaolevia l\u00e4heisi\u00e4mme kohtaan. <\/strong><\/p>\n<p>\u00a0<\/p>\n<p>\u2013 Tein t\u00e4m\u00e4n kappaleen oman \u00e4itini muistolle, jonka menetin liian varhain. T\u00e4m\u00e4 on minun tapani toivottaa h\u00e4nelle hyv\u00e4\u00e4 joulua, miss\u00e4 ikin\u00e4 h\u00e4n onkin. Toivon, ett\u00e4 se tuo lohtua my\u00f6s muille, joilla on ik\u00e4v\u00e4 jotakuta l\u00e4heist\u00e4 juhlapyhin\u00e4. Laulan t\u00e4m\u00e4n h\u00e4nelle ja kaikille rakkaillemme, jotka ovat poissa, Leena Vakoniemi kertoo.\u00a0<\/p>\n<p>\u00a0<\/p>\n<p>s\u00e4v.\/san: Leena Valkoniemi<br \/>sov. Tommi A. Ahonen<br \/>laulu: Leena Valkoniemi<br \/>video: Tommi A. Ahonen<br \/>\u00e4\u00e4nitys ja miksaus: Poprock Musiikkitalo<\/p>\n<p>\n\tAiheeseen liittyy<\/p>\n","protected":false},"excerpt":{"rendered":"Joulu on tunteiden aikaa, ja monille meist\u00e4 se tuo mukanaan my\u00f6s ik\u00e4v\u00e4n poissaolevia l\u00e4heisi\u00e4mme kohtaan. \u00a0 \u2013 Tein&hellip;\n","protected":false},"author":2,"featured_media":125730,"comment_status":"","ping_status":"","sticky":false,"template":"","format":"standard","meta":{"footnotes":""},"categories":[132],"tags":[137,33,31,30,195,47,32,109],"class_list":{"0":"post-125729","1":"post","2":"type-post","3":"status-publish","4":"format-standard","5":"has-post-thumbnail","7":"category-musiikki","8":"tag-entertainment","9":"tag-fi","10":"tag-finland","11":"tag-finnish","12":"tag-music","13":"tag-musiikki","14":"tag-suomi","15":"tag-viihde"},"share_on_mastodon":{"url":"https:\/\/pubeurope.com\/@fi\/115781582429304412","error":""},"_links":{"self":[{"href":"https:\/\/www.europesays.com\/fi\/wp-json\/wp\/v2\/posts\/125729","targetHints":{"allow":["GET"]}}],"collection":[{"href":"https:\/\/www.europesays.com\/fi\/wp-json\/wp\/v2\/posts"}],"about":[{"href":"https:\/\/www.europesays.com\/fi\/wp-json\/wp\/v2\/types\/post"}],"author":[{"embeddable":true,"href":"https:\/\/www.europesays.com\/fi\/wp-json\/wp\/v2\/users\/2"}],"replies":[{"embeddable":true,"href":"https:\/\/www.europesays.com\/fi\/wp-json\/wp\/v2\/comments?post=125729"}],"version-history":[{"count":0,"href":"https:\/\/www.europesays.com\/fi\/wp-json\/wp\/v2\/posts\/125729\/revisions"}],"wp:featuredmedia":[{"embeddable":true,"href":"https:\/\/www.europesays.com\/fi\/wp-json\/wp\/v2\/media\/125730"}],"wp:attachment":[{"href":"https:\/\/www.europesays.com\/fi\/wp-json\/wp\/v2\/media?parent=125729"}],"wp:term":[{"taxonomy":"category","embeddable":true,"href":"https:\/\/www.europesays.com\/fi\/wp-json\/wp\/v2\/categories?post=125729"},{"taxonomy":"post_tag","embeddable":true,"href":"https:\/\/www.europesays.com\/fi\/wp-json\/wp\/v2\/tags?post=125729"}],"curies":[{"name":"wp","href":"https:\/\/api.w.org\/{rel}","templated":true}]}}