{"id":125733,"date":"2025-12-25T18:21:11","date_gmt":"2025-12-25T18:21:11","guid":{"rendered":"https:\/\/www.europesays.com\/fi\/125733\/"},"modified":"2025-12-25T18:21:11","modified_gmt":"2025-12-25T18:21:11","slug":"avatar-fire-and-ash-lahestyy-ensimmaista-isoa-rajapyykkia","status":"publish","type":"post","link":"https:\/\/www.europesays.com\/fi\/125733\/","title":{"rendered":"Avatar: Fire and Ash l\u00e4hestyy ensimm\u00e4ist\u00e4 isoa rajapyykki\u00e4"},"content":{"rendered":"<p><strong>James Cameronin<\/strong> Avatar: Fire and Ash on ker\u00e4nnyt jo yli 450 miljoonaa dollaria globaalisti.<\/p>\n<p>N\u00e4ist\u00e4 119 miljoonaa on tullut Pohjois-Amerikasta ja 331 miljoonaa ulkomailta. Tiistain 16,5 miljoonan (USA) ja 34,3 miljoonan (kansainv\u00e4linen) lipputulot ovat osoitus siit\u00e4, ett\u00e4 leffan katsojaluvut eiv\u00e4t l\u00e4ss\u00e4ht\u00e4neet avausviikonloppuun.<\/p>\n<p>Lue my\u00f6s: <a href=\"https:\/\/www.episodi.fi\/uutiset\/suomen-teatteriviikonloppua-hallitsi-yksi-elokuva-ylhaisessa-yksinaisyydessaan\/\" title=\"Suomen teatteriviikonloppua hallitsi yksi elokuva \u2013 ylh\u00e4isess\u00e4 yksin\u00e4isyydess\u00e4\u00e4n\" class=\"underline-custom !font-montserrat !font-bold !underline-offset-4 !decoration-4 !decoration-episodi-blue !text-md\" rel=\"nofollow noopener\" target=\"_blank\">Suomen teatteriviikonloppua hallitsi yksi elokuva \u2013 ylh\u00e4isess\u00e4 yksin\u00e4isyydess\u00e4\u00e4n<\/a><\/p>\n<p>Lue my\u00f6s: <a href=\"https:\/\/www.episodi.fi\/uutiset\/avatar-fire-and-ash-avasi-usassa-lahes-50-miljoonaa-heikommin-kuin-the-way-of-water\/\" title=\"Avatar: Fire and Ash avasi USA:ssa l\u00e4hes 50 miljoonaa heikommin kuin The Way of Water\" class=\"underline-custom !font-montserrat !font-bold !underline-offset-4 !decoration-4 !decoration-episodi-blue !text-md\" rel=\"nofollow noopener\" target=\"_blank\">Avatar: Fire and Ash avasi USA:ssa l\u00e4hes 50 miljoonaa heikommin kuin The Way of Water<\/a><\/p>\n<p>Avatar: Fire and Ashin t\u00e4ht\u00e4imess\u00e4 on noin 75\u201380 miljoonan dollarin joulukassa. <\/p>\n<p>Puoli miljardia menee siis rikki ja mahdollisesti miljardikin. Ykk\u00f6selokuvan (2,9 miljardia) ja kakkoselokuvan (2,3 miljardia) tuottoihin on sen sijaan viel\u00e4 matkaa.<\/p>\n<p>Avatar: Fire and Ash maksoi noin 400 miljoonaa.<\/p>\n<p>L\u00e4hde: <a href=\"https:\/\/variety.com\/2025\/film\/box-office\/avatar-fire-and-ash-box-office-holiday-1236617143\/\" rel=\"nofollow noopener\" target=\"_blank\">Variety<\/a><\/p>\n<p>Lue my\u00f6s: <a href=\"https:\/\/www.episodi.fi\/uutiskirje\/?uutiskirjemainos=tekstilinkkimainos\" title=\"Tilaa Episodin uutiskirje ja voit voittaa leffalippuja! Nappaa tv-vinkit suoraan s\u00e4hk\u00f6postiin t\u00e4st\u00e4.\" class=\"underline-custom !font-montserrat !font-bold !underline-offset-4 !decoration-4 !decoration-episodi-blue !text-md\" rel=\"nofollow noopener\" target=\"_blank\">Tilaa Episodin uutiskirje ja voit voittaa leffalippuja! Nappaa katseluvinkit suoraan s\u00e4hk\u00f6postiin t\u00e4st\u00e4.<\/a><\/p>\n<p>\t\t\t<a href=\"https:\/\/www.facebook.com\/sharer\/sharer.php?u=https:\/\/www.episodi.fi\/uutiset\/avatar-fire-and-ash-lahestyy-ensimmaista-isoa-rajapyykkia\/\" target=\"_blank\" class=\"block px-4 py-2 text-sm text-gray-800 border-b hover:bg-gray-200\" rel=\"nofollow noopener\"><\/p>\n<p>\t\t\t\tFacebook<br \/>\n\t\t\t<\/a><br \/>\n\t\t\t<a href=\"https:\/\/twitter.com\/intent\/tweet?text=https:\/\/www.episodi.fi\/uutiset\/avatar-fire-and-ash-lahestyy-ensimmaista-isoa-rajapyykkia\/\" target=\"_blank\" class=\"block px-4 py-2 text-sm text-gray-800 border-b hover:bg-gray-200\" rel=\"nofollow noopener\"><\/p>\n<p>\t\t\t\tTwitter<br \/>\n\t\t\t<\/a><br \/>\n\t\t\t<a href=\"mailto:?subject=Avatar: Fire and Ash l\u00e4hestyy ensimm\u00e4ist\u00e4 isoa rajapyykki\u00e4&amp;body=https:\/\/www.episodi.fi\/uutiset\/avatar-fire-and-ash-lahestyy-ensimmaista-isoa-rajapyykkia\/\" target=\"_blank\" class=\"block px-4 py-2 text-sm text-gray-800 border-b hover:bg-gray-200\"><\/p>\n<p>\t\t\t\tS\u00e4hk\u00f6posti<\/a><\/p>\n<p>\t\t\t\t<script async src=\"https:\/\/platform.twitter.com\/widgets.js\" charset=\"utf-8\"><\/script><\/p>\n","protected":false},"excerpt":{"rendered":"James Cameronin Avatar: Fire and Ash on ker\u00e4nnyt jo yli 450 miljoonaa dollaria globaalisti. N\u00e4ist\u00e4 119 miljoonaa on&hellip;\n","protected":false},"author":2,"featured_media":122505,"comment_status":"","ping_status":"","sticky":false,"template":"","format":"standard","meta":{"footnotes":""},"categories":[130],"tags":[1093,137,33,31,30,32,109],"class_list":{"0":"post-125733","1":"post","2":"type-post","3":"status-publish","4":"format-standard","5":"has-post-thumbnail","7":"category-viihde","8":"tag-avatar-fire-and-ash","9":"tag-entertainment","10":"tag-fi","11":"tag-finland","12":"tag-finnish","13":"tag-suomi","14":"tag-viihde"},"share_on_mastodon":{"url":"https:\/\/pubeurope.com\/@fi\/115781598141076736","error":""},"_links":{"self":[{"href":"https:\/\/www.europesays.com\/fi\/wp-json\/wp\/v2\/posts\/125733","targetHints":{"allow":["GET"]}}],"collection":[{"href":"https:\/\/www.europesays.com\/fi\/wp-json\/wp\/v2\/posts"}],"about":[{"href":"https:\/\/www.europesays.com\/fi\/wp-json\/wp\/v2\/types\/post"}],"author":[{"embeddable":true,"href":"https:\/\/www.europesays.com\/fi\/wp-json\/wp\/v2\/users\/2"}],"replies":[{"embeddable":true,"href":"https:\/\/www.europesays.com\/fi\/wp-json\/wp\/v2\/comments?post=125733"}],"version-history":[{"count":0,"href":"https:\/\/www.europesays.com\/fi\/wp-json\/wp\/v2\/posts\/125733\/revisions"}],"wp:featuredmedia":[{"embeddable":true,"href":"https:\/\/www.europesays.com\/fi\/wp-json\/wp\/v2\/media\/122505"}],"wp:attachment":[{"href":"https:\/\/www.europesays.com\/fi\/wp-json\/wp\/v2\/media?parent=125733"}],"wp:term":[{"taxonomy":"category","embeddable":true,"href":"https:\/\/www.europesays.com\/fi\/wp-json\/wp\/v2\/categories?post=125733"},{"taxonomy":"post_tag","embeddable":true,"href":"https:\/\/www.europesays.com\/fi\/wp-json\/wp\/v2\/tags?post=125733"}],"curies":[{"name":"wp","href":"https:\/\/api.w.org\/{rel}","templated":true}]}}